{"id":350394,"date":"2025-08-28T17:41:26","date_gmt":"2025-08-28T17:41:26","guid":{"rendered":"https:\/\/www.europesays.com\/fr\/350394\/"},"modified":"2025-08-28T17:41:26","modified_gmt":"2025-08-28T17:41:26","slug":"retour-au-trafic-normal-prevu-vendredi-matin-lexpress","status":"publish","type":"post","link":"https:\/\/www.europesays.com\/fr\/350394\/","title":{"rendered":"retour au \u00ab\u00a0trafic normal\u00a0\u00bb pr\u00e9vu vendredi matin \u2013 L&rsquo;Express"},"content":{"rendered":"<p class=\"paragraph article-body-paragraph article__item   article-body-paragraph--first \">Depuis jeudi matin, la ligne \u00e0 grande vitesse Sud-Est conna\u00eet de fortes perturbations, dans les deux sens, avec des retards pouvant aller jusqu&rsquo;\u00e0 2 heures, affirme SNCF voyageurs sur son site internet.<\/p>\n<p class=\"paragraph article-body-paragraph article__item   \">La gare Paris Gare de Lyon affiche cependant des retards de 4H20 pour un TGV Lausanne &#8211; Paris, ou encore 3H30 pour un train Lyon Part-Dieu &#8211; Paris, sur le site internet de la SNCF Gare et Connexions.<\/p>\n<p class=\"paragraph article-body-paragraph article__item   \">Le diagnostic technique a \u00e9t\u00e9 r\u00e9alis\u00e9 et les travaux de r\u00e9tablissement des installations vont durer plusieurs heures, pr\u00e9cise SNCF Voyageurs. <\/p>\n<p class=\"paragraph article-body-paragraph article__item   \">Le vol de c\u00e2bles a eu lieu en Bourgogne, indique SNCF R\u00e9seau aupr\u00e8s de l&rsquo;AFP, qui pr\u00e9cise que ses \u00e9quipes travailleront dans la nuit de jeudi \u00e0 vendredi afin de ne pas couper compl\u00e8tement de trafic de voyageurs.<\/p>\n<p class=\"paragraph article-body-paragraph article__item    article__text__endpicto\">Afin d&rsquo;\u00e9viter la zone de l&rsquo;incident certains trains empruntent un itin\u00e9raire alternatif via la ligne classique, compl\u00e8te SNCF Voyageurs.<\/p>\n","protected":false},"excerpt":{"rendered":"Depuis jeudi matin, la ligne \u00e0 grande vitesse Sud-Est conna\u00eet de fortes perturbations, dans les deux sens, avec&hellip;\n","protected":false},"author":2,"featured_media":350395,"comment_status":"","ping_status":"","sticky":false,"template":"","format":"standard","meta":{"footnotes":""},"categories":[1888],"tags":[11,1777,674,1011,27,12,626,25,104],"class_list":{"0":"post-350394","1":"post","2":"type-post","3":"status-publish","4":"format-standard","5":"has-post-thumbnail","7":"category-paris","8":"tag-actualites","9":"tag-eu","10":"tag-europe","11":"tag-fr","12":"tag-france","13":"tag-news","14":"tag-paris","15":"tag-republique-francaise","16":"tag-societe"},"share_on_mastodon":{"url":"https:\/\/pubeurope.com\/@fr\/115107625941752143","error":""},"_links":{"self":[{"href":"https:\/\/www.europesays.com\/fr\/wp-json\/wp\/v2\/posts\/350394","targetHints":{"allow":["GET"]}}],"collection":[{"href":"https:\/\/www.europesays.com\/fr\/wp-json\/wp\/v2\/posts"}],"about":[{"href":"https:\/\/www.europesays.com\/fr\/wp-json\/wp\/v2\/types\/post"}],"author":[{"embeddable":true,"href":"https:\/\/www.europesays.com\/fr\/wp-json\/wp\/v2\/users\/2"}],"replies":[{"embeddable":true,"href":"https:\/\/www.europesays.com\/fr\/wp-json\/wp\/v2\/comments?post=350394"}],"version-history":[{"count":0,"href":"https:\/\/www.europesays.com\/fr\/wp-json\/wp\/v2\/posts\/350394\/revisions"}],"wp:featuredmedia":[{"embeddable":true,"href":"https:\/\/www.europesays.com\/fr\/wp-json\/wp\/v2\/media\/350395"}],"wp:attachment":[{"href":"https:\/\/www.europesays.com\/fr\/wp-json\/wp\/v2\/media?parent=350394"}],"wp:term":[{"taxonomy":"category","embeddable":true,"href":"https:\/\/www.europesays.com\/fr\/wp-json\/wp\/v2\/categories?post=350394"},{"taxonomy":"post_tag","embeddable":true,"href":"https:\/\/www.europesays.com\/fr\/wp-json\/wp\/v2\/tags?post=350394"}],"curies":[{"name":"wp","href":"https:\/\/api.w.org\/{rel}","templated":true}]}}