{"id":350396,"date":"2025-08-28T17:42:15","date_gmt":"2025-08-28T17:42:15","guid":{"rendered":"https:\/\/www.europesays.com\/fr\/350396\/"},"modified":"2025-08-28T17:42:15","modified_gmt":"2025-08-28T17:42:15","slug":"lattaque-russe-sur-kiev-ayant-fait-19-morts-provoque-un-tolle-chez-les-europeens","status":"publish","type":"post","link":"https:\/\/www.europesays.com\/fr\/350396\/","title":{"rendered":"l\u2019attaque russe sur Kiev ayant fait 19 morts provoque un toll\u00e9 chez les Europ\u00e9ens"},"content":{"rendered":"<p>Nouvelles sc\u00e8nes d\u2019horreur en Ukraine\u00a0: <a target=\"_self\" href=\"https:\/\/www.lanouvellerepublique.fr\/a-la-une\/guerre-en-ukraine-14-morts-a-kiev-dont-des-enfants-suite-a-des-frappes-russes-de-forte-ampleur-1756385272\" rel=\"nofollow noopener\">des missiles et des drones russes ont \u00e9ventr\u00e9<\/a>, dans la nuit de mercredi \u00e0 jeudi 28\u00a0ao\u00fbt, des immeubles d\u2019habitation \u00e0 Kiev, causant la mort d\u2019au moins 19 personnes, dont quatre enfants, et faisant au moins 52 bless\u00e9s. Au cours de cette attaque nocturne, les forces russes ont tir\u00e9 598 drones et 31 missiles sur l\u2019Ukraine, selon l\u2019arm\u00e9e de l\u2019air ukrainienne.<\/p>\n<p>\u00ab\u00a0Ces terribles attaques menacent la paix que le pr\u00e9sident des \u00c9tats-Unis cherche \u00e0 obtenir\u00a0\u00bb, a d\u00e9clar\u00e9 son \u00e9missaire pour l\u2019Ukraine, Keith Kellogg, soulignant que des \u00ab\u00a0civils innocents\u00a0\u00bb ont p\u00e9ri et que des repr\u00e9sentations de l\u2019Union europ\u00e9enne et britannique dans la capitale ukrainienne ont \u00e9t\u00e9 endommag\u00e9es. En cons\u00e9quence, l\u2019UE et le Royaume-Uni ont respectivement convoqu\u00e9 les ambassadeurs russes \u00e0 Bruxelles et \u00e0 Londres.<\/p>\n<p>Des \u00ab\u00a0attaques insens\u00e9es d\u2019une grande cruaut\u00e9\u00a0\u00bb<\/p>\n<p>L\u2019attaque russe a \u00e9galement attis\u00e9 les r\u00e9probations des diplomaties europ\u00e9ennes. La Russie \u00ab\u00a0ne recule devant rien\u00a0\u00bb pour \u00ab\u00a0terroriser\u00a0\u00bb l\u2019Ukraine, a r\u00e9agi la pr\u00e9sidente de la Commission europ\u00e9enne, Ursula von\u00a0der\u00a0Leyen. Le chef de l\u2019\u00c9tat russe \u00ab\u00a0tue des enfants et des civils et sabote les espoirs de paix\u00a0\u00bb, s\u2019est, quant \u00e0 lui, emport\u00e9 le premier ministre Britannique, Keir Starmer. Emmanuel Macron a, lui, fustig\u00e9 Moscou pour ces \u00ab\u00a0attaques insens\u00e9es d\u2019une grande cruaut\u00e9\u00a0\u00bb, parlant de \u00ab\u00a0terreur\u00a0\u00bb et de \u00ab\u00a0barbarie\u00a0\u00bb. Pour le chancelier allemand, Friedrich Merz, la Russie a \u00ab\u00a0de nouveau montr\u00e9 son vrai visage\u00a0\u00bb et \u00ab\u00a0a de moins en moins de scrupules\u00a0\u00bb.\ufeff\ufeff<\/p>\n<p>La Russie veut atteindre ses \u00ab\u00a0objectifs\u00a0\u00bb<\/p>\n<p>Le pr\u00e9sident ukrainien, Volodymyr Zelensky, a pour sa part accus\u00e9 Moscou de pr\u00e9f\u00e9rer \u00ab\u00a0continuer \u00e0 tuer\u00a0\u00bb plut\u00f4t que de n\u00e9gocier la paix, alors que les perspectives d\u2019une rencontre avec son homologue russe <a target=\"_self\" href=\"https:\/\/www.lanouvellerepublique.fr\/a-la-une\/guerre-en-ukraine-les-pourparlers-de-paix-avec-la-russie-s-enlisent-1756049096\" rel=\"nofollow noopener\">se sont consid\u00e9rablement r\u00e9duites ces derniers jours<\/a>. \u00ab\u00a0Toutes les \u00e9ch\u00e9ances ont d\u00e9j\u00e0 \u00e9t\u00e9 d\u00e9pass\u00e9es, des dizaines d\u2019opportunit\u00e9s diplomatiques ont \u00e9t\u00e9 g\u00e2ch\u00e9es\u00a0\u00bb, a d\u00e9nonc\u00e9 le dirigeant ukrainien. Le porte-parole du Kremlin, Dmitri Peskov, a assur\u00e9 jeudi que la Russie restait \u00ab\u00a0int\u00e9ress\u00e9e\u00a0\u00bb par des n\u00e9gociations de paix avec l\u2019Ukraine, mais qu\u2019elle poursuivrait ses frappes tant que ses \u00ab\u00a0objectifs\u00a0\u00bb ne seraient pas atteints.<\/p>\n<p>Pour mettre fin \u00e0 son assaut, la Russie r\u00e9clame notamment que l\u2019Ukraine lui c\u00e8de quatre r\u00e9gions partiellement occup\u00e9es, en plus de la Crim\u00e9e annex\u00e9e en 2014, et renonce \u00e0 int\u00e9grer l\u2019Alliance atlantique. Kiev juge ces demandes inacceptables. Avant la conclusion d\u2019un hypoth\u00e9tique accord de paix, l\u2019Ukraine veut de surcro\u00eet obtenir des garanties de s\u00e9curit\u00e9 des Occidentaux, afin de dissuader le Kremlin de toute nouvelle attaque.<\/p>\n","protected":false},"excerpt":{"rendered":"Nouvelles sc\u00e8nes d\u2019horreur en Ukraine\u00a0: des missiles et des drones russes ont \u00e9ventr\u00e9, dans la nuit de mercredi&hellip;\n","protected":false},"author":2,"featured_media":350397,"comment_status":"","ping_status":"","sticky":false,"template":"","format":"standard","meta":{"footnotes":""},"categories":[1591],"tags":[328,11,1887,329,74,12,1885,1886,132,220],"class_list":{"0":"post-350396","1":"post","2":"type-post","3":"status-publish","4":"format-standard","5":"has-post-thumbnail","7":"category-russie","8":"tag-a-la-une","9":"tag-actualites","10":"tag-federation-de-russie","11":"tag-france-monde","12":"tag-monde","13":"tag-news","14":"tag-russia","15":"tag-russian-federation","16":"tag-russie","17":"tag-ukraine"},"share_on_mastodon":{"url":"https:\/\/pubeurope.com\/@fr\/115107630421118283","error":""},"_links":{"self":[{"href":"https:\/\/www.europesays.com\/fr\/wp-json\/wp\/v2\/posts\/350396","targetHints":{"allow":["GET"]}}],"collection":[{"href":"https:\/\/www.europesays.com\/fr\/wp-json\/wp\/v2\/posts"}],"about":[{"href":"https:\/\/www.europesays.com\/fr\/wp-json\/wp\/v2\/types\/post"}],"author":[{"embeddable":true,"href":"https:\/\/www.europesays.com\/fr\/wp-json\/wp\/v2\/users\/2"}],"replies":[{"embeddable":true,"href":"https:\/\/www.europesays.com\/fr\/wp-json\/wp\/v2\/comments?post=350396"}],"version-history":[{"count":0,"href":"https:\/\/www.europesays.com\/fr\/wp-json\/wp\/v2\/posts\/350396\/revisions"}],"wp:featuredmedia":[{"embeddable":true,"href":"https:\/\/www.europesays.com\/fr\/wp-json\/wp\/v2\/media\/350397"}],"wp:attachment":[{"href":"https:\/\/www.europesays.com\/fr\/wp-json\/wp\/v2\/media?parent=350396"}],"wp:term":[{"taxonomy":"category","embeddable":true,"href":"https:\/\/www.europesays.com\/fr\/wp-json\/wp\/v2\/categories?post=350396"},{"taxonomy":"post_tag","embeddable":true,"href":"https:\/\/www.europesays.com\/fr\/wp-json\/wp\/v2\/tags?post=350396"}],"curies":[{"name":"wp","href":"https:\/\/api.w.org\/{rel}","templated":true}]}}