{"id":350398,"date":"2025-08-28T17:43:15","date_gmt":"2025-08-28T17:43:15","guid":{"rendered":"https:\/\/www.europesays.com\/fr\/350398\/"},"modified":"2025-08-28T17:43:15","modified_gmt":"2025-08-28T17:43:15","slug":"pluie-de-bombes-meurtrieres-sur-kiev-les-efforts-pour-la-paix-menaces-denonce-washington","status":"publish","type":"post","link":"https:\/\/www.europesays.com\/fr\/350398\/","title":{"rendered":"Pluie de bombes meurtri\u00e8res sur Kiev, les efforts pour la paix \u00ab\u00a0menac\u00e9s\u00a0\u00bb, d\u00e9nonce Washington"},"content":{"rendered":"<p>Vous avez rat\u00e9 les derniers \u00e9v\u00e9nements sur la <a href=\"https:\/\/www.20minutes.fr\/monde\/ukraine\/\" target=\"_blank\" class=\"c-link c-link--is-underlined\" rel=\"noopener\">guerre en Ukraine<\/a>\u00a0? 20 Minutes fait le point pour vous tous les soirs. Voici l\u2019essentiel de ce jeudi 28\u00a0ao\u00fbt, 1.282e jour du conflit.<\/p>\n<p>Le fait du jour<\/p>\n<p>Les condamnations sont unanimes. Cette nuit, les <a href=\"https:\/\/www.20minutes.fr\/monde\/ukraine\/4169926-20250828-guerre-ukraine-defense-antiaerienne-kiev-train-flancher\" target=\"_blank\" class=\"c-link c-link--is-underlined\" rel=\"noopener\">alertes a\u00e9riennes ont une nouvelle fois retenti<\/a> dans la capitale ukrainienne et les bombes russes ont \u00e9t\u00e9 meurtri\u00e8res. Pas moins de 629 drones et missiles ont \u00e9t\u00e9 lanc\u00e9s lors de cette attaque nocturne, selon l\u2019arm\u00e9e ukrainienne. Ils ont \u00e9ventr\u00e9 des immeubles d\u2019habitation \u00e0 <a href=\"https:\/\/www.20minutes.fr\/dossier\/kiev\" target=\"_blank\" class=\"c-link c-link--is-underlined\" rel=\"noopener\">Kiev<\/a>, causant la mort d\u2019au moins 17 personnes, dont quatre enfants.<\/p>\n<\/p>\n<p><a href=\"https:\/\/www.20minutes.fr\/monde\/volodymyr-zelensky\/\" target=\"_blank\" class=\"c-link c-link--is-underlined\" rel=\"noopener\">Volodymyr Zelensky<\/a> a, dans la foul\u00e9e, accus\u00e9 Moscou de pr\u00e9f\u00e9rer \u00ab\u00a0continuer \u00e0 tuer\u00a0\u00bb plut\u00f4t que n\u00e9gocier la paix. La <a href=\"https:\/\/www.20minutes.fr\/monde\/russie\/\" target=\"_blank\" class=\"c-link c-link--is-underlined\" rel=\"noopener\">Russie<\/a> \u00ab\u00a0ne recule devant rien\u00a0\u00bb pour la \u00ab\u00a0terroriser\u00a0\u00bb, a r\u00e9agi la pr\u00e9sidente de la Commission europ\u00e9enne <a href=\"https:\/\/www.20minutes.fr\/politique\/ursula-von-der-leyen\/\" target=\"_blank\" class=\"c-link c-link--is-underlined\" rel=\"noopener\">Ursula von\u00a0der\u00a0Leyen<\/a>.<\/p>\n<p>Les locaux de la d\u00e9l\u00e9gation de l\u2019UE dans le centre de la capitale ukrainienne ont \u00e9t\u00e9 endommag\u00e9s pendant cette attaque nocturne. L\u2019<a href=\"https:\/\/www.20minutes.fr\/dossier\/ue\" target=\"_blank\" class=\"c-link c-link--is-underlined\" rel=\"noopener\">Union europ\u00e9enne<\/a> et le Royaume-Uni ont respectivement convoqu\u00e9 les ambassadeurs russes \u00e0 Bruxelles et \u00e0 Londres. \u00ab\u00a0629 missiles et drones en une nuit sur l\u2019Ukraine\u00a0: voil\u00e0 la volont\u00e9 de paix de la Russie. Terreur et barbarie\u00a0\u00bb, a comment\u00e9 <a href=\"https:\/\/www.20minutes.fr\/politique\/emmanuel-macron\/\" target=\"_blank\" class=\"c-link c-link--is-underlined\" rel=\"noopener\">Emmanuel Macron<\/a> sur X. Le chef de l\u2019Etat russe <a href=\"https:\/\/www.20minutes.fr\/monde\/vladimir_poutine\/\" target=\"_blank\" class=\"c-link c-link--is-underlined\" rel=\"noopener\">Vladimir Poutine<\/a> \u00ab\u00a0tue des enfants et des civils et sabote les espoirs de paix\u00a0\u00bb, s\u2019est de son c\u00f4t\u00e9 emport\u00e9 le Premier ministre Britannique <a href=\"https:\/\/www.20minutes.fr\/monde\/keir-starmer\/\" target=\"_blank\" class=\"c-link c-link--is-underlined\" rel=\"noopener\">Keir Starmer<\/a>.<\/p>\n<p>La d\u00e9claration du jour<\/p>\n<blockquote class=\"mx-m@xs mx-xxl@md color-ultramarine c-citation\">\n<p class=\"font-weight-regular@xs text-italic font-source-serif-pro text-l@xs c-citation__content\">\u00ab\u00a0Ces terribles attaques menacent la paix que le pr\u00e9sident des Etats-Unis cherche \u00e0 obtenir\u00a0\u00bb<\/p>\n<\/blockquote>\n<p>Les d\u00e9marches diplomatiques se sont acc\u00e9l\u00e9r\u00e9es ces derni\u00e8res semaines sous la houlette du pr\u00e9sident am\u00e9ricain. Mais elles n\u2019ont pas donn\u00e9 de r\u00e9sultats concrets et l\u2019arm\u00e9e russe a intensifi\u00e9 ses bombardements. Cette derni\u00e8re attaque fragilise encore les efforts am\u00e9ricains.<\/p>\n<p>Keith Kellogg, l\u2019\u00e9missaire sp\u00e9cial de <a href=\"https:\/\/www.20minutes.fr\/dossier\/donald_trump\" target=\"_blank\" class=\"c-link c-link--is-underlined\" rel=\"noopener\">Donald Trump<\/a> pour l\u2019Ukraine, a ainsi condamn\u00e9 \u00ab\u00a0ces terribles attaques\u00a0\u00bb qui \u00ab\u00a0menacent la paix que le pr\u00e9sident des <a href=\"https:\/\/www.20minutes.fr\/monde\/etats-unis\/\" target=\"_blank\" class=\"c-link c-link--is-underlined\" rel=\"noopener\">Etats-Unis<\/a> cherche \u00e0 obtenir\u00a0\u00bb.<\/p>\n<p>Le chiffre du jour<\/p>\n<p>4,8\u00a0%. La <a href=\"https:\/\/www.20minutes.fr\/dossier\/pologne\" target=\"_blank\" class=\"c-link c-link--is-underlined\" rel=\"noopener\">Pologne<\/a> augmentera son budget consacr\u00e9 \u00e0 la d\u00e9fense l\u2019ann\u00e9e prochaine \u00e0 4,8\u00a0% de son PIB, a annonc\u00e9 jeudi le ministre des Finances en pr\u00e9sentant le projet de budget pour\u00a02026.<\/p>\n<p>Voisine de l\u2019Ukraine, de la <a href=\"https:\/\/www.20minutes.fr\/monde\/bielorussie\/\" target=\"_blank\" class=\"c-link c-link--is-underlined\" rel=\"noopener\">Bi\u00e9lorussie<\/a> et de la Russie, cet Etat membre de l\u2019Otan augmente depuis des ann\u00e9es son budget militaire. Cette ann\u00e9e, il s\u2019est \u00e9lev\u00e9 \u00e0 4,7\u00a0% de son produit int\u00e9rieur brut.<\/p>\n<p>Craignant la menace russe, la Pologne s\u2019est lanc\u00e9e depuis plusieurs ann\u00e9es dans un programme de modernisation rapide de son arm\u00e9e, avec des contrats d\u2019achat d\u2019armements, \u00e0 coups de milliards de zlotys, principalement aux Etats-Unis et en <a href=\"https:\/\/www.20minutes.fr\/dossier\/coree_du_sud\" target=\"_blank\" class=\"c-link c-link--is-underlined\" rel=\"noopener\">Cor\u00e9e du Sud<\/a>.<\/p>\n<p>La tendance<\/p>\n<p>En plus de son attaque nocturne sur Kiev, l\u2019arm\u00e9e russe a frapp\u00e9 un navire de guerre ukrainien, faisant un mort, plusieurs bless\u00e9s et des disparus, a annonc\u00e9 jeudi le porte-parole de la marine ukrainienne.<\/p>\n<p><a href=\"https:\/\/www.20minutes.fr\/monde\/ukraine\/\" target=\"_blank\" class=\"c-link c-btn c-btn--primary\" rel=\"noopener\">Nos derniers articles sur la guerre en Ukraine<\/a><\/p>\n<p>Le minist\u00e8re russe de la D\u00e9fense a affirm\u00e9 de son c\u00f4t\u00e9 que cette op\u00e9ration avait \u00e9t\u00e9 r\u00e9alis\u00e9e \u00e0 l\u2019embouchure du Danube \u00e0 l\u2019aide d\u2019un drone maritime, une relative nouveaut\u00e9 pour les forces russes.<\/p>\n<p>La Russie a d\u00e9j\u00e0 \u00ab\u00a0tent\u00e9\u00a0\u00bb d\u2019effectuer ce genre d\u2019attaques \u00ab\u00a0avant\u00a0\u00bb mais elles demeurent \u00ab\u00a0rares\u00a0\u00bb, a comment\u00e9 ce porte-parole alors que l\u2019Ukraine a r\u00e9ussi ces derni\u00e8res ann\u00e9es \u00e0 \u00e9loigner la flotte russe du sud-ouest de la mer Noire.<\/p>\n","protected":false},"excerpt":{"rendered":"Vous avez rat\u00e9 les derniers \u00e9v\u00e9nements sur la guerre en Ukraine\u00a0? 20 Minutes fait le point pour vous&hellip;\n","protected":false},"author":2,"featured_media":350399,"comment_status":"","ping_status":"","sticky":false,"template":"","format":"standard","meta":{"footnotes":""},"categories":[1590],"tags":[47,11,48665,1777,674,131,74,1916,12,2437,132,220,135,134],"class_list":{"0":"post-350398","1":"post","2":"type-post","3":"status-publish","4":"format-standard","5":"has-post-thumbnail","7":"category-ukraine","8":"tag-actualite","9":"tag-actualites","10":"tag-danube","11":"tag-eu","12":"tag-europe","13":"tag-guerre-en-ukraine","14":"tag-monde","15":"tag-moscou","16":"tag-news","17":"tag-pologne","18":"tag-russie","19":"tag-ukraine","20":"tag-vladimir-poutine","21":"tag-volodymyr-zelensky"},"share_on_mastodon":{"url":"https:\/\/pubeurope.com\/@fr\/115107633911368109","error":""},"_links":{"self":[{"href":"https:\/\/www.europesays.com\/fr\/wp-json\/wp\/v2\/posts\/350398","targetHints":{"allow":["GET"]}}],"collection":[{"href":"https:\/\/www.europesays.com\/fr\/wp-json\/wp\/v2\/posts"}],"about":[{"href":"https:\/\/www.europesays.com\/fr\/wp-json\/wp\/v2\/types\/post"}],"author":[{"embeddable":true,"href":"https:\/\/www.europesays.com\/fr\/wp-json\/wp\/v2\/users\/2"}],"replies":[{"embeddable":true,"href":"https:\/\/www.europesays.com\/fr\/wp-json\/wp\/v2\/comments?post=350398"}],"version-history":[{"count":0,"href":"https:\/\/www.europesays.com\/fr\/wp-json\/wp\/v2\/posts\/350398\/revisions"}],"wp:featuredmedia":[{"embeddable":true,"href":"https:\/\/www.europesays.com\/fr\/wp-json\/wp\/v2\/media\/350399"}],"wp:attachment":[{"href":"https:\/\/www.europesays.com\/fr\/wp-json\/wp\/v2\/media?parent=350398"}],"wp:term":[{"taxonomy":"category","embeddable":true,"href":"https:\/\/www.europesays.com\/fr\/wp-json\/wp\/v2\/categories?post=350398"},{"taxonomy":"post_tag","embeddable":true,"href":"https:\/\/www.europesays.com\/fr\/wp-json\/wp\/v2\/tags?post=350398"}],"curies":[{"name":"wp","href":"https:\/\/api.w.org\/{rel}","templated":true}]}}