{"id":350400,"date":"2025-08-28T17:44:15","date_gmt":"2025-08-28T17:44:15","guid":{"rendered":"https:\/\/www.europesays.com\/fr\/350400\/"},"modified":"2025-08-28T17:44:15","modified_gmt":"2025-08-28T17:44:15","slug":"trump-veut-poursuivre-les-soros-pour-le-financement-de-mouvements-violents-aux-usa","status":"publish","type":"post","link":"https:\/\/www.europesays.com\/fr\/350400\/","title":{"rendered":"Trump veut poursuivre les Soros pour le financement de mouvements violents aux USA"},"content":{"rendered":"<p>Donald Trump veut taper fort. Sur son r\u00e9seau social <a href=\"https:\/\/truthsocial.com\/@realDonaldTrump\/posts\/115100792784831675\" rel=\"nofollow noopener\" target=\"_blank\">Truth Social<\/a>, le pr\u00e9sident am\u00e9ricain a relanc\u00e9 une controverse en r\u00e9clamant des charges f\u00e9d\u00e9rales sous la loi RICO (loi de lutte contre le crime organis\u00e9) contre George Soros, milliardaire, et son fils Alex devenu le pr\u00e9sident de la fondation Open Society cr\u00e9\u00e9e par son p\u00e8re. Il les accuse de financer des mouvements violents aux \u00c9tats-Unis. Formul\u00e9 le 27 ao\u00fbt 2025, ce message s\u2019inscrit dans une s\u00e9rie d\u2019attaques contre Soros, cible r\u00e9currente des cercles conservateurs pour son soutien \u00e0 des causes lib\u00e9rales \u00e0 travers une fondation influente. Trump \u00e9voque des \u00ab protestations violentes \u00bb orchestr\u00e9es par le duo p\u00e8re-fils qui aurait largement financ\u00e9 des organisations radicales anti-Trump comme Free DC. Au total, <a href=\"https:\/\/nypost.com\/2025\/08\/12\/us-news\/dark-money-megadonors-including-george-soros-fund-group-organizing-protests-against-trumps-dc-crime-crackdown\/\" target=\"_blank\" rel=\"noopener nofollow\">plus de 20 millions de dollars auraient \u00e9t\u00e9 vers\u00e9s<\/a> par l&rsquo;Open Society des Soros \u00e0 des organismes finan\u00e7ant directement des manifestants anti-Trump. <\/p>\n<p><b>Une accusation ancr\u00e9e dans une hostilit\u00e9 de longue date<\/b><\/p>\n<p>Cette offensive de Trump contre Soros p\u00e8re et fils s\u2019inscrit dans une hostilit\u00e9 de longue date du pr\u00e9sident am\u00e9ricain envers le milliardaire, per\u00e7u comme un symbole des \u00e9lites de gauche par une partie de l\u2019\u00e9lectorat conservateur. \u00ab\u00a0Nous n\u2019allons pas permettre \u00e0 ces fous de d\u00e9chirer l\u2019Am\u00e9rique davantage, sans jamais lui donner la moindre chance de \u201cRESPIRER\u201d et d\u2019\u00eatre LIBRE\u00a0\u00bb, a \u00e9crit le pr\u00e9sident r\u00e9publicain dans un style bien \u00e0 lui, d\u00e9non\u00e7ant \u00ab\u00a0Soros, et son groupe de psychopathes\u00a0\u00bb qu\u2019il accuse d\u2019avoir \u00ab\u00a0caus\u00e9 de grands d\u00e9g\u00e2ts [aux Etats-Unis] !\u00a0\u00bb <\/p>\n<p>Les financements de George et Alex Soros apparaissent de fait au c\u0153ur de nombreuses pol\u00e9miques. D\u2019apr\u00e8s le site d\u2019actualit\u00e9s <a href=\"https:\/\/www.breitbart.com\/politics\/2025\/08\/25\/soros-funded-group-behind-last-ditch-rally-accused-ms-13-gang-member-human-smuggler-kilmar-abrego-garcia\/\" rel=\"nofollow noopener\" target=\"_blank\">Breitbart<\/a>, Soros, aurait, par le biais de l\u2019Open Society Foundations, inject\u00e9 des millions de dollars dans des groupes militants d\u2019extr\u00eame gauche, tels que CASA et son PAC, accus\u00e9s de soutenir des criminels et de promouvoir l\u2019immigration de masse. D\u2019autres organisations, comme Human Rights First, auraient \u00e9galement b\u00e9n\u00e9fici\u00e9 de subventions importantes, notamment pour attaquer en justice l\u2019administration Trump. Enfin, selon le <a href=\"https:\/\/nypost.com\/2023\/10\/28\/metro\/soros-funneled-15-m-plus-to-groups-rallying-for-hamas\/\" rel=\"nofollow noopener\" target=\"_blank\">New York Post<\/a>, Soros a aussi contribu\u00e9 au financement d&rsquo;associations impliqu\u00e9es dans des manifestations anti-isra\u00e9liennes apr\u00e8s l\u2019attaque du Hamas, renfor\u00e7ant les soup\u00e7ons de son implication dans des causes radicales.<\/p>\n<p><b>Les limites juridiques et les r\u00e9actions internationales<\/b><\/p>\n<p>Pour l\u2019heure, malgr\u00e9 son ton virulent, Donald Trump n\u2019a encore lanc\u00e9 aucune charge formelle et aucune proc\u00e9dure\u00a0n\u2019a \u00e9t\u00e9 d\u00e9pos\u00e9e contre George Soros ou son fils. C\u00f4t\u00e9 Soros, on nie en bloc. Dans un <a href=\"https:\/\/x.com\/OpenSociety\/status\/1960730048119316618\" rel=\"nofollow\">message public post\u00e9 sur son compte X<\/a>, la fondation Open Society pr\u00e9cise que les fondations incrimin\u00e9es \u00ab ne soutiennent ni ne financent les manifestations violentes \u00bb, d\u00e9non\u00e7ant \u00e0 leur tour des \u00ab\u00a0all\u00e9gations et des menaces scandaleuses\u00a0\u00bb.<\/p>\n<p>Interrog\u00e9 par BV, un professeur en sciences politiques californien n&rsquo;est pas surpris par les accusations de Trump. \u00ab On sait que Soros finance toutes sortes d\u2019organisations, dont des groupes tr\u00e8s woke, aux antipodes de Trump et de ses id\u00e9es. \u00bb\u00a0Et d&rsquo;ajouter :\u00ab Ce n\u2019est pas \u00e9tonnant qu\u2019il utilise son argent pour inverser la tendance. \u00bb Mais financer des manifestants pacifistes ou des \u00e9meutiers ne repr\u00e9sente pas le m\u00eame risque. \u00ab L\u00e0, nous avons affaire \u00e0 un cas grave : on ne parle pas toujours de manifestants pacifiques mais d\u2019\u00e9meutiers tr\u00e8s organis\u00e9s venus en d\u00e9coudre avec les autorit\u00e9s f\u00e9d\u00e9rales \u00bb, note ce professeur en sciences politiques. Il y a peu de chances que Trump s&rsquo;en tienne \u00e0 ces quelques mots saignants&#8230;\u00a0<\/p>\n<p>                    <a href=\"#\" rel=\"nofollow\" onclick=\"window.print(); pfTrackEvent('Trump veut poursuivre les Soros pour le financement de mouvements violents aux USA'); return false;\" title=\"Printer Friendly, PDF &amp; Email\"><br \/>\n                    <img decoding=\"async\" src=\"https:\/\/www.europesays.com\/fr\/wp-content\/uploads\/2025\/04\/printfriendly-icon-sm.png\" alt=\"Print Friendly, PDF &amp; Email\" class=\"pf-button-img\" style=\"width: 17px;height: 17px;\"\/>Imprimer, enregistrer en PDF cet article<br \/>\n                    <\/a><\/p>\n","protected":false},"excerpt":{"rendered":"Donald Trump veut taper fort. Sur son r\u00e9seau social Truth Social, le pr\u00e9sident am\u00e9ricain a relanc\u00e9 une controverse&hellip;\n","protected":false},"author":2,"featured_media":350401,"comment_status":"","ping_status":"","sticky":false,"template":"","format":"standard","meta":{"footnotes":""},"categories":[1589],"tags":[11,73,1866,12,1864,1865,1863,308],"class_list":{"0":"post-350400","1":"post","2":"type-post","3":"status-publish","4":"format-standard","5":"has-post-thumbnail","7":"category-etats-unis","8":"tag-actualites","9":"tag-etats-unis","10":"tag-etats-unis-damerique","11":"tag-news","12":"tag-united-states","13":"tag-united-states-of-america","14":"tag-us","15":"tag-usa"},"share_on_mastodon":{"url":"https:\/\/pubeurope.com\/@fr\/115107638270042198","error":""},"_links":{"self":[{"href":"https:\/\/www.europesays.com\/fr\/wp-json\/wp\/v2\/posts\/350400","targetHints":{"allow":["GET"]}}],"collection":[{"href":"https:\/\/www.europesays.com\/fr\/wp-json\/wp\/v2\/posts"}],"about":[{"href":"https:\/\/www.europesays.com\/fr\/wp-json\/wp\/v2\/types\/post"}],"author":[{"embeddable":true,"href":"https:\/\/www.europesays.com\/fr\/wp-json\/wp\/v2\/users\/2"}],"replies":[{"embeddable":true,"href":"https:\/\/www.europesays.com\/fr\/wp-json\/wp\/v2\/comments?post=350400"}],"version-history":[{"count":0,"href":"https:\/\/www.europesays.com\/fr\/wp-json\/wp\/v2\/posts\/350400\/revisions"}],"wp:featuredmedia":[{"embeddable":true,"href":"https:\/\/www.europesays.com\/fr\/wp-json\/wp\/v2\/media\/350401"}],"wp:attachment":[{"href":"https:\/\/www.europesays.com\/fr\/wp-json\/wp\/v2\/media?parent=350400"}],"wp:term":[{"taxonomy":"category","embeddable":true,"href":"https:\/\/www.europesays.com\/fr\/wp-json\/wp\/v2\/categories?post=350400"},{"taxonomy":"post_tag","embeddable":true,"href":"https:\/\/www.europesays.com\/fr\/wp-json\/wp\/v2\/tags?post=350400"}],"curies":[{"name":"wp","href":"https:\/\/api.w.org\/{rel}","templated":true}]}}