{"id":350406,"date":"2025-08-28T17:51:12","date_gmt":"2025-08-28T17:51:12","guid":{"rendered":"https:\/\/www.europesays.com\/fr\/350406\/"},"modified":"2025-08-28T17:51:12","modified_gmt":"2025-08-28T17:51:12","slug":"leurope-finit-en-ordre-disperse-apres-les-resultats-de-nvidia-28-08-2025-a-1910","status":"publish","type":"post","link":"https:\/\/www.europesays.com\/fr\/350406\/","title":{"rendered":"L&rsquo;Europe finit en ordre dispers\u00e9 apr\u00e8s les r\u00e9sultats de Nvidia &#8211; 28\/08\/2025 \u00e0 19:10"},"content":{"rendered":"<p>        <img fetchpriority=\"high\" decoding=\"async\" src=\"https:\/\/www.europesays.com\/fr\/wp-content\/uploads\/2025\/08\/3377e01eb607f980a0dfe4b651021fc1-760x533.jpg\" alt=\"Le graphique de l'indice allemand des prix des actions DAX est photographi\u00e9 \u00e0 la bourse de Francfort\" loading=\"eager\" width=\"760\" height=\"533\" style=\"max-width: 100%!important; height: auto;\"\/><\/p>\n<p class=\"c-image-news__legend\">Le graphique de l&rsquo;indice allemand des prix des actions DAX est photographi\u00e9 \u00e0 la bourse de Francfort<\/p>\n<p>\n par Mara  Vilcu\n<\/p>\n<p>\n (Reuters) -Les Bourses europ\u00e9ennes ont termin\u00e9 en ordre dispers\u00e9 jeudi, alors que les march\u00e9s ont dig\u00e9r\u00e9 les r\u00e9sultats financiers de Nvidia, impact\u00e9s par l&rsquo;incertitude autour de la guerre commerciale sino-am\u00e9ricaine, ainsi que les d\u00e9veloppements politiques en France.\n<\/p>\n<p>\n \u00c0 Paris, le CAC 40 a gagn\u00e9 0,24% \u00e0 7.762,60 points. \u00c0 Francfort, le Dax a abandonn\u00e9 0,01% et \u00e0 Londres, le FTSE 100 a perdu 0,42%.\n<\/p>\n<p>\n L&rsquo;indice EuroStoxx 50 a gagn\u00e9 0,09%, le FTSEurofirst 300 a perdu 0,12% et le Stoxx 600 a abandonn\u00e9 0,16%.\n<\/p>\n<p>\n Ce jeudi, les regards se sont tourn\u00e9s vers les r\u00e9sultats financiers de Nvidia, qui a fait \u00e9tat d&rsquo;un chiffre d&rsquo;affaires conforme aux attentes au deuxi\u00e8me trimestre mais avec des perspectives d&rsquo;activit\u00e9s en Chine qui inqui\u00e8tent.\n<\/p>\n<p>\n \u00ab\u00a0Ces r\u00e9sultats sont bons pour une entreprise normale en temps normal, mais Nvidia n&rsquo;est dans aucun des deux cas. Le manque de ventes en Chine et l&rsquo;incertitude quant aux livraisons futures sont pr\u00e9occupantes. Plus cela dure, plus les alternatives nationales (chinoises) s&rsquo;imposent\u00a0\u00bb, selon Paul Meeks, directeur g\u00e9n\u00e9ral de Freedom Capital Markets.\n<\/p>\n<p>\n Les incertitudes li\u00e9es \u00e0 la guerre commerciale sino-am\u00e9ricaine ont contraint le groupe \u00e0 exclure les ventes potentielles en Chine de ses pr\u00e9visions trimestrielles. \u00ab\u00a0La demande en mati\u00e8re d&rsquo;IA n&rsquo;est pas un probl\u00e8me pour Nvidia, c&rsquo;est plut\u00f4t la politique qui fait obstacle \u00e0 ses grandes ambitions de domination mondiale\u00a0\u00bb, estime Dan Coatsworth, analyste financier chez AJ Bell.\n<\/p>\n<p>\n En Europe, les d\u00e9veloppements politiques fran\u00e7ais sont rest\u00e9 au centre de l&rsquo;attention des march\u00e9s. Le ministre de l&rsquo;Economie Eric Lombard a affirm\u00e9 jeudi ne pas croire \u00e0 la possibilit\u00e9 d&rsquo;une crise financi\u00e8re en France malgr\u00e9 le risque de renversement du gouvernement de Fran\u00e7ois Bayrou par les d\u00e9put\u00e9s oppos\u00e9s \u00e0 ses propositions budg\u00e9taires pour r\u00e9duire la dette.\n<\/p>\n<p>\n Par ailleurs, Lisa Cook, membre du Conseil des gouverneurs de la R\u00e9serve f\u00e9d\u00e9rale am\u00e9ricaine (Fed), a d\u00e9pos\u00e9 jeudi une plainte affirmant que le pr\u00e9sident am\u00e9ricain Donald Trump n&rsquo;a pas le pouvoir de la d\u00e9mettre de ses fonctions. Dans une d\u00e9cision sans pr\u00e9c\u00e9dent, Donald Trump a annonc\u00e9 lundi le limogeage de Lisa Cook, citant des irr\u00e9gularit\u00e9s pr\u00e9sum\u00e9es dans l&rsquo;obtention de pr\u00eats immobiliers en 2021, un an avant qu&rsquo;elle ne rejoigne l&rsquo;organe directeur de la Fed.\n<\/p>\n<p>\n VALEURS\n<\/p>\n<p>\n Pernod Ricard a pris 1,37% apr\u00e8s avoir fait \u00e9tat d&rsquo;une baisse de 3% en donn\u00e9es organiques de son chiffre d&rsquo;affaires annuel, l\u00e9g\u00e8rement moins forte qu&rsquo;attendu\n<\/p>\n<p>\n Au contraire, Eiffage a perdu 2,51% apr\u00e8s avoir publi\u00e9 ses r\u00e9sultats mercredi soir.\n<\/p>\n<p>\n A WALL STREET\n<\/p>\n<p>\n \u00c0 l&rsquo;heure de la cl\u00f4ture en Europe, les \u00e9changes \u00e0 la Bourse de New York indiquaient une baisse de 0,05% pour le Dow Jones, une hausse de 0,03% pour le Standard &amp; Poor&rsquo;s 500 et une hausse de 0,20% pour le Nasdaq Composite.\n<\/p>\n<p>\n LES INDICATEURS DU JOUR\n<\/p>\n<p>\n Le sentiment \u00e9conomique s&rsquo;est d\u00e9grad\u00e9 en ao\u00fbt dans la zone euro, selon les donn\u00e9es publi\u00e9es jeudi par la Commission europ\u00e9enne.\n<\/p>\n<p>\n Par ailleurs, la croissance des pr\u00eats aux entreprises dans la zone euro a l\u00e9g\u00e8rement acc\u00e9l\u00e9r\u00e9 en juillet, selon les donn\u00e9es de la Banque centrale europ\u00e9enne (BCE).\n<\/p>\n<p>\n Aux Etats-Unis , les inscriptions au ch\u00f4mage ont baiss\u00e9 plus fortement que pr\u00e9vu lors de la semaine au 23 ao\u00fbt, \u00e0 229.000 contre 234.000 la semaine pr\u00e9c\u00e9dente, a annonc\u00e9 jeudi le d\u00e9partement du Travail.\n<\/p>\n<p>\n CHANGES\n<\/p>\n<p>\n Le dollar baisse, les investisseurs ayant renforc\u00e9 leurs paris sur une baisse des taux d&rsquo;int\u00e9r\u00eat de la Fed le mois prochain apr\u00e8s que le pr\u00e9sident de la Fed de New York, John Williams, a laiss\u00e9 entendre qu&rsquo;une baisse \u00e9tait possible.\n<\/p>\n<p>\n Le dollar perd 0,30% face \u00e0 un panier de devises de r\u00e9f\u00e9rence.\n<\/p>\n<p>\n L&rsquo;euro gagne 0,27% \u00e0 1,1669 dollar.\n<\/p>\n<p>\n TAUX\n<\/p>\n<p>\n Les rendements am\u00e9ricains \u00e9voluent peu. Les rendements \u00e0 deux ans, sensibles aux taux d&rsquo;int\u00e9r\u00eat, sont en petite hausse, mais restent proches de leur plus bas en pr\u00e8s de quatre mois, les traders pariant que la Fed proc\u00e9dera \u00e0 plusieurs baisses de taux d&rsquo;int\u00e9r\u00eat dans les mois \u00e0 venir car le march\u00e9 du travail montre des signes de faiblesse.\n<\/p>\n<p>\n Le rendement des Treasuries \u00e0 dix ans abandonne 2,1 points de base \u00e0 4,2169%. Le deux ans avance de 1,2 point de base \u00e0 3,6351%.\n<\/p>\n<p>\n P\u00c9TROLE\n<\/p>\n<p>\n Les prix du p\u00e9trole sont en baisse apr\u00e8s avoir augment\u00e9 lors de la s\u00e9ance pr\u00e9c\u00e9dente, sous la pression des pr\u00e9visions d&rsquo;une baisse de la demande am\u00e9ricaine en carburant \u00e0 la fin de la saison estivale et de la reprise des livraisons russes vers la Hongrie et la Slovaquie via l&rsquo;ol\u00e9oduc Droujba.\n<\/p>\n<p>\n Le Brent recule de 0,72% \u00e0 67,56 dollars le baril et le brut l\u00e9ger am\u00e9ricain (West Texas Intermediate, WTI) abandonne 1,01% \u00e0 63,50 dollars.\n<\/p>\n<p>\n A SUIVRE LE 29 AOUT :\n<\/p>\n<p>\n (Certaines donn\u00e9es peuvent accuser un l\u00e9ger d\u00e9calage)\n<\/p>\n<p>\n (R\u00e9dig\u00e9 par Mara V\u00eelcu, \u00e9dit\u00e9 par Kate Entringer)<\/p>\n","protected":false},"excerpt":{"rendered":"Le graphique de l&rsquo;indice allemand des prix des actions DAX est photographi\u00e9 \u00e0 la bourse de Francfort par&hellip;\n","protected":false},"author":2,"featured_media":350407,"comment_status":"","ping_status":"","sticky":false,"template":"","format":"standard","meta":{"footnotes":""},"categories":[1586],"tags":[400,11,398,408,405,1777,674,1011,27,403,402,399,404,12,25,401,406,407],"class_list":{"0":"post-350406","1":"post","2":"type-post","3":"status-publish","4":"format-standard","5":"has-post-thumbnail","7":"category-europe","8":"tag-action-cac-40","9":"tag-actualites","10":"tag-bourse-de-paris","11":"tag-boursorama","12":"tag-cotations","13":"tag-eu","14":"tag-europe","15":"tag-fr","16":"tag-france","17":"tag-indices-devises","18":"tag-investir","19":"tag-investissement","20":"tag-marche-boursier","21":"tag-news","22":"tag-republique-francaise","23":"tag-sicav","24":"tag-trackers","25":"tag-warrants"},"share_on_mastodon":{"url":"https:\/\/pubeurope.com\/@fr\/115107665551780774","error":""},"_links":{"self":[{"href":"https:\/\/www.europesays.com\/fr\/wp-json\/wp\/v2\/posts\/350406","targetHints":{"allow":["GET"]}}],"collection":[{"href":"https:\/\/www.europesays.com\/fr\/wp-json\/wp\/v2\/posts"}],"about":[{"href":"https:\/\/www.europesays.com\/fr\/wp-json\/wp\/v2\/types\/post"}],"author":[{"embeddable":true,"href":"https:\/\/www.europesays.com\/fr\/wp-json\/wp\/v2\/users\/2"}],"replies":[{"embeddable":true,"href":"https:\/\/www.europesays.com\/fr\/wp-json\/wp\/v2\/comments?post=350406"}],"version-history":[{"count":0,"href":"https:\/\/www.europesays.com\/fr\/wp-json\/wp\/v2\/posts\/350406\/revisions"}],"wp:featuredmedia":[{"embeddable":true,"href":"https:\/\/www.europesays.com\/fr\/wp-json\/wp\/v2\/media\/350407"}],"wp:attachment":[{"href":"https:\/\/www.europesays.com\/fr\/wp-json\/wp\/v2\/media?parent=350406"}],"wp:term":[{"taxonomy":"category","embeddable":true,"href":"https:\/\/www.europesays.com\/fr\/wp-json\/wp\/v2\/categories?post=350406"},{"taxonomy":"post_tag","embeddable":true,"href":"https:\/\/www.europesays.com\/fr\/wp-json\/wp\/v2\/tags?post=350406"}],"curies":[{"name":"wp","href":"https:\/\/api.w.org\/{rel}","templated":true}]}}