{"id":350408,"date":"2025-08-28T17:52:10","date_gmt":"2025-08-28T17:52:10","guid":{"rendered":"https:\/\/www.europesays.com\/fr\/350408\/"},"modified":"2025-08-28T17:52:10","modified_gmt":"2025-08-28T17:52:10","slug":"europe-la-capitulation-permanente-par-thomas-fazi-le-monde-diplomatique-septembre-2025","status":"publish","type":"post","link":"https:\/\/www.europesays.com\/fr\/350408\/","title":{"rendered":"Europe, la capitulation permanente, par Thomas Fazi (Le Monde diplomatique, septembre 2025)"},"content":{"rendered":"<p class=\"crayon article-surtitre-68681 surtitre\">Ukraine, Isra\u00ebl, OTAN, commerce<\/p>\n<p>Rarement les discours sur la grandeur de l\u2019Europe, phare d\u00e9mocratique battu par la d\u00e9ferlante \u00ab\u00a0populiste\u00a0\u00bb, ont \u00e9t\u00e9 aussi exalt\u00e9s. Et rarement l\u2019Union europ\u00e9enne a essuy\u00e9 autant de revers en mati\u00e8re de diplomatie, de strat\u00e9gie et de commerce. Plus attach\u00e9s au lien transatlantique qu\u2019\u00e0 l\u2019int\u00e9r\u00eat des populations, les dirigeants du Vieux Continent multiplient les g\u00e9nuflexions devant M.\u00a0Donald Trump.<\/p>\n<p>\t\t\t<img loading=\"lazy\" decoding=\"async\" src=\"https:\/\/www.europesays.com\/fr\/wp-content\/uploads\/2025\/08\/12_2473.hr-6b6d6.jpg\" width=\"890\" height=\"677\" class=\"spip_logos\" alt=\"JPEG - 90.1\u00a0ko\"\/><\/p>\n<p>Paco Pomet. \u2013 \u00ab\u00a0That\u2019s All Folks\u00a0!\u00a0\u00bb (C\u2019est fini les amis\u00a0!), 2024<\/p>\n<p>\u00a9 ADAGP, Paris, 2025 &#8211; pacopomet.com\n<\/p>\n<p>L\u2019Union europ\u00e9enne a \u00e9t\u00e9 promue comme un moyen de renforcer le Vieux Continent face aux grandes puissances, en particulier les \u00c9tats-Unis. Pourtant, au cours du quart de si\u00e8cle qui a suivi le trait\u00e9 de Maastricht, l\u2019inverse s\u2019est produit\u00a0: l\u2019Europe se trouve aujourd\u2019hui plus inf\u00e9od\u00e9e politiquement, \u00e9conomiquement et militairement \u00e0 Washington, et donc plus faible et moins autonome. En mati\u00e8re de commerce, d\u2019\u00e9nergie, de d\u00e9fense ou de politique \u00e9trang\u00e8re, les pays europ\u00e9ens ont, ces derni\u00e8res ann\u00e9es, syst\u00e9matiquement agi contre leurs propres int\u00e9r\u00eats afin de coller aux priorit\u00e9s strat\u00e9giques am\u00e9ricaines.<\/p>\n<p>L\u2019annonce le 27\u00a0juillet dernier d\u2019un accord commercial entre l\u2019Union et les \u00c9tats-Unis en vertu duquel les produits am\u00e9ricains entreront librement en Europe, tandis que les exportations europ\u00e9ennes vers l\u2019Am\u00e9rique acquitteront un droit de douane forfaitaire de 15\u00a0%, l\u2019illustre jusqu\u2019\u00e0 la caricature. Cette reddition s\u2019accompagne d\u2019une promesse d\u2019acheter pour 700\u00a0milliards d\u2019euros d\u2019hydrocarbures am\u00e9ricains et d\u2019investir 550\u00a0milliards d\u2019euros outre-Atlantique. L\u2019\u00e9conomiste grec Y\u00e1nis Varouf\u00e1kis y voit la version europ\u00e9enne du trait\u00e9 de Nankin de 1842. Premier d\u2019une s\u00e9rie de \u00ab\u00a0trait\u00e9s in\u00e9gaux\u00a0\u00bb impos\u00e9s \u00e0 la Chine par les puissances occidentales, il accordait des concessions importantes au Royaume-Uni et marquait le d\u00e9but du \u00ab\u00a0si\u00e8cle d\u2019humiliation\u00a0\u00bb. Mais \u00ab\u00a0contrairement \u00e0 la Chine en 1842, l\u2019Union europ\u00e9enne a choisi l\u2019humiliation librement\u00a0\u00bb, plut\u00f4t qu\u2019\u00e0 la suite d\u2019une d\u00e9faite militaire \u00e9crasante, poursuit l\u2019ancien ministre des finances.<\/p>\n<p>Les images de Mme\u00a0Ursula von der Leyen se d\u00e9pla\u00e7ant sur le terrain de golf \u00e9cossais de M.\u00a0Trump, le 27\u00a0juillet, pour entendre le pr\u00e9sident am\u00e9ricain fulminer contre les \u00e9oliennes, puis annoncer des mesures commerciales punitives, contrastent avec l\u2019accueil spectaculaire r\u00e9serv\u00e9 \u00e0 M.\u00a0Vladimir Poutine \u00e0 Anchorage quelques semaines plus tard. Cette sc\u00e8ne d\u00e9concerte d\u2019autant plus que l\u2019Europe avait de s\u00e9rieux atouts \u00e0 jouer dans un bras de fer transatlantique.<\/p>\n<p>La volont\u00e9\u00a0(&#8230;)<\/p>\n<p>Taille de l\u2019article complet\u00a0:\u00a02\u00a0370\u00a0mots.<\/p>\n<p>\tCet article est r\u00e9serv\u00e9 aux\u00a0abonn\u00e9s<\/p>\n<p>\t<strong>Lyc\u00e9es, biblioth\u00e8ques, administrations, entreprises,<\/strong><br \/>\n\tacc\u00e9dez \u00e0 la base de donn\u00e9es en ligne de tous les articles du Monde diplomatique de 1954 \u00e0 nos\u00a0jours.<br \/>\n\t<a id=\"pw-institutions\" class=\"suivi\" href=\"https:\/\/www.monde-diplomatique.fr\/archives\/institutions\" rel=\"nofollow noopener\" target=\"_blank\">Retrouvez cette\u00a0offre sp\u00e9cifique<\/a>.<\/p>\n","protected":false},"excerpt":{"rendered":"Ukraine, Isra\u00ebl, OTAN, commerce Rarement les discours sur la grandeur de l\u2019Europe, phare d\u00e9mocratique battu par la d\u00e9ferlante&hellip;\n","protected":false},"author":2,"featured_media":350409,"comment_status":"","ping_status":"","sticky":false,"template":"","format":"standard","meta":{"footnotes":""},"categories":[1586],"tags":[11,1777,674,1779,1011,27,12,25,1778,364],"class_list":{"0":"post-350408","1":"post","2":"type-post","3":"status-publish","4":"format-standard","5":"has-post-thumbnail","7":"category-europe","8":"tag-actualites","9":"tag-eu","10":"tag-europe","11":"tag-european-union","12":"tag-fr","13":"tag-france","14":"tag-news","15":"tag-republique-francaise","16":"tag-ue","17":"tag-union-europeenne"},"share_on_mastodon":{"url":"https:\/\/pubeurope.com\/@fr\/115107669185352704","error":""},"_links":{"self":[{"href":"https:\/\/www.europesays.com\/fr\/wp-json\/wp\/v2\/posts\/350408","targetHints":{"allow":["GET"]}}],"collection":[{"href":"https:\/\/www.europesays.com\/fr\/wp-json\/wp\/v2\/posts"}],"about":[{"href":"https:\/\/www.europesays.com\/fr\/wp-json\/wp\/v2\/types\/post"}],"author":[{"embeddable":true,"href":"https:\/\/www.europesays.com\/fr\/wp-json\/wp\/v2\/users\/2"}],"replies":[{"embeddable":true,"href":"https:\/\/www.europesays.com\/fr\/wp-json\/wp\/v2\/comments?post=350408"}],"version-history":[{"count":0,"href":"https:\/\/www.europesays.com\/fr\/wp-json\/wp\/v2\/posts\/350408\/revisions"}],"wp:featuredmedia":[{"embeddable":true,"href":"https:\/\/www.europesays.com\/fr\/wp-json\/wp\/v2\/media\/350409"}],"wp:attachment":[{"href":"https:\/\/www.europesays.com\/fr\/wp-json\/wp\/v2\/media?parent=350408"}],"wp:term":[{"taxonomy":"category","embeddable":true,"href":"https:\/\/www.europesays.com\/fr\/wp-json\/wp\/v2\/categories?post=350408"},{"taxonomy":"post_tag","embeddable":true,"href":"https:\/\/www.europesays.com\/fr\/wp-json\/wp\/v2\/tags?post=350408"}],"curies":[{"name":"wp","href":"https:\/\/api.w.org\/{rel}","templated":true}]}}