{"id":350418,"date":"2025-08-28T18:01:12","date_gmt":"2025-08-28T18:01:12","guid":{"rendered":"https:\/\/www.europesays.com\/fr\/350418\/"},"modified":"2025-08-28T18:01:12","modified_gmt":"2025-08-28T18:01:12","slug":"super-league-les-dragons-catalans-sinteressent-a-un-talonneur-tongien-de-nrl-rugby-a-xiii","status":"publish","type":"post","link":"https:\/\/www.europesays.com\/fr\/350418\/","title":{"rendered":"Super League &#8211; Les Dragons Catalans s&rsquo;int\u00e9ressent \u00e0 un talonneur tongien de NRL &#8211; Rugby \u00e0 XIII"},"content":{"rendered":"<p style=\"text-align: justify;\"><strong>Les Dragons Catalans sont int\u00e9ress\u00e9s par Soni Luke, talonneur international tongien des Panthers, pour la prochaine saison de Super League.<\/strong><\/p>\n<p style=\"text-align: justify;\">Denive Balmforth retournera \u00e0 Hull FC \u00e0 l\u2019issue de cette saison, le seul talonneur de m\u00e9tier pour 2026 sera Alrix Da Costa, il faut donc recruter un nouveau talonneur. <a href=\"https:\/\/www.alloutrugbyleague.co.uk\/news\/penrith-panthers-hooker-attracts-super-1357166\" target=\"_blank\" rel=\"noopener\">D\u2019apr\u00e8s All Out Rugby League<\/a>, les Catalans sont int\u00e9ress\u00e9s par Soni Luke, international tongien \u00e9voluant en NRL.<\/p>\n<p style=\"text-align: justify;\">Soni Luke joue aux Penrith Panthers en NRL depuis 2022, ayant disput\u00e9 depuis ses d\u00e9buts 60 matchs pour 7 essais. En manque de temps de jeu cette saison avec seulement 4 matchs jou\u00e9s, il est en qu\u00eate d\u2019en trouver davantage. Le Tongien a \u00e9t\u00e9 propos\u00e9 \u00e0 des clubs de Super League, et il semblerait que Joel Tomkins ait jet\u00e9 son d\u00e9volu sur Soni Luke pour partager le temps de jeu avec Da Costa. Les Dragons n\u2019ont pas encore fini d\u2019animer le march\u00e9 des transferts en cette fin de saison, en qu\u00eate de rachat aupr\u00e8s de leurs supporters et faire une bien meilleure saison en 2026, \u00e0 la hauteur de leurs attentes.<\/p>\n<blockquote class=\"twitter-tweet\" data-width=\"500\" data-dnt=\"true\">\n<p lang=\"en\" dir=\"ltr\">\ud83c\uddf9\ud83c\uddf4 A Tonga international has Super League interest heading into 2026.<a href=\"https:\/\/t.co\/lGuoKs4ivx\">https:\/\/t.co\/lGuoKs4ivx<\/a><\/p>\n<p>\u2014 All Out Rugby League (@AORugbyLeague) <a href=\"https:\/\/twitter.com\/AORugbyLeague\/status\/1961053847402455223?ref_src=twsrc%5Etfw\" target=\"_blank\" rel=\"noopener\">August 28, 2025<\/a><\/p>\n<\/blockquote>\n<p>        <script async src=\"https:\/\/platform.twitter.com\/widgets.js\" charset=\"utf-8\"><\/script><\/p>\n","protected":false},"excerpt":{"rendered":"Les Dragons Catalans sont int\u00e9ress\u00e9s par Soni Luke, talonneur international tongien des Panthers, pour la prochaine saison de&hellip;\n","protected":false},"author":2,"featured_media":350419,"comment_status":"","ping_status":"","sticky":false,"template":"","format":"standard","meta":{"footnotes":""},"categories":[1416],"tags":[3248,1011,27,479,2228,1468,2229,48667,60,4474],"class_list":{"0":"post-350418","1":"post","2":"type-post","3":"status-publish","4":"format-standard","5":"has-post-thumbnail","7":"category-rugby","8":"tag-dragons-catalans","9":"tag-fr","10":"tag-france","11":"tag-rugby","12":"tag-rugby-a-xiii","13":"tag-rugby-football","14":"tag-rugby-league","15":"tag-soni-luke","16":"tag-sports","17":"tag-super-league"},"share_on_mastodon":{"url":"https:\/\/pubeurope.com\/@fr\/115107704616012728","error":""},"_links":{"self":[{"href":"https:\/\/www.europesays.com\/fr\/wp-json\/wp\/v2\/posts\/350418","targetHints":{"allow":["GET"]}}],"collection":[{"href":"https:\/\/www.europesays.com\/fr\/wp-json\/wp\/v2\/posts"}],"about":[{"href":"https:\/\/www.europesays.com\/fr\/wp-json\/wp\/v2\/types\/post"}],"author":[{"embeddable":true,"href":"https:\/\/www.europesays.com\/fr\/wp-json\/wp\/v2\/users\/2"}],"replies":[{"embeddable":true,"href":"https:\/\/www.europesays.com\/fr\/wp-json\/wp\/v2\/comments?post=350418"}],"version-history":[{"count":0,"href":"https:\/\/www.europesays.com\/fr\/wp-json\/wp\/v2\/posts\/350418\/revisions"}],"wp:featuredmedia":[{"embeddable":true,"href":"https:\/\/www.europesays.com\/fr\/wp-json\/wp\/v2\/media\/350419"}],"wp:attachment":[{"href":"https:\/\/www.europesays.com\/fr\/wp-json\/wp\/v2\/media?parent=350418"}],"wp:term":[{"taxonomy":"category","embeddable":true,"href":"https:\/\/www.europesays.com\/fr\/wp-json\/wp\/v2\/categories?post=350418"},{"taxonomy":"post_tag","embeddable":true,"href":"https:\/\/www.europesays.com\/fr\/wp-json\/wp\/v2\/tags?post=350418"}],"curies":[{"name":"wp","href":"https:\/\/api.w.org\/{rel}","templated":true}]}}