{"id":350420,"date":"2025-08-28T18:02:15","date_gmt":"2025-08-28T18:02:15","guid":{"rendered":"https:\/\/www.europesays.com\/fr\/350420\/"},"modified":"2025-08-28T18:02:15","modified_gmt":"2025-08-28T18:02:15","slug":"adam-walton-coleman-chak-lam-wong-grand-chelem-us-open-deuxieme-tour-jeudi-28-aout-2025-lequipe","status":"publish","type":"post","link":"https:\/\/www.europesays.com\/fr\/350420\/","title":{"rendered":"Adam Walton &#8211; Coleman Chak-Lam Wong, Grand Chelem, US Open, Deuxi\u00e8me tour, Jeudi 28 ao\u00fbt 2025 &#8211; L&#039;\u00c9quipe"},"content":{"rendered":"<ol>\n<li><a href=\"https:\/\/news.google.com\/rss\/articles\/CBMizAFBVV95cUxNOEFmeEZON1BSWklHc1daWks0b2NnUjJlZVJqTTFBTUx1LUF4bEhtLVk2eXMtZFNSV2l5bUJYZGItWFVxQkdHYUZUZDJZU2JYWTd3NjRmd3pyc0wtVjhlVHN4RC1EYmZJblNXeXpTa0J3SWtPUWFDLTFLWURKUWJvanBEMFVqV3RDaHlIRm1XNGs1V2Q5bHplTGZlemxkNU96YVBYN3BtWXlkQXlibDVsVEp1dXdNRXlFUmRvemJuMlhSTHJkVHFNeTA3Q08?oc=5\" target=\"_blank\" rel=\"nofollow noopener\">Adam Walton &#8211; Coleman Chak-Lam Wong, Grand Chelem, US Open, Deuxi\u00e8me tour, Jeudi 28 ao\u00fbt 2025<\/a>&nbsp;&nbsp;L&rsquo;\u00c9quipe<\/li>\n<li><a href=\"https:\/\/news.google.com\/rss\/articles\/CBMiygFBVV95cUxQb2FvOGlNOXNoSkFhenFQcHRuUmZob194b0JwbXBEVmlNdXlIWmVsa1hCNVpQbm1jemN3UzU4c2NxZ3AwZzVZQS0tWWd0eHlScDQxZ09NMGxGNWhxREs5a1k5djF0bzFEM0M5S0lieDltNjVxMnZna3cxRWNyeXZZUFZZempXTnpNZG0tYXN4TTR6TVA2bGpCNFVXdkgtS0pVSGJHeXY2TEk3VER1Wl8xeGY4UWhtR0pVNk5sdWl2bFVLMWx0YlpuRTFB?oc=5\" target=\"_blank\" rel=\"nofollow noopener\">Valentin Royer &#8211; Denis Shapovalov, Grand Chelem, US Open, Deuxi\u00e8me tour, Jeudi 28 ao\u00fbt 2025<\/a>&nbsp;&nbsp;L&rsquo;\u00c9quipe<\/li>\n<li><a href=\"https:\/\/news.google.com\/rss\/articles\/CBMiiwFBVV95cUxPVE1iVUVGRl9RS2p3V01HWF9UemM4aGF0UWJBM0hELU9uV3UxLWdlT19VUXMyS0s3OXRuSV85U1pGbTVoN2k5Z3RkLXBQQ0NCa1RWZTNxMFRkVXFpaFkxSFR5NEJENTVxSnNpb1BTVEZYSjFlLXFFblBKMl9qY0t6Sm9KQkhPTEhDbC0w?oc=5\" target=\"_blank\" rel=\"nofollow noopener\">Pronostic Jenson Brooksby Flavio Cobolli GRATUIT &#8211; US Open 2025 28\/08\/2025<\/a>&nbsp;&nbsp;RueDesJoueurs<\/li>\n<li><a href=\"https:\/\/news.google.com\/rss\/articles\/CBMiygFBVV95cUxOa2pYcGktU1REU05lTW0wakpzcHRaMmxkU1BPN0NkdGFGa0tZSFE2TVZhTjRFLXphb2kwcVpoMmFESUgtcTNueUFwR0FpQkJVN1pyaXk2Y09wRzNaV2tvTVV2WkkzeVJkREx6eDcxTkpRLU9IUVQ3RE1zT3NWanBOUGl5Q2VmRk5ocTlHcTlzckVPb29yWEotNDdmcXYxZkZiQTFnazNzMVNURUxPcXVNUmNZTUV4VUtwVTgtQ21vdTU4b252YVl5dzVB?oc=5\" target=\"_blank\" rel=\"nofollow noopener\">Karen Khachanov &#8211; Kamil Majchrzak, Grand Chelem, US Open, Deuxi\u00e8me tour, Jeudi 28 ao\u00fbt 2025<\/a>&nbsp;&nbsp;L&rsquo;\u00c9quipe<\/li>\n<li><a href=\"https:\/\/news.google.com\/rss\/articles\/CBMiyAFBVV95cUxPRXBuVzhsckx1ZVREU2VJeEN2M0JpSEc5NEtxY0pEdW1wcXluQVRQel9CamxDLTdwMG1fV05uZVg5UjNhQnpkdjlvMHl0Rm5kdTdaUHBnVzRScDEyeFZSdV9GQ0VqMlJwZUpmLTF3V3FHYVNwSWpYb0E5bHMxLXlsaUI4ekQ1T1RnUkFqWURkcTdtRmw5M21EMWxsUi13MVRfd2JoemozU0hLWmE5d1dFNkp6dTlhMGNoTGhsWlp3YzV3REIxOVl5cg?oc=5\" target=\"_blank\" rel=\"nofollow noopener\">Jenson Brooksby &#8211; Flavio Cobolli, Grand Chelem, US Open, Deuxi\u00e8me tour, Jeudi 28 ao\u00fbt 2025<\/a>&nbsp;&nbsp;L&rsquo;\u00c9quipe<\/li>\n<\/ol>\n","protected":false},"excerpt":{"rendered":"Adam Walton &#8211; Coleman Chak-Lam Wong, Grand Chelem, US Open, Deuxi\u00e8me tour, Jeudi 28 ao\u00fbt 2025&nbsp;&nbsp;L&rsquo;\u00c9quipe Valentin Royer&hellip;\n","protected":false},"author":2,"featured_media":350421,"comment_status":"","ping_status":"","sticky":false,"template":"","format":"standard","meta":{"footnotes":""},"categories":[1415],"tags":[1011,27,60,1467],"class_list":{"0":"post-350420","1":"post","2":"type-post","3":"status-publish","4":"format-standard","5":"has-post-thumbnail","7":"category-tennis","8":"tag-fr","9":"tag-france","10":"tag-sports","11":"tag-tennis"},"share_on_mastodon":{"url":"https:\/\/pubeurope.com\/@fr\/115107708426331555","error":""},"_links":{"self":[{"href":"https:\/\/www.europesays.com\/fr\/wp-json\/wp\/v2\/posts\/350420","targetHints":{"allow":["GET"]}}],"collection":[{"href":"https:\/\/www.europesays.com\/fr\/wp-json\/wp\/v2\/posts"}],"about":[{"href":"https:\/\/www.europesays.com\/fr\/wp-json\/wp\/v2\/types\/post"}],"author":[{"embeddable":true,"href":"https:\/\/www.europesays.com\/fr\/wp-json\/wp\/v2\/users\/2"}],"replies":[{"embeddable":true,"href":"https:\/\/www.europesays.com\/fr\/wp-json\/wp\/v2\/comments?post=350420"}],"version-history":[{"count":0,"href":"https:\/\/www.europesays.com\/fr\/wp-json\/wp\/v2\/posts\/350420\/revisions"}],"wp:featuredmedia":[{"embeddable":true,"href":"https:\/\/www.europesays.com\/fr\/wp-json\/wp\/v2\/media\/350421"}],"wp:attachment":[{"href":"https:\/\/www.europesays.com\/fr\/wp-json\/wp\/v2\/media?parent=350420"}],"wp:term":[{"taxonomy":"category","embeddable":true,"href":"https:\/\/www.europesays.com\/fr\/wp-json\/wp\/v2\/categories?post=350420"},{"taxonomy":"post_tag","embeddable":true,"href":"https:\/\/www.europesays.com\/fr\/wp-json\/wp\/v2\/tags?post=350420"}],"curies":[{"name":"wp","href":"https:\/\/api.w.org\/{rel}","templated":true}]}}