{"id":350422,"date":"2025-08-28T18:04:13","date_gmt":"2025-08-28T18:04:13","guid":{"rendered":"https:\/\/www.europesays.com\/fr\/350422\/"},"modified":"2025-08-28T18:04:13","modified_gmt":"2025-08-28T18:04:13","slug":"motogp-franco-morbidelli-accuse-rossi-est-le-meilleur-marquez-a-aide-lorenzo-a-gagner-le-titre-en-2015","status":"publish","type":"post","link":"https:\/\/www.europesays.com\/fr\/350422\/","title":{"rendered":"MotoGP, Franco Morbidelli\u00a0accuse\u00a0: \u00ab Rossi est le meilleur, Marquez a aid\u00e9 Lorenzo \u00e0 gagner le titre en 2015\u00a0\u00bb"},"content":{"rendered":"<p><strong>Et c\u2019est reparti. Apr\u00e8s avoir r\u00e9alis\u00e9 un bon Grand Prix<br \/>\nde Hongrie, Franco Morbidelli s\u2019est exprim\u00e9 sur son mentor, mais<br \/>\n\u00e9galement sur la saison 2015, \u00f4 combien controvers\u00e9e. Pour rappel,<br \/>\nlors du GP de Malaisie, <a href=\"https:\/\/www.paddock-gp.com\/parlons-motogp-ce-que-personne-na-encore-ose-dire-sur-marc-marquez-et-valentino-rossi\/\" target=\"_blank\" rel=\"noopener\">Valentino Rossi et Marc Marquez se<br \/>\nsont touch\u00e9s<\/a>\u00a0; l\u2019Italien aurait m\u00eame mis un coup de pied \u00e0<br \/>\nl\u2019Espagnol, pendant que Jorge Lorenzo s\u2019envolait vers le titre<br \/>\nmondial. Franky est revenu sur cet incident d\u00e9sormais l\u00e9gendaire,<br \/>\net a donn\u00e9 son opinion sur celui-ci.<\/strong><\/p>\n<p>Dans une interview donn\u00e9e \u00e0 <a href=\"https:\/\/www.gpone.com\/it\/2025\/08\/26\/motogp\/morbidelli-rossi-il-piu-forte-di-sempre-nel-2015-marquez-gioco-sporco.html\" target=\"_blank\" rel=\"noopener\">AS<\/a>, Franco Morbidelli parle de<br \/>\nValentino Rossi comme du GOAT, le plus grand pilote de tous les<br \/>\ntemps. \u00ab\u00a0<strong>Je pense que Valentino Rossi est le<br \/>\nmeilleur, m\u00eame si Marquez l\u2019\u00e9galait avec neuf titres<\/strong>. Ce<br \/>\nqu\u2019il a fait pour le sport est incomparable. Il l\u2019a propuls\u00e9 dans<br \/>\nune autre dimension, ce que l\u2019Espagnol, avec ses exploits au<br \/>\nguidon, n\u2019est pas parvenu \u00e0 faire pour l\u2019instant. Et puis, j\u2019ai<br \/>\n\u00e9galement des r\u00e9serves sur son comportement. <strong>En<br \/>\nparticulier, une pens\u00e9e n\u00e9gative li\u00e9e \u00e0 la fa\u00e7on dont il a aid\u00e9<br \/>\nLorenzo a gagner le championnat en 2015<\/strong>\u00a0\u00bb<br \/>\nconfiait-il.<\/p>\n<p>\u00a0<\/p>\n<blockquote class=\"twitter-tweet\" data-width=\"550\" data-dnt=\"true\">\n<p lang=\"en\" dir=\"ltr\">6th place and first Independent rider \u2705<br \/>\n<a href=\"https:\/\/twitter.com\/hashtag\/HungarianGP?src=hash&amp;ref_src=twsrc%5Etfw\" target=\"_blank\" rel=\"noopener\"><br \/>\n#HungarianGP<\/a> \ud83c\udded\ud83c\uddfa<a href=\"https:\/\/twitter.com\/hashtag\/MotoGP?src=hash&amp;ref_src=twsrc%5Etfw\" target=\"_blank\" rel=\"noopener\">#MotoGP<\/a><br \/>\n<a href=\"https:\/\/twitter.com\/hashtag\/PertaminaEnduroVR46RacingTeam?src=hash&amp;ref_src=twsrc%5Etfw\" target=\"_blank\" rel=\"noopener\"><br \/>\n#PertaminaEnduroVR46RacingTeam<\/a> <a href=\"https:\/\/t.co\/hHmXx15d4a\">pic.twitter.com\/hHmXx15d4a<\/a><\/p>\n<p>\u2014 Pertamina Enduro VR46 Racing Team (@VR46RacingTeam) <a href=\"https:\/\/twitter.com\/VR46RacingTeam\/status\/1959666240642756646?ref_src=twsrc%5Etfw\" target=\"_blank\" rel=\"noopener\"><br \/>\nAugust 24, 2025<\/a><\/p>\n<\/blockquote>\n<p>\u00a0<\/p>\n<p>L\u2019Italien s\u2019est \u00e9galement exprim\u00e9 sur Pedro Acosta, qui, on le<br \/>\nsait, a discut\u00e9 avec Ducati VR46 pour une place future.<br \/>\n\u00ab\u00a0Il est vrai que ce pilote a de grandes chances de<br \/>\npiloter ma moto, car il est tr\u00e8s jeune. <strong>Dix ans plus jeune<br \/>\nque moi, il a un titre de champion du monde de plus que moi, et il<br \/>\nest tr\u00e8s prometteur gr\u00e2ce \u00e0 sa vitesse en MotoGP<\/strong>.\u00a0Il<br \/>\na de fortes chances d\u2019avoir toutes les motos qu\u2019il<br \/>\nd\u00e9sire\u00a0\u00bb ajoutait-il.<\/p>\n<p>Alors qu\u2019il va sans doute se faire prolonger dans les semaines<br \/>\nqui arrivent, Franco Morbidelli comprendrait parfaitement qu\u2019un<br \/>\nautre soit privil\u00e9gi\u00e9 \u00e0 un moment donn\u00e9, au vu de son \u00e2ge. \u00ab<br \/>\nJ\u2019aime beaucoup ma moto, mais j\u2019aime encore plus l\u2019\u00e9quipe et ces<br \/>\ncouleurs. Si je ne peux pas donner \u00e0 l\u2019\u00e9quipe ce qu\u2019elle m\u00e9rite, et<br \/>\nqu\u2019Uccio ou Vale pensent que quelqu\u2019un d\u2019autre peut lui donner plus<br \/>\nque moi, <strong>je n\u2019y verrais aucun inconv\u00e9nient ni<br \/>\nrancune<\/strong> \u00bb concluait-il.<\/p>\n<p>Que pensez-vous de ses propos sur 2015\u00a0?<br \/>\n<strong>Dites-le-nous en commentaires\u00a0!<\/strong><\/p>\n<p>\u00a0<\/p>\n<p><img loading=\"lazy\" decoding=\"async\" aria-describedby=\"caption-attachment-1323695\" class=\"size-full wp-image-1323695\" src=\"https:\/\/www.europesays.com\/fr\/wp-content\/uploads\/2025\/08\/54737444285_4d9aaa3578_c.jpg\" alt=\"Morbidelli Rossi\" width=\"800\" height=\"533\"  \/><\/p>\n<p id=\"caption-attachment-1323695\" class=\"wp-caption-text\">Photo de<br \/>\ncouverture : Michelin Motorsport<\/p>\n<p>\u00a0<\/p>\n<p>Photo de couverture : Michelin Motorsport<\/p>\n<p><script async src=\"https:\/\/platform.twitter.com\/widgets.js\" charset=\"utf-8\"><\/script><\/p>\n","protected":false},"excerpt":{"rendered":"Et c\u2019est reparti. Apr\u00e8s avoir r\u00e9alis\u00e9 un bon Grand Prix de Hongrie, Franco Morbidelli s\u2019est exprim\u00e9 sur son&hellip;\n","protected":false},"author":2,"featured_media":350423,"comment_status":"","ping_status":"","sticky":false,"template":"","format":"standard","meta":{"footnotes":""},"categories":[1413],"tags":[1011,27,1457,1456,60],"class_list":{"0":"post-350422","1":"post","2":"type-post","3":"status-publish","4":"format-standard","5":"has-post-thumbnail","7":"category-moto","8":"tag-fr","9":"tag-france","10":"tag-moto","11":"tag-motocycle","12":"tag-sports"},"share_on_mastodon":{"url":"https:\/\/pubeurope.com\/@fr\/115107716723783519","error":""},"_links":{"self":[{"href":"https:\/\/www.europesays.com\/fr\/wp-json\/wp\/v2\/posts\/350422","targetHints":{"allow":["GET"]}}],"collection":[{"href":"https:\/\/www.europesays.com\/fr\/wp-json\/wp\/v2\/posts"}],"about":[{"href":"https:\/\/www.europesays.com\/fr\/wp-json\/wp\/v2\/types\/post"}],"author":[{"embeddable":true,"href":"https:\/\/www.europesays.com\/fr\/wp-json\/wp\/v2\/users\/2"}],"replies":[{"embeddable":true,"href":"https:\/\/www.europesays.com\/fr\/wp-json\/wp\/v2\/comments?post=350422"}],"version-history":[{"count":0,"href":"https:\/\/www.europesays.com\/fr\/wp-json\/wp\/v2\/posts\/350422\/revisions"}],"wp:featuredmedia":[{"embeddable":true,"href":"https:\/\/www.europesays.com\/fr\/wp-json\/wp\/v2\/media\/350423"}],"wp:attachment":[{"href":"https:\/\/www.europesays.com\/fr\/wp-json\/wp\/v2\/media?parent=350422"}],"wp:term":[{"taxonomy":"category","embeddable":true,"href":"https:\/\/www.europesays.com\/fr\/wp-json\/wp\/v2\/categories?post=350422"},{"taxonomy":"post_tag","embeddable":true,"href":"https:\/\/www.europesays.com\/fr\/wp-json\/wp\/v2\/tags?post=350422"}],"curies":[{"name":"wp","href":"https:\/\/api.w.org\/{rel}","templated":true}]}}