{"id":350424,"date":"2025-08-28T18:05:09","date_gmt":"2025-08-28T18:05:09","guid":{"rendered":"https:\/\/www.europesays.com\/fr\/350424\/"},"modified":"2025-08-28T18:05:09","modified_gmt":"2025-08-28T18:05:09","slug":"swiatek-bousculee-mais-qualifiee-eurosport","status":"publish","type":"post","link":"https:\/\/www.europesays.com\/fr\/350424\/","title":{"rendered":"Swiatek bouscul\u00e9e mais qualifi\u00e9e &#8211; Eurosport"},"content":{"rendered":"<ol>\n<li><a href=\"https:\/\/news.google.com\/rss\/articles\/CBMi_AFBVV95cUxPMjJnU0FsTWFZYWpaMmZKbTljZ1VxUXJ2NWdJMV9lVjUxejZTNVA4YjBTUUFUOFF1UGlISTI5RXIxZXZVQ0lMWVZKNHM1aC10MTM1bUZrOVh6X19zM3duQlBIWHZKLWt4TGhtbWhDY0dBQ0c0R2xJVUFZRHNnY2xLVkNXbXMzYzVyaXFDUTdrZ3lKem5XdEV6MTJSMDBXaHctZjJ5bDE0YzRiVVJLTDB1RlJZeDNfeXRBcXBSOXczM3RWT3I2bUNmTWxwNWdpNzJNeVJIbjRoalpZQ2lxUUZPUEdXV0pLTTlBXzVQRjM1dE5PYURBaWQxRnFkUzU?oc=5\" target=\"_blank\" rel=\"nofollow noopener\">Swiatek bouscul\u00e9e mais qualifi\u00e9e<\/a>&nbsp;&nbsp;Eurosport<\/li>\n<li><a href=\"https:\/\/news.google.com\/rss\/articles\/CBMi8AFBVV95cUxQb29YQ1BzWkI1SThxdGdrN2pVOWFKQzJzYV80NXBvVWxhVkVQd2FaNlJrZHl3dm9aUDFoVjdabm9rWkgtUWVocXNXSm1CcXc3N2ZBQlhTM3FiYjZ2ekg5eTVLYUFXTUNTQzN1eUx0TEJTSHRxd2lSN3pYWkEyazQ0b0ltZlMtaGhPM1V6cXZNclI3TllDc2pUVVd3ekhzaTQ2bHBvblBZdVNwMS1zZHl6ZWZXVmUzcjFlMUQySGxERVltbU55MGg0NjA1YXEtN0kyWWRiaGw1aGlTMENQZ0xEdWdzUHp5VTAxc20wZzJtU3k?oc=5\" target=\"_blank\" rel=\"nofollow noopener\">US Open: Gauff chahut\u00e9e, Zverev au pas de course, Royer rescap\u00e9 d\u2019une journ\u00e9e catastrophique pour les Bleus<\/a>&nbsp;&nbsp;Le Figaro<\/li>\n<li><a href=\"https:\/\/news.google.com\/rss\/articles\/CBMiwgFBVV95cUxPSm5NU3B3eHhqeXBTTUZlX1A3QkpOUXN4SXJUUDhkbzk5NlBQR0pYOE9lb25BNlZFcmt1aHVKT21FZU5MNWd2RFhLMlpBYXctang5T0JPeTZvU0c0cF93Sm1MMG1LNDMyRkNVQ055UDBUc2ppZnIwSnR2OG1BUkN2NWMwcmMwb1Znc2p6b1czTGxXdnh5dnBjTXo0VEFFY05oZWw2eDJFYXZyN2dValNvYmU3ZkZJazV4RUdubGFsYm5sQQ?oc=5\" target=\"_blank\" rel=\"nofollow noopener\">Coco Gauff se fait peur mais se qualifie pour le deuxi\u00e8me tour de l&rsquo;US Open<\/a>&nbsp;&nbsp;L&rsquo;\u00c9quipe<\/li>\n<li><a href=\"https:\/\/news.google.com\/rss\/articles\/CBMiqwFBVV95cUxPbnBRUHZObEt3MDVROWZpZEJLdzYzTTFpZzhaRkJsVE4zd3FzVW9UYWk1aFBJRjV6R2NiUUM3ZTh4VTdPQ3NDajVFT2FzUkZXNjEtdXpfaUlXSFVLTHNsZDF6ZDd6MFlESDhiZWstQ1VMVmJJX08xTGc4VTM1Yl9SWFpqUUQ0d2hhNVRlbHBxQmtsSG85UGNOX2syYWM0NFREUG9DcUd1VVFkVk0?oc=5\" target=\"_blank\" rel=\"nofollow noopener\">US Open : Swiatek et Alcaraz impressionnent, Sinner se rassure<\/a>&nbsp;&nbsp;Charente Libre<\/li>\n<li><a href=\"https:\/\/news.google.com\/rss\/articles\/CBMihgJBVV95cUxOZ2JSZHVpWl9wMGh2Y0Q1aHhfbHN0VVlLVDZUYTQ4RVNFVDJvb09tb3lhWDRrTVRJTXhVdy1EQUNpOVA2czJjOVgyUHpGVGlhdHNLRnBIMzNFb0ZqMmI4ZTA4QW9JdzB6T0FZRkFGbUk2UFJTZlFoYzRJdmhSbGNIYVk2eUxnOGpHUDFFd3hGSkRsd0liVjQ1Z1JLY2V4WExzbVBxTVJSN0VXVmNWTnVUTm9zNDJFXzhuLTloZ1JwRkd1T0toREVyR2NVUVA0a3ZMV0RfdWx1UDVRU0VvYTY3X1NRWGVsWThmak9pOGozb0drQlZEUGlselFoUUZfM1MyRXhKVy1B?oc=5\" target=\"_blank\" rel=\"nofollow noopener\">US Open 2025 &#8211; Iga Swiatek : \u00ab\u00a0Le mariage de Taylor Swift ? Je suis contente pour elle, je suis fan depuis 2014 !\u00a0\u00bb<\/a>&nbsp;&nbsp;Orange Actualit\u00e9s | Sports<\/li>\n<\/ol>\n","protected":false},"excerpt":{"rendered":"Swiatek bouscul\u00e9e mais qualifi\u00e9e&nbsp;&nbsp;Eurosport US Open: Gauff chahut\u00e9e, Zverev au pas de course, Royer rescap\u00e9 d\u2019une journ\u00e9e catastrophique&hellip;\n","protected":false},"author":2,"featured_media":1445,"comment_status":"","ping_status":"","sticky":false,"template":"","format":"standard","meta":{"footnotes":""},"categories":[1412],"tags":[1451,1452,1453,1454,1455,1011,27,60],"class_list":{"0":"post-350424","1":"post","2":"type-post","3":"status-publish","4":"format-standard","5":"has-post-thumbnail","7":"category-f1","8":"tag-f1","9":"tag-formula-1","10":"tag-formula1","11":"tag-formule-1","12":"tag-formule1","13":"tag-fr","14":"tag-france","15":"tag-sports"},"share_on_mastodon":{"url":"https:\/\/pubeurope.com\/@fr\/115107720263520834","error":""},"_links":{"self":[{"href":"https:\/\/www.europesays.com\/fr\/wp-json\/wp\/v2\/posts\/350424","targetHints":{"allow":["GET"]}}],"collection":[{"href":"https:\/\/www.europesays.com\/fr\/wp-json\/wp\/v2\/posts"}],"about":[{"href":"https:\/\/www.europesays.com\/fr\/wp-json\/wp\/v2\/types\/post"}],"author":[{"embeddable":true,"href":"https:\/\/www.europesays.com\/fr\/wp-json\/wp\/v2\/users\/2"}],"replies":[{"embeddable":true,"href":"https:\/\/www.europesays.com\/fr\/wp-json\/wp\/v2\/comments?post=350424"}],"version-history":[{"count":0,"href":"https:\/\/www.europesays.com\/fr\/wp-json\/wp\/v2\/posts\/350424\/revisions"}],"wp:featuredmedia":[{"embeddable":true,"href":"https:\/\/www.europesays.com\/fr\/wp-json\/wp\/v2\/media\/1445"}],"wp:attachment":[{"href":"https:\/\/www.europesays.com\/fr\/wp-json\/wp\/v2\/media?parent=350424"}],"wp:term":[{"taxonomy":"category","embeddable":true,"href":"https:\/\/www.europesays.com\/fr\/wp-json\/wp\/v2\/categories?post=350424"},{"taxonomy":"post_tag","embeddable":true,"href":"https:\/\/www.europesays.com\/fr\/wp-json\/wp\/v2\/tags?post=350424"}],"curies":[{"name":"wp","href":"https:\/\/api.w.org\/{rel}","templated":true}]}}