{"id":350426,"date":"2025-08-28T18:11:18","date_gmt":"2025-08-28T18:11:18","guid":{"rendered":"https:\/\/www.europesays.com\/fr\/350426\/"},"modified":"2025-08-28T18:11:18","modified_gmt":"2025-08-28T18:11:18","slug":"lattaquant-du-fc-metz-brian-madjo-refuse-sa-convocation-en-selection","status":"publish","type":"post","link":"https:\/\/www.europesays.com\/fr\/350426\/","title":{"rendered":"l&rsquo;attaquant du FC Metz Brian Madjo refuse sa convocation en s\u00e9lection"},"content":{"rendered":"<p>C\u2019est un v\u00e9ritable coup de tonnerre pour la s\u00e9lection luxembourgeoise\u00a0! Alors qu\u2019il tenait sa conf\u00e9rence de presse avant les rencontres du mois de septembre face \u00e0 la Slovaquie et l\u2019Irlande du Nord (qualifications pour le Mondial-2026), Jeff Strasser, le nouveau patron des Roud L\u00e9iwen, a annonc\u00e9 que <a href=\"https:\/\/www.republicain-lorrain.fr\/sport\/2025\/07\/10\/fc-metz-le-grand-espoir-brian-madjo-signe-son-premier-contrat-pro\" target=\"_blank\" rel=\"nofollow noopener\">Brian Madjo<\/a> ne souhaitait plus, \u00e0 l\u2019avenir, repr\u00e9senter le Grand-Duch\u00e9. \u00ab\u00a0Afin de vivre une nouvelle aventure\u00a0\u00bb, aurait pr\u00e9cis\u00e9 <a href=\"https:\/\/www.republicain-lorrain.fr\/sport\/2025\/08\/21\/j-ai-vraiment-envie-de-le-rencontrer-brian-madjo-vu-par-nico-braun-le-meilleur-buteur-de-l-histoire-du-fc-metz\" target=\"_blank\" rel=\"nofollow noopener\">le jeune attaquant du FC Metz (16 ans)<\/a>.<\/p>\n<p>Brian Madjo \u2013 d&rsquo;origine camerounaise, il est n\u00e9 en Angleterre \u2013 aurait pr\u00e9venu son s\u00e9lectionneur d\u00e8s lundi matin. \u00ab\u00a0J\u2019ai eu l\u2019impression que ce n\u2019est pas lui qui avait fait ce choix\u00a0\u00bb, a soulign\u00e9 l\u2019ancien d\u00e9fenseur des Grenats.<\/p>\n<p>Ce contenu est bloqu\u00e9 car vous n&rsquo;avez pas accept\u00e9 les cookies et autres traceurs.<\/p>\n<p>En cliquant sur \u00ab J\u2019accepte \u00bb, les cookies et autres traceurs seront d\u00e9pos\u00e9s et vous pourrez visualiser les contenus  (<a href=\"\" class=\"consentModule_policy\" target=\"_blank\" title=\"Consulter la politique de protection des donn\u00e9es du fournisseur\">plus d&rsquo;informations<\/a>).<\/p>\n<p>En cliquant sur \u00ab J\u2019accepte tous les cookies \u00bb, vous autorisez des d\u00e9p\u00f4ts de cookies et autres traceurs pour le stockage de vos donn\u00e9es sur nos sites et applications \u00e0 des fins de personnalisation et de ciblage publicitaire.<\/p>\n<p class=\"consentModule_secondaryText\">Vous gardez la possibilit\u00e9 de retirer votre consentement \u00e0 tout moment en consultant notre <a href=\"https:\/\/www.republicain-lorrain.fr\/protection-des-donnees\" target=\"_blank\" title=\"Consulter notre politique de protection des donn\u00e9es\" rel=\"nofollow noopener\">politique de protection des donn\u00e9es<\/a>. <br \/>&#13;<br \/>\n            <a href=\"https:\/\/www.republicain-lorrain.fr\/sport\/2025\/08\/28\/javascript:Didomi.notice.show()\" class=\"consentModule_cmp\" rel=\"nofollow noopener\" target=\"_blank\">G\u00e9rer mes choix<\/a>&#13;\n        <\/p>\n<p>&#13;<br \/>\n                        J&rsquo;accepte&#13;<br \/>\n            J&rsquo;accepte tous les cookies&#13;\n        <\/p>\n<p>  Une r\u00e9union ce jeudi apr\u00e8s-midi<\/p>\n<p>Une r\u00e9union devrait se tenir ce jeudi apr\u00e8s-midi en pr\u00e9sence des proches et des repr\u00e9sentants du joueur. Une entrevue a \u00e9galement \u00e9t\u00e9 demand\u00e9e par le FC Metz \u2013 avec qui l\u2019attaquant luxembourgeois est li\u00e9 jusqu\u2019en juin 2028 \u2013, <a href=\"https:\/\/lequotidien.lu\/sport-national\/football-moris-continue-mais-madjo-refuse-la-selection\/\" target=\"_blank\" rel=\"nofollow noopener\">rapportent nos confr\u00e8res du Quotidien<\/a>.<\/p>\n<p><a href=\"https:\/\/www.republicain-lorrain.fr\/sport\/2025\/08\/14\/fc-metz-la-fiche-de-brian-madjo\" target=\"_blank\" rel=\"nofollow noopener\">Brian Madjo<\/a>, titularis\u00e9 \u00e0 la pointe de l\u2019attaque messine lors des deux premi\u00e8res journ\u00e9es de Ligue 1, avait fait <a href=\"https:\/\/www.republicain-lorrain.fr\/sport\/2025\/03\/25\/de-notre-point-de-vue-il-a-tout\" target=\"_blank\" rel=\"nofollow noopener\">ses grands d\u00e9buts avec l&rsquo;\u00e9quipe nationale grand-ducale<\/a> le 22 mars lors de la victoire en amical face \u00e0 la Su\u00e8de (1-0).<\/p>\n<p>Que dit le r\u00e9glement de la FIFA\u00a0?<\/p>\n<p>Les crit\u00e8res permettant \u00e0 un joueur de changer de nationalit\u00e9 sportive sont les suivants :<\/p>\n<p>\u25ba avoir moins de 21 ans lors du dernier match disput\u00e9 avec la pr\u00e9c\u00e9dente \u00e9quipe nationale ;<br \/>\u25ba ne pas avoir disput\u00e9 plus de trois matchs avec l&rsquo;\u00e9quipe A de la pr\u00e9c\u00e9dente \u00e9quipe nationale ;<br \/>\u25ba que trois ans se soient \u00e9coul\u00e9s depuis le dernier match disput\u00e9 avec la pr\u00e9c\u00e9dente \u00e9quipe nationale ;<br \/>\u25ba ne pas avoir disput\u00e9 de match de phase finale avec la pr\u00e9c\u00e9dente \u00e9quipe nationale.<\/p>\n","protected":false},"excerpt":{"rendered":"C\u2019est un v\u00e9ritable coup de tonnerre pour la s\u00e9lection luxembourgeoise\u00a0! Alors qu\u2019il tenait sa conf\u00e9rence de presse avant&hellip;\n","protected":false},"author":2,"featured_media":350428,"comment_status":"","ping_status":"","sticky":false,"template":"","format":"standard","meta":{"footnotes":""},"categories":[1410],"tags":[5598,8113,107,1701,63,1011,27,15831,6212,6213,517,1700,60],"class_list":{"0":"post-350426","1":"post","2":"type-post","3":"status-publish","4":"format-standard","5":"has-post-thumbnail","7":"category-football","8":"tag-edition-metz-et-agglomeration","9":"tag-fc-metz","10":"tag-fil-info","11":"tag-fil-info-sport","12":"tag-football","13":"tag-fr","14":"tag-france","15":"tag-luxembourg","16":"tag-metz","17":"tag-metz-ville-57b","18":"tag-sport","19":"tag-sport-lorrain","20":"tag-sports"},"share_on_mastodon":{"url":"https:\/\/pubeurope.com\/@fr\/115107743866432071","error":""},"_links":{"self":[{"href":"https:\/\/www.europesays.com\/fr\/wp-json\/wp\/v2\/posts\/350426","targetHints":{"allow":["GET"]}}],"collection":[{"href":"https:\/\/www.europesays.com\/fr\/wp-json\/wp\/v2\/posts"}],"about":[{"href":"https:\/\/www.europesays.com\/fr\/wp-json\/wp\/v2\/types\/post"}],"author":[{"embeddable":true,"href":"https:\/\/www.europesays.com\/fr\/wp-json\/wp\/v2\/users\/2"}],"replies":[{"embeddable":true,"href":"https:\/\/www.europesays.com\/fr\/wp-json\/wp\/v2\/comments?post=350426"}],"version-history":[{"count":0,"href":"https:\/\/www.europesays.com\/fr\/wp-json\/wp\/v2\/posts\/350426\/revisions"}],"wp:featuredmedia":[{"embeddable":true,"href":"https:\/\/www.europesays.com\/fr\/wp-json\/wp\/v2\/media\/350428"}],"wp:attachment":[{"href":"https:\/\/www.europesays.com\/fr\/wp-json\/wp\/v2\/media?parent=350426"}],"wp:term":[{"taxonomy":"category","embeddable":true,"href":"https:\/\/www.europesays.com\/fr\/wp-json\/wp\/v2\/categories?post=350426"},{"taxonomy":"post_tag","embeddable":true,"href":"https:\/\/www.europesays.com\/fr\/wp-json\/wp\/v2\/tags?post=350426"}],"curies":[{"name":"wp","href":"https:\/\/api.w.org\/{rel}","templated":true}]}}