{"id":350429,"date":"2025-08-28T18:12:20","date_gmt":"2025-08-28T18:12:20","guid":{"rendered":"https:\/\/www.europesays.com\/fr\/350429\/"},"modified":"2025-08-28T18:12:20","modified_gmt":"2025-08-28T18:12:20","slug":"anne-elisabeth-lemoine-thierry-ardisson-se-savait-gravement-malade-lors-de-sa-venue-dans-c-a-vous-mais-moi-je-lignorais-exclu","status":"publish","type":"post","link":"https:\/\/www.europesays.com\/fr\/350429\/","title":{"rendered":"Anne-Elisabeth Lemoine : \u00ab\u00a0Thierry Ardisson se savait gravement malade lors de sa venue dans C \u00e0 Vous, mais moi je l\u2019ignorais\u00a0\u00bb (EXCLU)"},"content":{"rendered":"<p>Cette saison est celle des changements pour\u00a0Anne-Elisabeth Lemoine. A l\u2019antenne cinq jours sur sept depuis 7 ans, l\u2019animatrice va cette ann\u00e9e c\u00e9der sa place tous les vendredis \u00e0   <a href=\"https:\/\/www.programme-television.org\/news\/people\/vie-privee\/je-n-ai-pas-dormi-de-la-nuit-40-de-fievre-mohamed-bouhafsi-se-confie-sur-sa-blessure-qui-l-a-conduit-a-l-hopital-4744696\" target=\"_self\" rel=\"nofollow noopener\">Mohamed\u00a0<\/a>  <a href=\"https:\/\/www.programme-television.org\/news\/people\/vie-privee\/je-n-ai-pas-dormi-de-la-nuit-40-de-fievre-mohamed-bouhafsi-se-confie-sur-sa-blessure-qui-l-a-conduit-a-l-hopital-4744696\" target=\"_self\" rel=\"nofollow noopener\">Bouhafsi<\/a>\u00a0qui occupera\u00a0\u00e9galement l\u2019antenne tous les samedis.<\/p>\n<p><a id=\"eztoc103278586_1\"\/>Anne-Elisabeth Lemoine se souvient de la derni\u00e8re apparition de Thierry Ardisson dans C \u00e0 vous<\/p>\n<p>Une rentr\u00e9e riche en \u00e9motion apr\u00e8s   <a href=\"https:\/\/www.programme-television.org\/news\/people\/ils-nous-ont-quittes\/thierry-ardisson-est-mort-a-l-age-de-76-ans-4743118\" target=\"_self\" rel=\"nofollow noopener\">un \u00e9t\u00e9 marqu\u00e9 par la disparition de Thierry Ardisson<\/a>. En effet, l\u2019animateur de Tout le monde en parle et 93 Faubourg Saint- Honor\u00e9, \u00e9tait venu en mai dernier sur le plateau de C \u00e0 vous\u00a0pour la sortie de son livre L\u2019Homme en noir. \u00ab\u00a0Ce qui m\u2019a beaucoup \u00e9mue,\u00a0nous a confi\u00e9 Anne-Elisabeth Lemoine,\u00a0c\u2019est que nous avons \u00e9voqu\u00e9 la mani\u00e8re dont il imaginait sa mort et ce qu\u2019il aimerait qu\u2019on retienne de lui. Il se savait gravement malade au moment de l\u2019\u00e9mission, mais moi je l\u2019ignorais. Je me souviens aussi de la tendresse de sa femme, Audrey\u00a0Crespo-Mara, qui l\u2019accompagnait \u00e0 chaque fois et qui \u00e9tait particuli\u00e8rement attentive.\u00a0Je l\u2019ai r\u00e9alis\u00e9 r\u00e9trospectivement.\u00a0J\u2019\u00e9tais tr\u00e8s \u00e9mue par leur couple.\u00a0\u00bb<\/p>\n<p>Audrey\u00a0Crespo-Mara,\u00a0qui\u00a0a accompagn\u00e9 son mari jusqu\u2019\u00e0 la fin,\u00a0avait d\u2019ailleurs remerci\u00e9 chaleureusement\u00a0ses \u00e9quipes et\u00a0les t\u00e9l\u00e9spectateurs   <a href=\"https:\/\/www.programme-television.org\/news\/tv\/sequences-tele\/cet-ete-douloureux-tres-emue-audrey-crepo-mara-rend-hommage-a-thierry-ardisson-pour-son-dernier-jt-du-week-end-sur-tf1-4744272\" target=\"_self\" rel=\"nofollow noopener\">lors de son dernier JT estival<\/a>  <a href=\"https:\/\/www.programme-television.org\/news\/tv\/sequences-tele\/cet-ete-douloureux-tres-emue-audrey-crepo-mara-rend-hommage-a-thierry-ardisson-pour-son-dernier-jt-du-week-end-sur-tf1-4744272\" target=\"_self\" rel=\"nofollow noopener\">\u00a0sur TF1<\/a>  <a href=\"https:\/\/www.programme-television.org\/news\/tv\/sequences-tele\/cet-ete-douloureux-tres-emue-audrey-crepo-mara-rend-hommage-a-thierry-ardisson-pour-son-dernier-jt-du-week-end-sur-tf1-4744272\" target=\"_self\" rel=\"nofollow noopener\">\u00a0le 17 aout.<\/a> \u00ab\u00a0Permettez-moi de remercier toutes celles et ceux qui, \u00e0 TF1, m&rsquo;ont merveilleusement accompagn\u00e9e durant cet \u00e9t\u00e9 douloureux. Je vous remercie aussi pour votre fid\u00e9lit\u00e9 derri\u00e8re l&rsquo;\u00e9cran\u00a0\u00bb, avait-elle\u00a0d\u00e9clar\u00e9\u00a0au bord des larmes. \u00ab\u00a0Vos attentions me vont droit au c\u0153ur, o\u00f9 se trouve l&rsquo;homme que vous connaissez et que j&rsquo;aime \u00e9perdument. Merci infiniment. \u00c0 bient\u00f4t\u00a0\u00bb, a conclu la journaliste avant le g\u00e9n\u00e9rique de fin.<\/p>\n<p><a id=\"eztoc103278586_2\"\/>\u00ab\u00a0La\u00a0lucidit\u00e9 de Thierry Ardisson \u00e9tait un grand cadeau\u00a0\u00bb<\/p>\n<p>Dans le documentaire La face cach\u00e9e de l&rsquo;homme en noir, diffus\u00e9 le\u00a0mercredi 16 juillet\u00a0sur TF1, Thierry Ardisson,\u00a0film\u00e9 depuis plusieurs mois par son \u00e9pouse alors qu&rsquo;il se battait contre le cancer,\u00a0y \u00e9tait c\u00e9l\u00e9br\u00e9 par sa famille, ses proches et ses fid\u00e8les collaborateurs.\u00a0\u00ab\u00a0Jusqu\u2019au bout, il a \u00e9t\u00e9 un immense\u00a0professionnel et un grand amoureux de la t\u00e9l\u00e9vision, commente Anne-Elisabeth Lemoine.\u00a0Il \u00e9tait extr\u00eamement bienveillant. Il l\u2019a toujours \u00e9t\u00e9 \u00e0 mon \u00e9gard et \u00e0 l\u2019\u00e9gard de ceux qui faisaient le m\u00eame m\u00e9tier que lui \u2014 avec lesquels parfois il n\u2019\u00e9tait pas tendre \u2014 mais sa lucidit\u00e9 \u00e9tait un grand cadeau, car il a invent\u00e9 beaucoup de choses \u00e0 la t\u00e9l\u00e9vision. Il savait mener un plateau, il \u00e9tait tr\u00e8s inventif, cr\u00e9atif.\u00a0Il y a quelques ann\u00e9es, j\u2019ai eu une id\u00e9e de livre. Il m\u2019a tout de suite propos\u00e9 qu\u2019on d\u00e9jeune ensemble pour en parler. Quand on s\u2019est revu en mai sur le plateau, il m\u2019a dit\u00a0: \u00ab\u00a0Dis donc, il en est o\u00f9 ton livre\u00a0?\u00a0\u00bb. Il s\u2019en est rappel\u00e9 alors qu\u2019il avait bien d\u2019autres pr\u00e9occupations en t\u00eate\u2026\u00a0Sa disparition est une grande tristesse.\u00a0\u00bb\n            <\/p>\n","protected":false},"excerpt":{"rendered":"Cette saison est celle des changements pour\u00a0Anne-Elisabeth Lemoine. A l\u2019antenne cinq jours sur sept depuis 7 ans, l\u2019animatrice&hellip;\n","protected":false},"author":2,"featured_media":350430,"comment_status":"","ping_status":"","sticky":false,"template":"","format":"standard","meta":{"footnotes":""},"categories":[1359],"tags":[58,59,1011,27,973],"class_list":{"0":"post-350429","1":"post","2":"type-post","3":"status-publish","4":"format-standard","5":"has-post-thumbnail","7":"category-people","8":"tag-divertissement","9":"tag-entertainment","10":"tag-fr","11":"tag-france","12":"tag-people"},"share_on_mastodon":{"url":"https:\/\/pubeurope.com\/@fr\/115107747764610183","error":""},"_links":{"self":[{"href":"https:\/\/www.europesays.com\/fr\/wp-json\/wp\/v2\/posts\/350429","targetHints":{"allow":["GET"]}}],"collection":[{"href":"https:\/\/www.europesays.com\/fr\/wp-json\/wp\/v2\/posts"}],"about":[{"href":"https:\/\/www.europesays.com\/fr\/wp-json\/wp\/v2\/types\/post"}],"author":[{"embeddable":true,"href":"https:\/\/www.europesays.com\/fr\/wp-json\/wp\/v2\/users\/2"}],"replies":[{"embeddable":true,"href":"https:\/\/www.europesays.com\/fr\/wp-json\/wp\/v2\/comments?post=350429"}],"version-history":[{"count":0,"href":"https:\/\/www.europesays.com\/fr\/wp-json\/wp\/v2\/posts\/350429\/revisions"}],"wp:featuredmedia":[{"embeddable":true,"href":"https:\/\/www.europesays.com\/fr\/wp-json\/wp\/v2\/media\/350430"}],"wp:attachment":[{"href":"https:\/\/www.europesays.com\/fr\/wp-json\/wp\/v2\/media?parent=350429"}],"wp:term":[{"taxonomy":"category","embeddable":true,"href":"https:\/\/www.europesays.com\/fr\/wp-json\/wp\/v2\/categories?post=350429"},{"taxonomy":"post_tag","embeddable":true,"href":"https:\/\/www.europesays.com\/fr\/wp-json\/wp\/v2\/tags?post=350429"}],"curies":[{"name":"wp","href":"https:\/\/api.w.org\/{rel}","templated":true}]}}