{"id":35043,"date":"2025-04-18T22:35:18","date_gmt":"2025-04-18T22:35:18","guid":{"rendered":"https:\/\/www.europesays.com\/fr\/35043\/"},"modified":"2025-04-18T22:35:18","modified_gmt":"2025-04-18T22:35:18","slug":"bruno-bernard-envoie-des-coups-en-reponse","status":"publish","type":"post","link":"https:\/\/www.europesays.com\/fr\/35043\/","title":{"rendered":"Bruno Bernard envoie des coups en r\u00e9ponse"},"content":{"rendered":"<p>            Par<br \/>\n        <strong><br \/>\n            <a href=\"https:\/\/actu.fr\/auteur\/nicolas-zaugra\" title=\"Consulter tous les articles de Nicolas Zaugra\" target=\"_blank\" rel=\"noopener\">Nicolas Zaugra<\/a><br \/>\n        <\/strong><\/p>\n<p>        Publi\u00e9 le<\/p>\n<p>            18 avr. 2025 \u00e0 6h32        <\/p>\n<p>\u00ab Je n\u2019investirai plus dans des villes \u00e9cologistes \u00bb : la sortie r\u00e9cente du PDG du <a href=\"https:\/\/actu.fr\/auvergne-rhone-alpes\/lyon_69123\/lyon-le-patron-d-un-geant-de-l-industrie-arrete-tout-projet-dans-les-villes-ecologistes_62521074.html\" target=\"_blank\" rel=\"noopener\">groupe fran\u00e7ais Safran<\/a> Olivier Andri\u00e8s, g\u00e9ant de l\u2019a\u00e9ronautique, provoque de vives tensions politiques. En s\u2019en prenant aux \u00e9lus \u00e9cologistes, le grand patron donne aussi un argument aux opposants \u00e0 la M\u00e9tropole de <a href=\"https:\/\/actu.fr\/auvergne-rhone-alpes\/lyon_69123\" target=\"_blank\" rel=\"noopener\">Lyon<\/a>. Les \u00e9lus de droite du Grand Lyon en profitent pour tacler la \u00ab\u00a0d\u00e9croissance\u00a0\u00bb port\u00e9e par les \u00e9cologistes et accusent <a href=\"https:\/\/actu.fr\/auvergne-rhone-alpes\/lyon_69123\/exclusif-bruno-bernard-nous-allons-decaler-des-travaux-dans-la-metropole-de-lyon_61957941.html\" target=\"_blank\" rel=\"noopener\">Bruno Bernard<\/a>, le pr\u00e9sident de la M\u00e9tropole, d\u2019\u00eatre responsable d\u2019un <strong>projet d\u2019usine de Safran<\/strong> qui ne se fera pas dans la m\u00e9tropole. Sa r\u00e9ponse n\u2019a pas tard\u00e9\u2026<\/p>\n<p>\u00ab\u00a0De la d\u00e9magogie dans toute sa splendeur\u00a0\u00bb<\/p>\n<p class=\" wall-content\">\u00ab\u00a0La d\u00e9magogie, dans toute sa splendeur. Soit, vous mentez, soit vous ne suivez pas les conseils m\u00e9tropolitains auxquels vous assistez, car concernant la M\u00e9tropole de Lyon. Le choix de non-implantation de Safran en 2023 (quasiment d\u00e9cid\u00e9 il y a deux ans) n\u2019est pas de notre fait.\u00a0\u00bb, \u00e9crit Bruno Bernard sur X.<\/p>\n<p class=\" wall-content\">Le pr\u00e9sident de la M\u00e9tropole de Lyon r\u00e9pond directement \u00e0 son opposant <a href=\"https:\/\/actu.fr\/auvergne-rhone-alpes\/lyon_69123\/lyon-zfe-encadrement-des-loyers-pistes-cyclables-gilles-gascon-veut-la-fin-de-certains-projets_62100980.html\" target=\"_blank\" rel=\"noopener\">Gilles Gascon<\/a>, maire LR de Saint-Priest et patron du groupe d\u2019opposition de la droite et du centre.\u00a0<\/p>\n<p class=\" wall-content\">\n<p class=\" wall-content\">\u00ab\u00a0Car pour rappel, quand Safran souhaite s\u2019implanter dans la M\u00e9tropole de Lyon en 2019, la R\u00e9gion dirig\u00e9e par votre parti (LR) menace m\u00eame le projet en affirmant vouloir lui retirer les 4 millions d\u2019euros pr\u00e9vus pour son implantation\u00a0\u00bb, tacle Bruno Bernard.<\/p>\n<p class=\" wall-content\">\u00ab\u00a0De notre c\u00f4t\u00e9, la M\u00e9tropole de Lyon, que ce soit sous la mandature de David Kimelfeld ou sous la mandature actuelle, a toujours accompagn\u00e9 Safran tout au long de ce processus. Soyons tr\u00e8s clairs sur les faits : Safran a renonc\u00e9 au site de Feyzin d\u00e8s 2021 parce que la localisation choisie en 2019 n\u2019\u00e9tait pas adapt\u00e9e \u00e0 son projet industriel\u00a0\u00bb.<\/p>\n<blockquote class=\"ac-article-quote wall-content\">\n<p>Votre tentative de r\u00e9cup\u00e9ration politique tombe donc compl\u00e8tement \u00e0 c\u00f4t\u00e9 des faits : non seulement la M\u00e9tropole n&rsquo;a pas provoqu\u00e9 le d\u00e9part de Safran, mais en plus, elle a r\u00e9agi imm\u00e9diatement pour s\u00e9curiser l&rsquo;avenir industriel du site concern\u00e9. Vos raccourcis politiques ne r\u00e9sistent donc pas une seconde \u00e0 la confrontation avec la r\u00e9alit\u00e9. Et si jamais la m\u00e9moire vous manque, vous \u00e9tiez pr\u00e9sent le 25 septembre 2023 lors du Conseil M\u00e9tropolitain o\u00f9 ces informations \u00e9taient communiqu\u00e9es. <\/p>\n<p>    <strong>Bruno Bernard, pr\u00e9sident \u00e9cologiste de la M\u00e9tropole de Lyon<\/strong>\n            <\/p><\/blockquote>\n<p>Le projet d\u2019usine de Safran dans l\u2019Ain ?<\/p>\n<p class=\" wall-content\">Le projet d\u2019usine de Safran \u00e0 Feyzin sera en effet remplac\u00e9 par un projet de village \u00ab \u00e9co-circulair \u00bb, o\u00f9 700 emplois doivent voir le jour d\u2019ici 2026. Le conseil m\u00e9tropolitain a act\u00e9 une nouvelle \u00e9tape le 14 avril dernier. \u00ab\u00a0Le site industriel pr\u00e9vu va produire jusqu\u2019\u00e0 4 fois plus d\u2019emplois\u00a0\u00bb que le projet de Safran, d\u00e9fend d\u2019ailleurs Bruno Bernard.<\/p>\n<p class=\" wall-content\">L\u2019industriel pourrait finalement implanter son projet d\u2019usine dans la plaine de l\u2019Ain, dans le d\u00e9partement voisin. Le patron de Safran explique qu\u2019il est frein\u00e9 par la hausse des prix de l\u2019\u00e9nergie ces derni\u00e8res ann\u00e9es.<\/p>\n<p>L\u2019opposition persiste et d\u00e9nonce \u00ab\u00a0la d\u00e9croissance\u00a0\u00bb \u00e9cologiste<\/p>\n<p class=\" wall-content\">Pour Gilles Gascon, les critiques du parton de Safran montrent \u00ab\u00a0l\u2019aversion chronique des \u00e9cologistes pour l\u2019a\u00e9ronautique et l\u2019automobile. Je comprends que \u00e7a vous emp\u00eache de dormir\u00a0\u00bb, r\u00e9pond-il \u00e0 Bruno Bernard.\u00a0<\/p>\n<p class=\" wall-content\">La candidate LR \u00e0 la M\u00e9tropole,\u00a0V\u00e9ronique Sarselli, d\u00e9nonce \u00ab\u00a0une M\u00e9tropole (qui) tourne le dos aux entreprises\u00a0\u00bb qui \u00ab\u00a0renonce \u00e0 son attractivit\u00e9\u00a0\u00bb.\u00a0<\/p>\n<p class=\" wall-content\">Le maire Les R\u00e9publicains d\u2019\u00c9cully, S\u00e9bastien Michel, regrette le \u00ab dogmatisme des \u00e9cologistes qui freine le progr\u00e8s et l\u2019attractivit\u00e9 \u00e9conomique \u00bb. Gilles Gascon, le pr\u00e9sident du groupe d\u2019opposition de la droite et du centre, fustige \u00ab des centaines d\u2019emplois sacrifi\u00e9s, des millions d\u2019euros d\u2019investissements envol\u00e9s. \u00bb<\/p>\n<p class=\" wall-content\">Suivez toute l\u2019actualit\u00e9 de vos villes et m\u00e9dias favoris en vous inscrivant \u00e0 <a href=\"https:\/\/moncompte.actu.fr\" title=\"D\u00e9couvez Mon Actu\" rel=\"nofollow noopener\" data-trk=\"{&quot;cta&quot;:{&quot;action&quot;:&quot;https:\\\/\\\/moncompte.actu.fr&quot;,&quot;category&quot;:&quot;mon compte&quot;,&quot;from&quot;:&quot;article footer&quot;,&quot;name&quot;:&quot;Mon actu&quot;,&quot;type&quot;:&quot;cta&quot;}}\" target=\"_blank\">Mon Actu<\/a>.<\/p>\n","protected":false},"excerpt":{"rendered":"Par Nicolas Zaugra Publi\u00e9 le 18 avr. 2025 \u00e0 6h32 \u00ab Je n\u2019investirai plus dans des villes \u00e9cologistes&hellip;\n","protected":false},"author":2,"featured_media":35044,"comment_status":"","ping_status":"","sticky":false,"template":"","format":"standard","meta":{"footnotes":""},"categories":[1889],"tags":[1111,11,2430,5921,341,1777,674,7430,1011,27,2428,12,316,25],"class_list":{"0":"post-35043","1":"post","2":"type-post","3":"status-publish","4":"format-standard","5":"has-post-thumbnail","7":"category-lyon","8":"tag-actu","9":"tag-actualites","10":"tag-auvergne-rhone-alpes","11":"tag-bruno-bernard","12":"tag-emploi","13":"tag-eu","14":"tag-europe","15":"tag-europe-ecologie-les-verts-eelv","16":"tag-fr","17":"tag-france","18":"tag-lyon","19":"tag-news","20":"tag-politique","21":"tag-republique-francaise"},"share_on_mastodon":{"url":"https:\/\/pubeurope.com\/@fr\/114361357154515755","error":""},"_links":{"self":[{"href":"https:\/\/www.europesays.com\/fr\/wp-json\/wp\/v2\/posts\/35043","targetHints":{"allow":["GET"]}}],"collection":[{"href":"https:\/\/www.europesays.com\/fr\/wp-json\/wp\/v2\/posts"}],"about":[{"href":"https:\/\/www.europesays.com\/fr\/wp-json\/wp\/v2\/types\/post"}],"author":[{"embeddable":true,"href":"https:\/\/www.europesays.com\/fr\/wp-json\/wp\/v2\/users\/2"}],"replies":[{"embeddable":true,"href":"https:\/\/www.europesays.com\/fr\/wp-json\/wp\/v2\/comments?post=35043"}],"version-history":[{"count":0,"href":"https:\/\/www.europesays.com\/fr\/wp-json\/wp\/v2\/posts\/35043\/revisions"}],"wp:featuredmedia":[{"embeddable":true,"href":"https:\/\/www.europesays.com\/fr\/wp-json\/wp\/v2\/media\/35044"}],"wp:attachment":[{"href":"https:\/\/www.europesays.com\/fr\/wp-json\/wp\/v2\/media?parent=35043"}],"wp:term":[{"taxonomy":"category","embeddable":true,"href":"https:\/\/www.europesays.com\/fr\/wp-json\/wp\/v2\/categories?post=35043"},{"taxonomy":"post_tag","embeddable":true,"href":"https:\/\/www.europesays.com\/fr\/wp-json\/wp\/v2\/tags?post=35043"}],"curies":[{"name":"wp","href":"https:\/\/api.w.org\/{rel}","templated":true}]}}