{"id":350431,"date":"2025-08-28T18:13:15","date_gmt":"2025-08-28T18:13:15","guid":{"rendered":"https:\/\/www.europesays.com\/fr\/350431\/"},"modified":"2025-08-28T18:13:15","modified_gmt":"2025-08-28T18:13:15","slug":"cet-ancien-artisan-macon-est-devenu-sculpteur","status":"publish","type":"post","link":"https:\/\/www.europesays.com\/fr\/350431\/","title":{"rendered":"cet ancien artisan ma\u00e7on est devenu sculpteur"},"content":{"rendered":"<p>\u00abJe ne savais pas que j\u2019avais cette passion en moi, et je l\u2019ai d\u00e9couverte \u00e0 ma retraite en voulant m\u2019occuper.\u00a0\u00bb Depuis une quinzaine d\u2019ann\u00e9es, Jean Julien, ancien artisan ma\u00e7on, s\u2019adonne \u00e0 la sculpture sur pierre. Cet habitant de Minot a \u00ab\u00a0pr\u00e9f\u00e9r\u00e9 cette occupation \u00e0 d\u2019autres, comme la randonn\u00e9e que pratique beaucoup de retrait\u00e9s\u00a0\u00bb.<\/p>\n<p>\u00ab\u00a0Au d\u00e9but, j\u2019ai eu la chance d\u2019acqu\u00e9rir d\u2019anciens b\u00e2timents&#8230;<\/p>\n","protected":false},"excerpt":{"rendered":"\u00abJe ne savais pas que j\u2019avais cette passion en moi, et je l\u2019ai d\u00e9couverte \u00e0 ma retraite en&hellip;\n","protected":false},"author":2,"featured_media":350432,"comment_status":"","ping_status":"","sticky":false,"template":"","format":"standard","meta":{"footnotes":""},"categories":[1358],"tags":[1348,1384,1385,28567,2931,1687,1386,58,11743,59,2271,107,1011,27,46364],"class_list":{"0":"post-350431","1":"post","2":"type-post","3":"status-publish","4":"format-standard","5":"has-post-thumbnail","7":"category-arts-et-design","8":"tag-arts","9":"tag-arts-and-design","10":"tag-arts-et-design","11":"tag-chatillonnais","12":"tag-cote-dor","13":"tag-culture-loisirs","14":"tag-design","15":"tag-divertissement","16":"tag-edition-haute-cote-dor","17":"tag-entertainment","18":"tag-exposition-arts-plastiques","19":"tag-fil-info","20":"tag-fr","21":"tag-france","22":"tag-minot"},"share_on_mastodon":{"url":"https:\/\/pubeurope.com\/@fr\/115107751730857493","error":""},"_links":{"self":[{"href":"https:\/\/www.europesays.com\/fr\/wp-json\/wp\/v2\/posts\/350431","targetHints":{"allow":["GET"]}}],"collection":[{"href":"https:\/\/www.europesays.com\/fr\/wp-json\/wp\/v2\/posts"}],"about":[{"href":"https:\/\/www.europesays.com\/fr\/wp-json\/wp\/v2\/types\/post"}],"author":[{"embeddable":true,"href":"https:\/\/www.europesays.com\/fr\/wp-json\/wp\/v2\/users\/2"}],"replies":[{"embeddable":true,"href":"https:\/\/www.europesays.com\/fr\/wp-json\/wp\/v2\/comments?post=350431"}],"version-history":[{"count":0,"href":"https:\/\/www.europesays.com\/fr\/wp-json\/wp\/v2\/posts\/350431\/revisions"}],"wp:featuredmedia":[{"embeddable":true,"href":"https:\/\/www.europesays.com\/fr\/wp-json\/wp\/v2\/media\/350432"}],"wp:attachment":[{"href":"https:\/\/www.europesays.com\/fr\/wp-json\/wp\/v2\/media?parent=350431"}],"wp:term":[{"taxonomy":"category","embeddable":true,"href":"https:\/\/www.europesays.com\/fr\/wp-json\/wp\/v2\/categories?post=350431"},{"taxonomy":"post_tag","embeddable":true,"href":"https:\/\/www.europesays.com\/fr\/wp-json\/wp\/v2\/tags?post=350431"}],"curies":[{"name":"wp","href":"https:\/\/api.w.org\/{rel}","templated":true}]}}