{"id":350433,"date":"2025-08-28T18:14:10","date_gmt":"2025-08-28T18:14:10","guid":{"rendered":"https:\/\/www.europesays.com\/fr\/350433\/"},"modified":"2025-08-28T18:14:10","modified_gmt":"2025-08-28T18:14:10","slug":"caroline-bouteille-epervanaise-presente-son-premier-livre-dedie-a-la-jeunesse-danae-et-leo-visitent-istambul-info-chalon-com","status":"publish","type":"post","link":"https:\/\/www.europesays.com\/fr\/350433\/","title":{"rendered":"Caroline BOUTEILLE, \u00e9pervanaise, pr\u00e9sente son premier livre d\u00e9di\u00e9 \u00e0 la jeunesse : Dana\u00e9 et L\u00e9o visitent Istambul &#8211; info-chalon.com"},"content":{"rendered":"<p>Caroline BOUTEILLE, originaire d\u2019Epervans, a v\u00e9cu deux ans \u00e0 Istambul avec son mari et ses enfants, Dana\u00e9 et L\u00e9o.<br \/>&#13;\n<\/p>\n<p>Ainsi, le 10 juin dernier, Caroline annon\u00e7ait sur les r\u00e9seaux sociaux la sortie de son tout premier livre : \u00ab\u00a0Dana\u00e9 et L\u00e9o visitent Istambul\u00a0\u00bb.<\/p>\n<p>Ce projet de livre de jeunesse ne date pas d\u2019hier pour l\u2019enseignante bourguignonne.<\/p>\n<p>Alors qu\u2019elle enseignait dans une \u00e9cole plurilingue en Turquie, Caroline a eu cette belle id\u00e9e de cr\u00e9er un opus sur la d\u00e9couverte du voyage \u00e0 travers les yeux d\u2019enfants.<\/p>\n<p>Et qui de mieux que ses propres enfants Dana\u00e9 et L\u00e9o pour incarner les personnages principaux de cette histoire ?<\/p>\n<p>\u00ab Istambul est une immense ville aux multiples visages qui se chevauchent entre l\u2019Asie et l\u2019Europe avec tradition et modernit\u00e9. C\u2019est pourquoi j\u2019ai voulu d\u00e9buter ce projet avec cette ville incroyable ! \u00bb a expliqu\u00e9 Caroline \u00e0 Info Chalon.<\/p>\n<p>Ce livre est destin\u00e9 aux enfants et \u00e0 leurs parents mais aussi et surtout \u00e0 la d\u00e9couverte de la lecture et au partage.<\/p>\n<p>Au programme : d\u00e9couverte culturelle, architecturale et humaine,<\/p>\n<p>\u00ab c\u2019est aussi un hommage \u00e0 la d\u00e9couverte du monde et au plaisir de raconter \u00bb, a poursuivi Caroline.<\/p>\n<p>C\u00f4t\u00e9 illustration, c\u2019est \u00e0 son ami turc Yunus Emre que la jeune femme a confi\u00e9 le pinceau.<\/p>\n<p>Une collaboration unique pour une oeuvre unique et inter-culturelle.<\/p>\n<p>\u00ab Mon souhait est que les enfants retrouvent l\u2019envie et le plaisir de lire \u00e0 travers la d\u00e9couverte et les illustrations magnifiques de mon ami \u00bb a ajout\u00e9 l\u2019auteur.<\/p>\n<p>Pour vous procurer un exemplaire du livre de Caroline BOUTEILLE, rendez-vous sur Amazon, Publishroom, Decitre ou encore \u00e0 la Fnac ou chez Cultura.<\/p>\n<p>Vous pouvez aussi tenter de remporter votre exemplaire en participant au concours en partenariat avec Maison Landolfi sur Instagram juste <a href=\"https:\/\/www.instagram.com\/caro_bouteille?igsh=MXZjeXdlc2Z2dXcwMQ==\" target=\"_blank\" rel=\"noopener nofollow\">ici<\/a>.<\/p>\n<p>(2 gagnants tir\u00e9s au sort, participation possible jusqu\u2019au 29\/08).<\/p>\n<p>Et petit teasing en avant-premi\u00e8re : Caroline compte bien nous livrer d&rsquo;autres ouvrages et le prochain sera consacr\u00e9 \u00e0 une r\u00e9gion que vous connaissez bien, la r\u00e9gion natale de Caroline, j\u2019ai nomm\u00e9 bien s\u00fbr notre Bourgogne ador\u00e9e !<\/p>\n<p>\u00a0<\/p>\n<p><strong>Amandine Cerrone.<\/strong><\/p>\n<p>            <script async src=\"\/\/www.instagram.com\/embed.js\"><\/script><\/p>\n","protected":false},"excerpt":{"rendered":"Caroline BOUTEILLE, originaire d\u2019Epervans, a v\u00e9cu deux ans \u00e0 Istambul avec son mari et ses enfants, Dana\u00e9 et&hellip;\n","protected":false},"author":2,"featured_media":350434,"comment_status":"","ping_status":"","sticky":false,"template":"","format":"standard","meta":{"footnotes":""},"categories":[1357],"tags":[1379,58,59,1011,27,1380],"class_list":{"0":"post-350433","1":"post","2":"type-post","3":"status-publish","4":"format-standard","5":"has-post-thumbnail","7":"category-livres","8":"tag-books","9":"tag-divertissement","10":"tag-entertainment","11":"tag-fr","12":"tag-france","13":"tag-livres"},"share_on_mastodon":{"url":"https:\/\/pubeurope.com\/@fr\/115107755710793212","error":""},"_links":{"self":[{"href":"https:\/\/www.europesays.com\/fr\/wp-json\/wp\/v2\/posts\/350433","targetHints":{"allow":["GET"]}}],"collection":[{"href":"https:\/\/www.europesays.com\/fr\/wp-json\/wp\/v2\/posts"}],"about":[{"href":"https:\/\/www.europesays.com\/fr\/wp-json\/wp\/v2\/types\/post"}],"author":[{"embeddable":true,"href":"https:\/\/www.europesays.com\/fr\/wp-json\/wp\/v2\/users\/2"}],"replies":[{"embeddable":true,"href":"https:\/\/www.europesays.com\/fr\/wp-json\/wp\/v2\/comments?post=350433"}],"version-history":[{"count":0,"href":"https:\/\/www.europesays.com\/fr\/wp-json\/wp\/v2\/posts\/350433\/revisions"}],"wp:featuredmedia":[{"embeddable":true,"href":"https:\/\/www.europesays.com\/fr\/wp-json\/wp\/v2\/media\/350434"}],"wp:attachment":[{"href":"https:\/\/www.europesays.com\/fr\/wp-json\/wp\/v2\/media?parent=350433"}],"wp:term":[{"taxonomy":"category","embeddable":true,"href":"https:\/\/www.europesays.com\/fr\/wp-json\/wp\/v2\/categories?post=350433"},{"taxonomy":"post_tag","embeddable":true,"href":"https:\/\/www.europesays.com\/fr\/wp-json\/wp\/v2\/tags?post=350433"}],"curies":[{"name":"wp","href":"https:\/\/api.w.org\/{rel}","templated":true}]}}