{"id":350435,"date":"2025-08-28T18:15:12","date_gmt":"2025-08-28T18:15:12","guid":{"rendered":"https:\/\/www.europesays.com\/fr\/350435\/"},"modified":"2025-08-28T18:15:12","modified_gmt":"2025-08-28T18:15:12","slug":"bardella-bompard-attal-roussel-leurs-punchlines-chocs-devant-les-patrons-du-medef","status":"publish","type":"post","link":"https:\/\/www.europesays.com\/fr\/350435\/","title":{"rendered":"Bardella, Bompard, Attal, Roussel\u2026 leurs punchlines chocs devant les patrons du Medef"},"content":{"rendered":"<p>\u00ab\u00a0Il faut bien choisir sa punchline, cela fait partie de la politique.\u00a0\u00bb La phrase est prononc\u00e9e par\u00a0Nicolas Dufourcq\u00a0sur la sc\u00e8ne du court de tennis Philippe-Chatrier, seulement\u00a0cinq minutes avant que six responsables politiques ne montent sur la sc\u00e8ne de la Rencontre des entrepreneurs de France, organis\u00e9e par le Medef, \u00e0 Roland-Garros.<\/p>\n<p>\u00c0 croire que le\u00a0directeur g\u00e9n\u00e9ral\u00a0de Bpifrance a jou\u00e9 les chauffeurs de salle pour Manuel Bompard, coordinateur national de la France insoumise, <a class=\"Link\" href=\"https:\/\/www.lepoint.fr\/tags\/jordan-bardella\" data-gtm=\"click:capsule\" data-capsule=\"Lien\" target=\"_blank\" rel=\"noopener\">Jordan Bardella<\/a>, pr\u00e9sident du Rassemblement national, Marine Tondelier, secr\u00e9taire nationale des \u00c9cologistes, Bruno Retailleau, pr\u00e9sident des R\u00e9publicains, Gabriel Attal, secr\u00e9taire g\u00e9n\u00e9ral de Renaissance, et Fabien Roussel, secr\u00e9taire national du Parti communiste fran\u00e7ais. Le d\u00e9bat, anim\u00e9 par la journaliste Apolline de\u00a0Malherbe, <a class=\"Link\" href=\"https:\/\/www.lepoint.fr\/economie\/bfmtv-riposte-face-a-cnews-et-lci-sa-nouvelle-strategie-pour-seduire-les-telespectateurs-27-08-2025-2597099_28.php\" title=\"\" data-gtm=\"click:capsule\" data-capsule=\"Lien\" target=\"_blank\" rel=\"noopener\">de la cha\u00eene BFMTV <\/a>qui diffusait les \u00e9changes, a donn\u00e9 lieu \u00e0 de\u00a0nombreuses punchlines.\u00a0Petit floril\u00e8ge.<\/p>\n<p><strong>Jordan Bardella, pr\u00e9sident du Rassemblement national<\/strong><\/p>\n<p>\u00ab\u00a0Vous \u00eates chefs d&rsquo;entreprise. Or, si vous aviez g\u00e9r\u00e9 comme Emmanuel Macron le pays comme il est g\u00e9r\u00e9 depuis huit ans, vous seriez certainement en liquidation judiciaire.\u00a0\u00bb<\/p>\n<p>\u00ab\u00a0Au moment o\u00f9 nous parlons, la France emprunte plus cher que la Gr\u00e8ce, que la Slov\u00e9nie et\u00a0que le Portugal.\u00a0\u00bb<\/p>\n<p>\u00ab\u00a0La France a peut-\u00eatre les meilleurs joueurs du monde, mais elle est entra\u00een\u00e9e par des \u00e2nes, donc elle perd syst\u00e9matiquement.\u00a0\u00bb<\/p>\n<p><strong>Manuel Bompard, coordinateur national de La France insoumise<\/strong><\/p>\n<p>\u00ab\u00a0Pour emp\u00eacher le chaos, il faut emp\u00eacher M. Bayrou de pr\u00e9senter son budget.\u00a0\u00bb<\/p>\n<p>\u00ab\u00a0Si le projet de budget Bayrou venait \u00e0 voir le jour, il aura des effets r\u00e9cessifs.\u00a0\u00bb<\/p>\n<p>\u00ab\u00a0Quand vous faites des exon\u00e9rations de cotisations sociales, il y a un mod\u00e8le social moins financ\u00e9.\u00a0\u00bb<\/p>\n<p><strong>Bruno Retailleau, pr\u00e9sident des R\u00e9publicains<\/strong><\/p>\n<p>\u00ab\u00a0Il faut arr\u00eater avec les boniments que nous bassine la gauche depuis des ann\u00e9es, comme \u201cTravailler moins, vous vivrez\u00a0mieux.\u201d\u00a0\u00bb<\/p>\n<p>\u00ab\u00a0Il va falloir changer de pied, mais cela, ce sera pour 2027.\u00a0\u00bb<\/p>\n<p>\u00ab\u00a0Ce n&rsquo;est pas avec une \u00e9nergie ch\u00e8re qu&rsquo;on pourra r\u00e9industrialiser. Mais il ne faut plus subventionner l&rsquo;\u00e9olien, qui est d\u00e9sormais une technologie r\u00e9pandue et mature.\u00a0\u00bb<\/p>\n<p><strong>Marine Tondelier, secr\u00e9taire nationale des \u00c9cologistes<\/strong><\/p>\n<p>\u00ab\u00a0J&rsquo;ai l&rsquo;impression que l&rsquo;argent public, c&rsquo;est mal, sauf pour les entreprises.\u00a0\u00bb<\/p>\n<p>\u00ab\u00a0Les chefs d&rsquo;entreprise\u00a0comprennent mieux l&rsquo;\u00e9cologie que le gouvernement.\u00a0\u00bb<\/p>\n<p>\u00ab\u00a0Il y a eu\u00a043\u00a0reculs environnementaux depuis le d\u00e9but de l&rsquo;ann\u00e9e.\u00a0\u00bb<\/p>\n<p><strong>Gabriel Attal, secr\u00e9taire g\u00e9n\u00e9ral de Renaissance<\/strong><\/p>\n<p>\u00ab\u00a0Je ne supporte plus d&rsquo;entendre parler de cadeaux aux patrons quand on parle de baisses d&rsquo;imp\u00f4ts.\u00a0\u00bb<\/p>\n<p>\u00ab\u00a0La France ne peut pas tourner en\u00a02025\u00a0avec un mod\u00e8le de 1945.\u00a0\u00bb<\/p>\n<p>\u00ab\u00a0La date la plus importante n&rsquo;est pas le 8\u00a0septembre mais le 31\u00a0d\u00e9cembre. Je veux que la France ait un budget l&rsquo;ann\u00e9e prochaine.\u00a0\u00bb<\/p>\n<p><strong>Fabien Roussel, secr\u00e9taire national du Parti communiste fran\u00e7ais<\/strong><\/p>\n<p>\u00ab\u00a0Qui peut vivre d\u00e9cemment avec un smic dans notre pays tellement\u00a0il est bas\u00a0?\u00a0\u00bb<\/p>\n<p>\n\u00c0 D\u00e9couvrir<br \/>\n<strong class=\"discover-kangourou__line\"><br \/>\n<img decoding=\"async\" class=\"discover-kangourou__img\" src=\"https:\/\/static.lpnt.fr\/static\/img\/kangourou\/kangourou_filled.svg\"\/><br \/>\n<strong class=\"discover-kangourou__txt\"><br \/>\n<strong>Le Kangourou du jour<\/strong><br \/>\n<a href=\"https:\/\/kangourou.lepoint.fr\" title=\"kangourou\" data-gtm-cta=\"kangourou_article\" class=\"discover-kangourou__lnk\" target=\"_blank\" rel=\"noopener\"><br \/>\nR\u00e9pondre<br \/>\n<\/a><br \/>\n<\/strong><br \/>\n<\/strong><br \/>\n\u00ab\u00a0Il y a une opacit\u00e9 totale dans les aides aux entreprises. Ce sont 211\u00a0milliards d&rsquo;euros, mais la plupart des tr\u00e8s petites entreprises n&rsquo;ont pas acc\u00e8s \u00e0 ces aides.\u00a0\u00bb<\/p>\n<p>\u00ab\u00a0Nous pr\u00e9voyons que l&rsquo;\u00c9tat injecte 500\u00a0milliards d&rsquo;euros dans l&rsquo;\u00e9conomie. Soyons offensifs et regardons vers l&rsquo;avant, plut\u00f4t que de parler de la dette.\u00a0\u00bb<\/p>\n<p>Toute l\u2019actualit\u00e9 \u00e0 1\u20ac le premier mois<\/p>\n<p><a href=\"https:\/\/abo.lepoint.fr\/?provenance=21EDI020098\" class=\"btn\" title=\"S&#039;abonner\" data-gtm=\"click:abo|display:abo\" data-campaign=\"paywall_maison\" target=\"_blank\" rel=\"noopener\">S&rsquo;abonner<\/a><\/p>\n<p>ou<\/p>\n","protected":false},"excerpt":{"rendered":"\u00ab\u00a0Il faut bien choisir sa punchline, cela fait partie de la politique.\u00a0\u00bb La phrase est prononc\u00e9e par\u00a0Nicolas Dufourcq\u00a0sur&hellip;\n","protected":false},"author":2,"featured_media":350436,"comment_status":"","ping_status":"","sticky":false,"template":"","format":"standard","meta":{"footnotes":""},"categories":[1356],"tags":[1013,58,59,1011,27,1077,4729,4803,252,1364],"class_list":{"0":"post-350435","1":"post","2":"type-post","3":"status-publish","4":"format-standard","5":"has-post-thumbnail","7":"category-television","8":"tag-bruno-retailleau","9":"tag-divertissement","10":"tag-entertainment","11":"tag-fr","12":"tag-france","13":"tag-jordan-bardella","14":"tag-marine-tondelier","15":"tag-medef","16":"tag-television","17":"tag-tv"},"share_on_mastodon":{"url":"https:\/\/pubeurope.com\/@fr\/115107759930708488","error":""},"_links":{"self":[{"href":"https:\/\/www.europesays.com\/fr\/wp-json\/wp\/v2\/posts\/350435","targetHints":{"allow":["GET"]}}],"collection":[{"href":"https:\/\/www.europesays.com\/fr\/wp-json\/wp\/v2\/posts"}],"about":[{"href":"https:\/\/www.europesays.com\/fr\/wp-json\/wp\/v2\/types\/post"}],"author":[{"embeddable":true,"href":"https:\/\/www.europesays.com\/fr\/wp-json\/wp\/v2\/users\/2"}],"replies":[{"embeddable":true,"href":"https:\/\/www.europesays.com\/fr\/wp-json\/wp\/v2\/comments?post=350435"}],"version-history":[{"count":0,"href":"https:\/\/www.europesays.com\/fr\/wp-json\/wp\/v2\/posts\/350435\/revisions"}],"wp:featuredmedia":[{"embeddable":true,"href":"https:\/\/www.europesays.com\/fr\/wp-json\/wp\/v2\/media\/350436"}],"wp:attachment":[{"href":"https:\/\/www.europesays.com\/fr\/wp-json\/wp\/v2\/media?parent=350435"}],"wp:term":[{"taxonomy":"category","embeddable":true,"href":"https:\/\/www.europesays.com\/fr\/wp-json\/wp\/v2\/categories?post=350435"},{"taxonomy":"post_tag","embeddable":true,"href":"https:\/\/www.europesays.com\/fr\/wp-json\/wp\/v2\/tags?post=350435"}],"curies":[{"name":"wp","href":"https:\/\/api.w.org\/{rel}","templated":true}]}}