{"id":350437,"date":"2025-08-28T18:16:10","date_gmt":"2025-08-28T18:16:10","guid":{"rendered":"https:\/\/www.europesays.com\/fr\/350437\/"},"modified":"2025-08-28T18:16:10","modified_gmt":"2025-08-28T18:16:10","slug":"travis-kelce-devoile-son-titre-prefere-du-nouvel-album-de-taylor-swift-les-kardashian-tentent-un-traitement-anti-age","status":"publish","type":"post","link":"https:\/\/www.europesays.com\/fr\/350437\/","title":{"rendered":"Travis Kelce d\u00e9voile son titre pr\u00e9f\u00e9r\u00e9 du nouvel album de Taylor Swift\u2026 Les Kardashian tentent un traitement anti-\u00e2ge"},"content":{"rendered":"<p>Mohamed Bouhafsi dit enfin quelle blessure l\u2019a conduit aux urgences<\/p>\n<p>Alors que le compte \u00e0 rebours est engag\u00e9 pour son retour aux commandes de C \u00e0 vous les vendredis et samedis, <a href=\"https:\/\/www.20minutes.fr\/arts-stars\/television\/4169801-20250827-mohamed-bouhafsi-admis-urgences-quelques-jours-avant-retour-antenne\" target=\"_blank\" class=\"c-link c-link--is-underlined\" rel=\"nofollow noopener\">le journaliste s\u2019est fait une grosse frayeur<\/a>. Il avait annonc\u00e9 \u00eatre all\u00e9 aux urgences d\u2019o\u00f9 il est ressorti avec un gros pansement \u00e0 la main, sans donner de d\u00e9tails.<\/p>\n<p>En fait, a-t-il confi\u00e9 au micro de Camille Combal <a href=\"https:\/\/www.nrj.fr\/podcasts\/camille-combal-sur-nrj\/le-18-19h-mohamed-bouhafsi-nous-dit-tout-sur-la-tele-le-foot-et-la-politique\" rel=\"nofollow noopener\" target=\"_blank\" class=\"c-link c-link--is-underlined\">sur NRJ<\/a>, Mohamed Bouhafsi a \u00e9t\u00e9 op\u00e9r\u00e9 en urgence pour \u00ab\u00a0un double panaris qui s\u2019est infect\u00e9\u00a0\u00bb, un probl\u00e8me qui peut aller jusqu\u2019\u00e0 l\u2019amputation. La cause\u00a0: <a href=\"https:\/\/www.20minutes.fr\/arts-stars\/television\/4162140-20250705-mohamed-bouhafsi-quitte-rtl-assurer-remplacement-anne-elisabeth-lemoine-presentation\" target=\"_blank\" class=\"c-link c-link--is-underlined\" rel=\"nofollow noopener\">l\u2019ex de RTL<\/a> s\u2019est trop rong\u00e9 les ongles. \u00ab\u00a0Si j\u2019avais un message s\u00e9rieux et important\u00a0: arr\u00eatez de vous ronger les ongles\u00a0\u00bb, a conseill\u00e9 l\u2019anxieux jeune homme de 33 ans aux auditeurs.<\/p>\n<p>Travis Kelce d\u00e9voile son titre pr\u00e9f\u00e9r\u00e9 du nouvel album de Taylor Swift<\/p>\n<p>Les Kardashian tentent un nouveau traitement anti-\u00e2ge<\/p>\n<p>Kim et <a href=\"https:\/\/www.20minutes.fr\/arts-stars\/people\/4166140-20250731-khloe-kardashian-cache-operation-premier-cancer-peau-famille\" target=\"_blank\" class=\"c-link c-link--is-underlined\" rel=\"nofollow noopener\">Khlo\u00e9 Kardashian<\/a> ont fait le voyage au Mexique pour avoir recours \u00e0 la Stem cell therapy (cellules souches r\u00e9g\u00e9n\u00e9ratrices) Muse du Dr Akhan.<\/p>\n<p>Cette m\u00e9decine r\u00e9g\u00e9n\u00e9rative n\u2019est actuellement approuv\u00e9e ni aux \u00c9tats-Unis ni en France \u00e0 des fins esth\u00e9tiques, mais est utilis\u00e9e pour traiter le <a href=\"https:\/\/www.20minutes.fr\/sciences\/4023571-20230215-cancer-comment-therapies-differenciation-remettent-cellules-cancereuses-droit-chemin\" target=\"_blank\" class=\"c-link c-link--is-underlined\" rel=\"nofollow noopener\">cancer du sang<\/a> ou d\u2019autres troubles sanguins, ou au Japon pour lutter contre le vieillissement.<\/p>\n<p>\u00ab\u00a0Je suis \u00e9merveill\u00e9e par la science et tr\u00e8s optimiste pour l\u2019avenir. Mon r\u00eave est qu\u2019un jour, des traitements comme celui-ci soient accessibles et abordables pour tout le monde, partout\u00a0\u00bb, a \u00e9crit Khlo\u00e9 Kardashian sur <a href=\"https:\/\/www.instagram.com\/p\/DN3kc87QrUH\/?hl=fr&amp;img_index=1\" rel=\"nofollow noopener\" target=\"_blank\" class=\"c-link c-link--is-underlined\">son compte Instagram<\/a>, un v\u0153u qu\u2019a fait \u00e9galement sa s\u0153ur.<\/p>\n<p><a href=\"https:\/\/www.20minutes.fr\/tempo\/4166284-20250804-machoire-parfaite-dormant-nouvelle-gaine-kim-kardashian-interroge-effets-dangers\" target=\"_blank\" class=\"c-link c-link--is-underlined\" rel=\"nofollow noopener\">Kim Kardashian<\/a> a indiqu\u00e9 qu\u2019elle s\u2019\u00e9tait rendue dans cette clinique il y a deux ans pour des douleurs \u00e0 l\u2019\u00e9paule. Selon Khlo\u00e9 Kardashian, l\u2019effet anti-\u00e2ge serait \u00ab\u00a0un bonus\u00a0\u00bb du traitement qui am\u00e9liorerait le \u00ab\u00a0bien \u00eatre g\u00e9n\u00e9ral\u00a0\u00bb.<\/p>\n<p><script async src=\"\/\/www.instagram.com\/embed.js\"><\/script><\/p>\n","protected":false},"excerpt":{"rendered":"Mohamed Bouhafsi dit enfin quelle blessure l\u2019a conduit aux urgences Alors que le compte \u00e0 rebours est engag\u00e9&hellip;\n","protected":false},"author":2,"featured_media":350438,"comment_status":"","ping_status":"","sticky":false,"template":"","format":"standard","meta":{"footnotes":""},"categories":[1355],"tags":[193,58,59,30056,2702,1011,27,2440,2070,35378,5697,1361,873,9104,973,2700,2713,252,133],"class_list":{"0":"post-350437","1":"post","2":"type-post","3":"status-publish","4":"format-standard","5":"has-post-thumbnail","7":"category-musique","8":"tag-camille-combal","9":"tag-divertissement","10":"tag-entertainment","11":"tag-fiancailles","12":"tag-fil-des-stars","13":"tag-fr","14":"tag-france","15":"tag-instagram","16":"tag-japon","17":"tag-khloe-kardashian","18":"tag-mexique","19":"tag-music","20":"tag-musique","21":"tag-nrj","22":"tag-people","23":"tag-rtl","24":"tag-taylor-swift","25":"tag-television","26":"tag-video"},"share_on_mastodon":{"url":"https:\/\/pubeurope.com\/@fr\/115107763618120892","error":""},"_links":{"self":[{"href":"https:\/\/www.europesays.com\/fr\/wp-json\/wp\/v2\/posts\/350437","targetHints":{"allow":["GET"]}}],"collection":[{"href":"https:\/\/www.europesays.com\/fr\/wp-json\/wp\/v2\/posts"}],"about":[{"href":"https:\/\/www.europesays.com\/fr\/wp-json\/wp\/v2\/types\/post"}],"author":[{"embeddable":true,"href":"https:\/\/www.europesays.com\/fr\/wp-json\/wp\/v2\/users\/2"}],"replies":[{"embeddable":true,"href":"https:\/\/www.europesays.com\/fr\/wp-json\/wp\/v2\/comments?post=350437"}],"version-history":[{"count":0,"href":"https:\/\/www.europesays.com\/fr\/wp-json\/wp\/v2\/posts\/350437\/revisions"}],"wp:featuredmedia":[{"embeddable":true,"href":"https:\/\/www.europesays.com\/fr\/wp-json\/wp\/v2\/media\/350438"}],"wp:attachment":[{"href":"https:\/\/www.europesays.com\/fr\/wp-json\/wp\/v2\/media?parent=350437"}],"wp:term":[{"taxonomy":"category","embeddable":true,"href":"https:\/\/www.europesays.com\/fr\/wp-json\/wp\/v2\/categories?post=350437"},{"taxonomy":"post_tag","embeddable":true,"href":"https:\/\/www.europesays.com\/fr\/wp-json\/wp\/v2\/tags?post=350437"}],"curies":[{"name":"wp","href":"https:\/\/api.w.org\/{rel}","templated":true}]}}