{"id":350445,"date":"2025-08-28T18:20:11","date_gmt":"2025-08-28T18:20:11","guid":{"rendered":"https:\/\/www.europesays.com\/fr\/350445\/"},"modified":"2025-08-28T18:20:11","modified_gmt":"2025-08-28T18:20:11","slug":"hollywood-en-force-a-la-mostra-de-venise-avec-george-clooney-et-emma-stone-actualites","status":"publish","type":"post","link":"https:\/\/www.europesays.com\/fr\/350445\/","title":{"rendered":"Hollywood en force \u00e0 la Mostra de Venise, avec George Clooney et Emma Stone : Actualit\u00e9s"},"content":{"rendered":"<p class=\"lead \">Les c\u00e9l\u00e9brit\u00e9s se succ\u00e8dent jeudi \u00e0 la Mostra de Venise avec la superstar am\u00e9ricaine George Clooney, habitu\u00e9 du festival, et Emma Stone, pour un film tout en tension abordant le sujet du complotisme \u00e0 l&rsquo;\u00e8re d&rsquo;internet et de la d\u00e9sinformation.<\/p>\n<p class=\"lead \">Les deux poids lourds du cin\u00e9ma am\u00e9ricain pr\u00e9sentent chacun un film en comp\u00e9tition, dans un festival qui s&rsquo;assume aussi comme une rampe de lancement pour les Oscars.<\/p>\n<p class=\"lead \">Dans \u00ab\u00a0Jay Kelly\u00a0\u00bb, George Clooney &#8211; souffrant d&rsquo;une s\u00e9v\u00e8re sinusite et donc incapable de se pr\u00e9senter en conf\u00e9rence de presse &#8211; joue un r\u00f4le taill\u00e9 sur-mesure: celui d&rsquo;une vedette de cin\u00e9ma vieillissante, qui apr\u00e8s plus de trois d\u00e9cennies d&rsquo;une carri\u00e8re \u00e0 succ\u00e8s, se retrouve confront\u00e9 au vide de son existence et \u00e0 la solitude.<\/p>\n<p class=\"lead \">Egocentrique, incapable du moindre geste altruiste envers sa famille et ses amis, George Clooney campe un pastiche de lui-m\u00eame sans concession, en qu\u00eate de r\u00e9demption notamment aupr\u00e8s de ses filles. <\/p>\n<p class=\"lead \">Adam Sandler et Laura Dern l&rsquo;accompagnent \u00e0 l&rsquo;\u00e9cran, pour l&rsquo;un des trois films produits par Netflix parmi les 21 en comp\u00e9tition. Il sera disponible sur la plateforme le 5 d\u00e9cembre, apr\u00e8s une sortie limit\u00e9e dans quelques salles am\u00e9ricaines.<\/p>\n<p class=\"lead \">&#8211; Post-v\u00e9rit\u00e9 &#8211;<\/p>\n<p class=\"lead \">Le prolifique duo entre Emma Stone et Yorgos Lanthimos, r\u00e9compens\u00e9 d&rsquo;un Lion d&rsquo;Or \u00e0 Venise en 2023 pour \u00ab\u00a0Pauvres cr\u00e9atures\u00a0\u00bb, a fait un retour remarqu\u00e9 sur le Lido. <\/p>\n<p class=\"lead \">Leur film \u00ab\u00a0Bugonia\u00a0\u00bb, qui traite entre autres de l&rsquo;intoxication d&rsquo;une partie des citoyens aux th\u00e9ories complotistes, a fait forte impression. <\/p>\n<p class=\"lead \">\u00ab\u00a0Ce sont des choses qui se passent actuellement\u00a0\u00bb, a observ\u00e9 le r\u00e9alisateur grec. \u00ab\u00a0Je crois que tr\u00e8s bient\u00f4t, les gens auront besoin de choisir le bon chemin. Sinon, je ne sais pas combien de temps il nous reste avec tout ce qu&rsquo;il se passe dans le monde: (&#8230;) l&rsquo;intelligence artificielle, les guerres, le changement climatique, et le d\u00e9ni face \u00e0 tout cela\u00a0\u00bb, a-t-il poursuivi.<\/p>\n<p class=\"lead \">L\u2019\u0153uvre relate l&rsquo;histoire d&rsquo;un Am\u00e9ricain (Jesse Plemons) qui d\u00e9cide de kidnapper la PDG d&rsquo;une grande entreprise pharmaceutique (Emma Stone), persuad\u00e9 qu&rsquo;elle est un extraterrestre venu sur terre pour r\u00e9duire l&rsquo;humanit\u00e9 en esclavage.<\/p>\n<p class=\"lead \">&#8211; Documentaires projet\u00e9s &#8211;<\/p>\n<p class=\"lead \">Troisi\u00e8me film en comp\u00e9tition de la journ\u00e9e: \u00ab\u00a0Orphan\u00a0\u00bb du Hongrois Laszlo Nemes, r\u00e9v\u00e9l\u00e9 il y a dix ans \u00e0 Cannes avec \u00ab\u00a0Le fils de Saul\u00a0\u00bb. <\/p>\n<p class=\"lead \">Ce drame historique, se d\u00e9roulant \u00e0 Budapest en 1957 apr\u00e8s le soul\u00e8vement contre le r\u00e9gime communiste, s&rsquo;inspire de l&rsquo;histoire familiale du r\u00e9alisateur.<\/p>\n<p class=\"lead \">La guerre \u00e0 Gaza a agit\u00e9 la journ\u00e9e de mercredi, en amont de la c\u00e9r\u00e9monie d&rsquo;ouverture. Somm\u00e9 par un collectif d&rsquo;artistes (Venice4Palestine) de prendre position pour d\u00e9noncer clairement les agissements d&rsquo;Isra\u00ebl dans la bande de Gaza, le directeur artistique du festival Alberto Barbera a voulu clarifier les choses lors de la pr\u00e9sentation du jury.<\/p>\n<p class=\"lead \">\u00ab\u00a0Nous avons toujours partag\u00e9 tr\u00e8s clairement notre souffrance envers ce qui est en train de se passer \u00e0 Gaza et en Palestine\u00a0\u00bb, a-t-il insist\u00e9, sans citer nomm\u00e9ment Isra\u00ebl comme l&rsquo;y incite le communiqu\u00e9 de Venice4Palestine.<\/p>\n<p class=\"lead \">Le festival promet plusieurs moments tr\u00e8s politiques cette ann\u00e9e, avec la projection dimanche du \u00ab\u00a0Mage du Kremlin\u00a0\u00bb d&rsquo;Olivier Assayas, adapt\u00e9 du livre de Giuliano da Empoli sur un conseiller de l&rsquo;ombre du pr\u00e9sident russe Vladimir Poutine, et l&rsquo;ascension de ce dernier vers le pouvoir. <\/p>\n<p class=\"lead \">\u00ab\u00a0Poutine est l&rsquo;un des dirigeants les plus exp\u00e9riment\u00e9s et les plus brillants de la plan\u00e8te. On peut difficilement surestimer son influence sur les affaires internationales. Il est donc bien naturel que divers pays du monde s&rsquo;int\u00e9ressent \u00e0 lui\u00a0\u00bb, a r\u00e9agi le porte-parole du Kremlin Dmitri Peskov \u00e0 une question sur le sujet lors de son briefing quotidien.<\/p>\n<p class=\"lead \">Deux documentaires sont \u00e9galement au programme. \u00ab\u00a0Ghost Elephants\u00a0\u00bb du r\u00e9alisateur allemand Werner Herzog, r\u00e9compens\u00e9 mercredi soir d&rsquo;un Lion d&rsquo;Or d&rsquo;honneur, part sur les traces d&rsquo;un myst\u00e9rieux troupeau d&rsquo;\u00e9l\u00e9phants dans la jungle de l&rsquo;Angola.<\/p>\n<p class=\"lead \">Mike Figgis montrera lui les coulisses de \u00ab\u00a0Megalopolis\u00a0\u00bb de Francis Ford Coppola, film \u00e0 l&rsquo;ambition colossale pour lequel le r\u00e9alisateur du \u00ab\u00a0Parrain\u00a0\u00bb a investi 120 millions de dollars de sa poche mais qui fut un \u00e9chec commercial retentissant. <\/p>\n<p class=\"lead \">Pr\u00e9sent\u00e9 \u00e0 Cannes en 2024, le film a profond\u00e9ment divis\u00e9, certains y voyant un \u00ab\u00a0chef-d&rsquo;\u0153uvre moderne\u00a0\u00bb, d&rsquo;autres une \u00ab\u00a0catastrophe\u00a0\u00bb.<\/p>\n<p class=\"small font-weight-bold text-gray3 \"> publi\u00e9 le 28 ao\u00fbt \u00e0 17h42, AFP<\/p>\n<p>                             Partager<\/p>\n","protected":false},"excerpt":{"rendered":"Les c\u00e9l\u00e9brit\u00e9s se succ\u00e8dent jeudi \u00e0 la Mostra de Venise avec la superstar am\u00e9ricaine George Clooney, habitu\u00e9 du&hellip;\n","protected":false},"author":2,"featured_media":350446,"comment_status":"","ping_status":"","sticky":false,"template":"","format":"standard","meta":{"footnotes":""},"categories":[8],"tags":[1971,1972,58,59,849,1011,27,452,308],"class_list":{"0":"post-350445","1":"post","2":"type-post","3":"status-publish","4":"format-standard","5":"has-post-thumbnail","7":"category-divertissement","8":"tag-clbrits","9":"tag-cinma","10":"tag-divertissement","11":"tag-entertainment","12":"tag-festival","13":"tag-fr","14":"tag-france","15":"tag-italie","16":"tag-usa"},"share_on_mastodon":{"url":"https:\/\/pubeurope.com\/@fr\/115107780504540007","error":""},"_links":{"self":[{"href":"https:\/\/www.europesays.com\/fr\/wp-json\/wp\/v2\/posts\/350445","targetHints":{"allow":["GET"]}}],"collection":[{"href":"https:\/\/www.europesays.com\/fr\/wp-json\/wp\/v2\/posts"}],"about":[{"href":"https:\/\/www.europesays.com\/fr\/wp-json\/wp\/v2\/types\/post"}],"author":[{"embeddable":true,"href":"https:\/\/www.europesays.com\/fr\/wp-json\/wp\/v2\/users\/2"}],"replies":[{"embeddable":true,"href":"https:\/\/www.europesays.com\/fr\/wp-json\/wp\/v2\/comments?post=350445"}],"version-history":[{"count":0,"href":"https:\/\/www.europesays.com\/fr\/wp-json\/wp\/v2\/posts\/350445\/revisions"}],"wp:featuredmedia":[{"embeddable":true,"href":"https:\/\/www.europesays.com\/fr\/wp-json\/wp\/v2\/media\/350446"}],"wp:attachment":[{"href":"https:\/\/www.europesays.com\/fr\/wp-json\/wp\/v2\/media?parent=350445"}],"wp:term":[{"taxonomy":"category","embeddable":true,"href":"https:\/\/www.europesays.com\/fr\/wp-json\/wp\/v2\/categories?post=350445"},{"taxonomy":"post_tag","embeddable":true,"href":"https:\/\/www.europesays.com\/fr\/wp-json\/wp\/v2\/tags?post=350445"}],"curies":[{"name":"wp","href":"https:\/\/api.w.org\/{rel}","templated":true}]}}