{"id":350449,"date":"2025-08-28T18:23:14","date_gmt":"2025-08-28T18:23:14","guid":{"rendered":"https:\/\/www.europesays.com\/fr\/350449\/"},"modified":"2025-08-28T18:23:14","modified_gmt":"2025-08-28T18:23:14","slug":"trafic-trains-annules-plusieurs-heures-de-retard-de-fortes-perturbations-sur-le-reseau-sncf-suite-a-un-vol-de-cables","status":"publish","type":"post","link":"https:\/\/www.europesays.com\/fr\/350449\/","title":{"rendered":"Trafic. Trains annul\u00e9s, plusieurs heures de retard&#8230; De fortes perturbations sur le r\u00e9seau SNCF suite \u00e0 un vol de c\u00e2bles"},"content":{"rendered":"<p class=\"insetTitle\">La situation \u00e0 la gare Avignon TGV<\/p>\n<p>La quasi-totalit\u00e9 des trains ont du retard<\/p>\n<p>Le TGV Ouigo de 17 h 12 \u00e0 destination de Marseille et le TGV Ouigo de 19 h 05 \u00e0 destination de Tourcoing sont supprim\u00e9s.<\/p>\n<p>\u00c0\u00a0destination de\u00a0 \u00a0:\u00a0\u00a0<\/p>\n<p>17 h 20 Marseille 190 min<\/p>\n<p>17 h 41 Paris 30 min<\/p>\n<p>18 h 04 Nice \u00a0: 90 min<\/p>\n<p>\u00a018 h 12 Marseille \u00a0: 160 min<\/p>\n<p>18 h 21 Marseille \u00a0: 100 min<\/p>\n<p>19 h 20 Marseille \u00a0: 50 min<\/p>\n<p>19 h 37 Marseille \u00a0: 190 min<\/p>\n<p>19 h 41 Paris \u00a0: 120 min<\/p>\n<p>19 h 58 Paris \u00a0: 90 min\u00a0<\/p>\n<p>20 h 20 Marseille \u00a0: 140 min<\/p>\n<p>21 h 12 Marseille \u00a0: 10 min<\/p>\n<p>21 h 20 Marseille \u00a0: 190 min<\/p>\n<p>21 h 55 Marseille \u00a0:\u00a0 60 min\u00a0<\/p>\n<p>22 h 20 Marseille \u00a0: 70 min<\/p>\n","protected":false},"excerpt":{"rendered":"La situation \u00e0 la gare Avignon TGV La quasi-totalit\u00e9 des trains ont du retard Le TGV Ouigo de&hellip;\n","protected":false},"author":2,"featured_media":350450,"comment_status":"","ping_status":"","sticky":false,"template":"","format":"standard","meta":{"footnotes":""},"categories":[6],"tags":[6184,35,3542,2730,33,34,112,113,3859,2735,114,107,1011,27,329,2428,2429,2803,2733,4520],"class_list":{"0":"post-350449","1":"post","2":"type-post","3":"status-publish","4":"format-standard","5":"has-post-thumbnail","7":"category-economie","8":"tag-avignon","9":"tag-business","10":"tag-circulation","11":"tag-drome","12":"tag-economie","13":"tag-economy","14":"tag-edition-grenoble-agglomeration","15":"tag-edition-gresivaudan-oisans","16":"tag-edition-provencale","17":"tag-edition-valence-rhone-crussol-vallee-de-la-drome","18":"tag-edition-voiron-saint-marcellin","19":"tag-fil-info","20":"tag-fr","21":"tag-france","22":"tag-france-monde","23":"tag-lyon","24":"tag-rhone","25":"tag-transport","26":"tag-valence","27":"tag-vaucluse"},"share_on_mastodon":{"url":"https:\/\/pubeurope.com\/@fr\/115107791024684488","error":""},"_links":{"self":[{"href":"https:\/\/www.europesays.com\/fr\/wp-json\/wp\/v2\/posts\/350449","targetHints":{"allow":["GET"]}}],"collection":[{"href":"https:\/\/www.europesays.com\/fr\/wp-json\/wp\/v2\/posts"}],"about":[{"href":"https:\/\/www.europesays.com\/fr\/wp-json\/wp\/v2\/types\/post"}],"author":[{"embeddable":true,"href":"https:\/\/www.europesays.com\/fr\/wp-json\/wp\/v2\/users\/2"}],"replies":[{"embeddable":true,"href":"https:\/\/www.europesays.com\/fr\/wp-json\/wp\/v2\/comments?post=350449"}],"version-history":[{"count":0,"href":"https:\/\/www.europesays.com\/fr\/wp-json\/wp\/v2\/posts\/350449\/revisions"}],"wp:featuredmedia":[{"embeddable":true,"href":"https:\/\/www.europesays.com\/fr\/wp-json\/wp\/v2\/media\/350450"}],"wp:attachment":[{"href":"https:\/\/www.europesays.com\/fr\/wp-json\/wp\/v2\/media?parent=350449"}],"wp:term":[{"taxonomy":"category","embeddable":true,"href":"https:\/\/www.europesays.com\/fr\/wp-json\/wp\/v2\/categories?post=350449"},{"taxonomy":"post_tag","embeddable":true,"href":"https:\/\/www.europesays.com\/fr\/wp-json\/wp\/v2\/tags?post=350449"}],"curies":[{"name":"wp","href":"https:\/\/api.w.org\/{rel}","templated":true}]}}