{"id":350451,"date":"2025-08-28T18:24:12","date_gmt":"2025-08-28T18:24:12","guid":{"rendered":"https:\/\/www.europesays.com\/fr\/350451\/"},"modified":"2025-08-28T18:24:12","modified_gmt":"2025-08-28T18:24:12","slug":"a-kiev-les-images-doleksandr-glyadelov-defient-les-bombes","status":"publish","type":"post","link":"https:\/\/www.europesays.com\/fr\/350451\/","title":{"rendered":"A Kiev, les images d\u2019Oleksandr Glyadelov d\u00e9fient les bombes"},"content":{"rendered":"<p>                         <img loading=\"lazy\" decoding=\"async\" src=\"https:\/\/www.europesays.com\/fr\/wp-content\/uploads\/2025\/08\/c7facaa_ftp-import-images-1-qtxqslailb4g-394143-3435334.jpg\" alt=\"Oleksandr Glyadelov, 69\u202fans, dans son appartement \u00e0 Kiev, le 9\u202fao\u00fbt.\"   width=\"664\" height=\"443\"\/>    Oleksandr Glyadelov, 69\u202fans, dans son appartement \u00e0 Kiev, le 9\u202fao\u00fbt.  VIC BAKIN POUR M LE MAGAZINE DU MONDE                 <\/p>\n<p class=\"article__paragraph  \">Tout est encombr\u00e9 dans son vieil appartement de Kiev \u2013 un immeuble construit sous les tsars, r\u00e9par\u00e9 en\u00a01945 du temps de l\u2019Union sovi\u00e9tique. D\u00e8s l\u2019entr\u00e9e, des parkas, deux brassards \u00ab\u00a0presse\u00a0\u00bb, un gilet pare-balles, le fatras d\u2019un homme on the road. Atteindre la cuisine demande de naviguer entre les bacs o\u00f9 le propri\u00e9taire des lieux d\u00e9veloppe lui-m\u00eame ses pellicules 35\u00a0mm et tire ses images. Des bidons et \u00e9prouvettes pour doser les chimies bordent sa douche. \u00ab\u00a0Le seul endroit o\u00f9 je me s\u00e9pare de mon Leica\u00a0\u00bb, admet Oleksandr Glyadelov, 69\u00a0ans, l\u2019un des grands photographes ukrainiens contemporains.<\/p>\n<p class=\"article__paragraph  \">\u00ab\u00a0Sacha\u00a0\u00bb passe sa vie avec son appareil, le plus souvent loin de son appartement labo. M\u00eame s\u2019il a beaucoup voyag\u00e9 (G\u00e9orgie, Azerba\u00efdjan, Moldavie, Arm\u00e9nie\u2026), son M6 n\u2019a presque rien rat\u00e9 de la vie de son pays depuis trente-cinq ans. Tchernobyl, il y \u00e9tait. Le drapeau national hiss\u00e9 en juillet\u00a01990 devant la mairie de Kiev, il l\u2019a photographi\u00e9.<strong> <\/strong>Sa s\u00e9rie sur les enfants des rues a \u00e9t\u00e9 sa fa\u00e7on de raconter le chaos de la d\u00e9cennie qui a suivi. De cette \u00e9poque, les ann\u00e9es 1990, datent ses cheveux longs, ses bracelets indiens, sa moustache devenue blanche.<\/p>\n<p class=\"reading-mode-only \"><strong>Il vous reste 80.17% de cet article \u00e0 lire. La suite est r\u00e9serv\u00e9e aux abonn\u00e9s.<\/strong><\/p>\n","protected":false},"excerpt":{"rendered":"Oleksandr Glyadelov, 69\u202fans, dans son appartement \u00e0 Kiev, le 9\u202fao\u00fbt. VIC BAKIN POUR M LE MAGAZINE DU MONDE&hellip;\n","protected":false},"author":2,"featured_media":350452,"comment_status":"","ping_status":"","sticky":false,"template":"","format":"standard","meta":{"footnotes":""},"categories":[5],"tags":[11,1011,27,14,12,28],"class_list":{"0":"post-350451","1":"post","2":"type-post","3":"status-publish","4":"format-standard","5":"has-post-thumbnail","7":"category-international","8":"tag-actualites","9":"tag-fr","10":"tag-france","11":"tag-international","12":"tag-news","13":"tag-world"},"share_on_mastodon":{"url":"","error":""},"_links":{"self":[{"href":"https:\/\/www.europesays.com\/fr\/wp-json\/wp\/v2\/posts\/350451","targetHints":{"allow":["GET"]}}],"collection":[{"href":"https:\/\/www.europesays.com\/fr\/wp-json\/wp\/v2\/posts"}],"about":[{"href":"https:\/\/www.europesays.com\/fr\/wp-json\/wp\/v2\/types\/post"}],"author":[{"embeddable":true,"href":"https:\/\/www.europesays.com\/fr\/wp-json\/wp\/v2\/users\/2"}],"replies":[{"embeddable":true,"href":"https:\/\/www.europesays.com\/fr\/wp-json\/wp\/v2\/comments?post=350451"}],"version-history":[{"count":0,"href":"https:\/\/www.europesays.com\/fr\/wp-json\/wp\/v2\/posts\/350451\/revisions"}],"wp:featuredmedia":[{"embeddable":true,"href":"https:\/\/www.europesays.com\/fr\/wp-json\/wp\/v2\/media\/350452"}],"wp:attachment":[{"href":"https:\/\/www.europesays.com\/fr\/wp-json\/wp\/v2\/media?parent=350451"}],"wp:term":[{"taxonomy":"category","embeddable":true,"href":"https:\/\/www.europesays.com\/fr\/wp-json\/wp\/v2\/categories?post=350451"},{"taxonomy":"post_tag","embeddable":true,"href":"https:\/\/www.europesays.com\/fr\/wp-json\/wp\/v2\/tags?post=350451"}],"curies":[{"name":"wp","href":"https:\/\/api.w.org\/{rel}","templated":true}]}}