{"id":350457,"date":"2025-08-28T18:27:12","date_gmt":"2025-08-28T18:27:12","guid":{"rendered":"https:\/\/www.europesays.com\/fr\/350457\/"},"modified":"2025-08-28T18:27:12","modified_gmt":"2025-08-28T18:27:12","slug":"la-renommee-mondiale-des-armes-de-chasse-du-geant-stephanois","status":"publish","type":"post","link":"https:\/\/www.europesays.com\/fr\/350457\/","title":{"rendered":"la renomm\u00e9e mondiale des armes de chasse du g\u00e9ant st\u00e9phanois"},"content":{"rendered":"<p>Saint-\u00c9tienne, capitale historique de l\u2019armurerie, voit na\u00eetre un g\u00e9ant qui va r\u00e9volutionner le commerce fran\u00e7ais\u00a0: Manufrance. N\u00e9e en 1873 sous le nom de Martinier et Collin, l\u2019entreprise est rachet\u00e9e en 1885 par les jeunes et ambitieux \u00c9tienne Mimard et Pierre Blachon.<\/p>\n<p>Un engagement envers la qualit\u00e9 et la s\u00e9curit\u00e9 des fusils<\/p>\n<p>Leur objectif est de proposer des armes de chasse d\u2019une qualit\u00e9 irr\u00e9prochable. Le savoir-faire st\u00e9phanois trouve \u00e0 Manufrance un \u00e9crin industriel et une organisation rationalis\u00e9e sans pr\u00e9c\u00e9dent.<\/p>\n<p>L\u2019usine du cours Fauriel, v\u00e9ritable palais industriel, int\u00e8gre les derni\u00e8res avanc\u00e9es technologiques pour une production m\u00e9canis\u00e9e.<\/p>\n<p>Manufrance se distingue par son engagement envers la qualit\u00e9 et la s\u00e9curit\u00e9 des fusils. Afin de ne pas mettre en p\u00e9ril la vie de ses utilisateurs, l\u2019entreprise refuse les interm\u00e9diaires, et pr\u00e9f\u00e8re garantir elle-m\u00eame la qualit\u00e9 de ses produits.<\/p>\n<p>Manufrance produit jusqu\u2019\u00e0 65\u00a0% des fusils de&#8230;                        <\/p>\n","protected":false},"excerpt":{"rendered":"Saint-\u00c9tienne, capitale historique de l\u2019armurerie, voit na\u00eetre un g\u00e9ant qui va r\u00e9volutionner le commerce fran\u00e7ais\u00a0: Manufrance. N\u00e9e en&hellip;\n","protected":false},"author":2,"featured_media":350458,"comment_status":"","ping_status":"","sticky":false,"template":"","format":"standard","meta":{"footnotes":""},"categories":[9653],"tags":[1111,11,2430,1687,7539,1777,674,1011,27,12,2661,25,4001,7538],"class_list":{"0":"post-350457","1":"post","2":"type-post","3":"status-publish","4":"format-standard","5":"has-post-thumbnail","7":"category-saint-etienne","8":"tag-actu","9":"tag-actualites","10":"tag-auvergne-rhone-alpes","11":"tag-culture-loisirs","12":"tag-edition-loire-sud","13":"tag-eu","14":"tag-europe","15":"tag-fr","16":"tag-france","17":"tag-news","18":"tag-patrimoine-culturel","19":"tag-republique-francaise","20":"tag-saint-etienne","21":"tag-saint-etienne-ville"},"share_on_mastodon":{"url":"https:\/\/pubeurope.com\/@fr\/115107806822364004","error":""},"_links":{"self":[{"href":"https:\/\/www.europesays.com\/fr\/wp-json\/wp\/v2\/posts\/350457","targetHints":{"allow":["GET"]}}],"collection":[{"href":"https:\/\/www.europesays.com\/fr\/wp-json\/wp\/v2\/posts"}],"about":[{"href":"https:\/\/www.europesays.com\/fr\/wp-json\/wp\/v2\/types\/post"}],"author":[{"embeddable":true,"href":"https:\/\/www.europesays.com\/fr\/wp-json\/wp\/v2\/users\/2"}],"replies":[{"embeddable":true,"href":"https:\/\/www.europesays.com\/fr\/wp-json\/wp\/v2\/comments?post=350457"}],"version-history":[{"count":0,"href":"https:\/\/www.europesays.com\/fr\/wp-json\/wp\/v2\/posts\/350457\/revisions"}],"wp:featuredmedia":[{"embeddable":true,"href":"https:\/\/www.europesays.com\/fr\/wp-json\/wp\/v2\/media\/350458"}],"wp:attachment":[{"href":"https:\/\/www.europesays.com\/fr\/wp-json\/wp\/v2\/media?parent=350457"}],"wp:term":[{"taxonomy":"category","embeddable":true,"href":"https:\/\/www.europesays.com\/fr\/wp-json\/wp\/v2\/categories?post=350457"},{"taxonomy":"post_tag","embeddable":true,"href":"https:\/\/www.europesays.com\/fr\/wp-json\/wp\/v2\/tags?post=350457"}],"curies":[{"name":"wp","href":"https:\/\/api.w.org\/{rel}","templated":true}]}}