{"id":350459,"date":"2025-08-28T18:28:23","date_gmt":"2025-08-28T18:28:23","guid":{"rendered":"https:\/\/www.europesays.com\/fr\/350459\/"},"modified":"2025-08-28T18:28:23","modified_gmt":"2025-08-28T18:28:23","slug":"concert-irina-en-trio-au-temple-saint-etienne","status":"publish","type":"post","link":"https:\/\/www.europesays.com\/fr\/350459\/","title":{"rendered":"Concert. \u00ab\u00a0Irina en trio\u00a0\u00bb au temple Saint-\u00c9tienne"},"content":{"rendered":"<p>Le temple Saint-\u00c9tienne \u00e0 Mulhouse accueille, le samedi 6\u00a0septembre \u00e0 20\u00a0h, le concert de la chanteuse et pianiste Irina, accompagn\u00e9e de Svetlana Sazonenko au violon et Fran\u00e7ois Berne au violoncelle.<\/p>\n<p>Apr\u00e8s la sortie de son premier album Au-dessus de la ville , l\u2019auteure-compositrice Irina partage son univers doux et po\u00e9tique, qui m\u00eale des sonorit\u00e9s pop et symphoniques, des textes en fran\u00e7ais, des arrangements riches et harmonieux.<\/p>\n<p class=\"note\">Samedi 6\u00a0septembre \u00e0 20\u00a0h au temple Saint-\u00c9tienne, 12 place de la R\u00e9union \u00e0 Mulhouse. Entr\u00e9e libre. Plateau. Informations sur www.templesaintetiennemulhouse.com<\/p>\n","protected":false},"excerpt":{"rendered":"Le temple Saint-\u00c9tienne \u00e0 Mulhouse accueille, le samedi 6\u00a0septembre \u00e0 20\u00a0h, le concert de la chanteuse et pianiste&hellip;\n","protected":false},"author":2,"featured_media":350460,"comment_status":"","ping_status":"","sticky":false,"template":"","format":"standard","meta":{"footnotes":""},"categories":[9653],"tags":[1111,11,2430,1687,1636,1777,674,1011,27,1634,873,12,25,4001,1635],"class_list":{"0":"post-350459","1":"post","2":"type-post","3":"status-publish","4":"format-standard","5":"has-post-thumbnail","7":"category-saint-etienne","8":"tag-actu","9":"tag-actualites","10":"tag-auvergne-rhone-alpes","11":"tag-culture-loisirs","12":"tag-edition-mulhouse-thann","13":"tag-eu","14":"tag-europe","15":"tag-fr","16":"tag-france","17":"tag-mulhouse","18":"tag-musique","19":"tag-news","20":"tag-republique-francaise","21":"tag-saint-etienne","22":"tag-secteur-de-mulhouse"},"share_on_mastodon":{"url":"https:\/\/pubeurope.com\/@fr\/115107810720186226","error":""},"_links":{"self":[{"href":"https:\/\/www.europesays.com\/fr\/wp-json\/wp\/v2\/posts\/350459","targetHints":{"allow":["GET"]}}],"collection":[{"href":"https:\/\/www.europesays.com\/fr\/wp-json\/wp\/v2\/posts"}],"about":[{"href":"https:\/\/www.europesays.com\/fr\/wp-json\/wp\/v2\/types\/post"}],"author":[{"embeddable":true,"href":"https:\/\/www.europesays.com\/fr\/wp-json\/wp\/v2\/users\/2"}],"replies":[{"embeddable":true,"href":"https:\/\/www.europesays.com\/fr\/wp-json\/wp\/v2\/comments?post=350459"}],"version-history":[{"count":0,"href":"https:\/\/www.europesays.com\/fr\/wp-json\/wp\/v2\/posts\/350459\/revisions"}],"wp:featuredmedia":[{"embeddable":true,"href":"https:\/\/www.europesays.com\/fr\/wp-json\/wp\/v2\/media\/350460"}],"wp:attachment":[{"href":"https:\/\/www.europesays.com\/fr\/wp-json\/wp\/v2\/media?parent=350459"}],"wp:term":[{"taxonomy":"category","embeddable":true,"href":"https:\/\/www.europesays.com\/fr\/wp-json\/wp\/v2\/categories?post=350459"},{"taxonomy":"post_tag","embeddable":true,"href":"https:\/\/www.europesays.com\/fr\/wp-json\/wp\/v2\/tags?post=350459"}],"curies":[{"name":"wp","href":"https:\/\/api.w.org\/{rel}","templated":true}]}}