{"id":350461,"date":"2025-08-28T18:31:23","date_gmt":"2025-08-28T18:31:23","guid":{"rendered":"https:\/\/www.europesays.com\/fr\/350461\/"},"modified":"2025-08-28T18:31:23","modified_gmt":"2025-08-28T18:31:23","slug":"un-ou-plusieurs-suspects-recherches","status":"publish","type":"post","link":"https:\/\/www.europesays.com\/fr\/350461\/","title":{"rendered":"un ou plusieurs suspects recherch\u00e9s"},"content":{"rendered":"<p>Un p\u00e8re de famille \u00e2g\u00e9 de 61 ans a \u00e9t\u00e9 tu\u00e9 \u00e0 l\u2019arme blanche ce jeudi \u00e0 Vandoeuvre-l\u00e8s-Nancy, vers 17 heures.<\/p>\n<p>Bless\u00e9, son fils de 27 ans a \u00e9t\u00e9 transport\u00e9 vers les urgences de l\u2019h\u00f4pital central de Nancy.<\/p>\n<p>Selon J\u00e9r\u00e9my Lapertot, substitut du procureur de permanence, arriv\u00e9 sur les lieux de l\u2019homicide, il est encore trop t\u00f4t pour \u00e9voquer les circonstances du drame mais un, voire plusieurs individus sont recherch\u00e9s par les forces de police.<\/p>\n<p>Le corps de la victime repose dans la pelouse, entre le parc Richard-Pouille et l\u2019immeuble du 1, place des Flandres, dans le quartier Vand\u2019Est.<\/p>\n<p>Un important d\u00e9ploiement de police est sur les lieux. Yves S\u00e9guy, <a href=\"https:\/\/www.estrepublicain.fr\/economie\/2025\/08\/25\/je-reviens-en-lorraine-avec-beaucoup-de-plaisir-le-nouveau-prefet-de-meurthe-et-moselle-affiche-son-attachement-a-la-region-et-annonce-sa-feuille-de-route\" target=\"_blank\" rel=\"noopener\">le nouveau pr\u00e9fet de Meurthe-et-Moselle<\/a>, est sur place tout comme Fr\u00e9d\u00e9ric Laissy, directeur interd\u00e9partemental de la police nationale.<\/p>\n<p>Les investigations ont \u00e9t\u00e9 confi\u00e9es \u00e0 la division de la criminalit\u00e9 organis\u00e9e et sp\u00e9cialis\u00e9e (DCOS).<\/p>\n<p>Ce contenu est bloqu\u00e9 car vous n&rsquo;avez pas accept\u00e9 les cookies et autres traceurs.<\/p>\n<p>En cliquant sur \u00ab J\u2019accepte \u00bb, les cookies et autres traceurs seront d\u00e9pos\u00e9s et vous pourrez visualiser les contenus  (<a href=\"\" class=\"consentModule_policy\" target=\"_blank\" title=\"Consulter la politique de protection des donn\u00e9es du fournisseur\">plus d&rsquo;informations<\/a>).<\/p>\n<p>En cliquant sur \u00ab J\u2019accepte tous les cookies \u00bb, vous autorisez des d\u00e9p\u00f4ts de cookies et autres traceurs pour le stockage de vos donn\u00e9es sur nos sites et applications \u00e0 des fins de personnalisation et de ciblage publicitaire.<\/p>\n<p class=\"consentModule_secondaryText\">Vous gardez la possibilit\u00e9 de retirer votre consentement \u00e0 tout moment en consultant notre <a href=\"https:\/\/www.estrepublicain.fr\/protection-des-donnees\" target=\"_blank\" title=\"Consulter notre politique de protection des donn\u00e9es\" rel=\"noopener\">politique de protection des donn\u00e9es<\/a>. <br \/>&#13;<br \/>\n            <a href=\"https:\/\/www.estrepublicain.fr\/faits-divers-justice\/2025\/08\/28\/javascript:Didomi.notice.show()\" class=\"consentModule_cmp\" target=\"_blank\" rel=\"noopener\">G\u00e9rer mes choix<\/a>&#13;\n        <\/p>\n<p>&#13;<br \/>\n                        J&rsquo;accepte&#13;<br \/>\n            J&rsquo;accepte tous les cookies&#13;\n        <\/p>\n","protected":false},"excerpt":{"rendered":"Un p\u00e8re de famille \u00e2g\u00e9 de 61 ans a \u00e9t\u00e9 tu\u00e9 \u00e0 l\u2019arme blanche ce jeudi \u00e0 Vandoeuvre-l\u00e8s-Nancy,&hellip;\n","protected":false},"author":2,"featured_media":350462,"comment_status":"","ping_status":"","sticky":false,"template":"","format":"standard","meta":{"footnotes":""},"categories":[9635],"tags":[1111,11,271,272,1704,1777,674,274,1011,27,775,6364,3457,1702,12,3456,25,5711],"class_list":{"0":"post-350461","1":"post","2":"type-post","3":"status-publish","4":"format-standard","5":"has-post-thumbnail","7":"category-nancy","8":"tag-actu","9":"tag-actualites","10":"tag-crime","11":"tag-delit-et-contravention","12":"tag-edition-nancy-et-agglomeration","13":"tag-eu","14":"tag-europe","15":"tag-faits-divers-justice","16":"tag-fr","17":"tag-france","18":"tag-grand-est","19":"tag-metropole-du-grand-nancy-54b1","20":"tag-meurthe-et-moselle","21":"tag-nancy","22":"tag-news","23":"tag-region-lorraine","24":"tag-republique-francaise","25":"tag-vandoeuvre-les-nancy"},"share_on_mastodon":{"url":"https:\/\/pubeurope.com\/@fr\/115107822584312069","error":""},"_links":{"self":[{"href":"https:\/\/www.europesays.com\/fr\/wp-json\/wp\/v2\/posts\/350461","targetHints":{"allow":["GET"]}}],"collection":[{"href":"https:\/\/www.europesays.com\/fr\/wp-json\/wp\/v2\/posts"}],"about":[{"href":"https:\/\/www.europesays.com\/fr\/wp-json\/wp\/v2\/types\/post"}],"author":[{"embeddable":true,"href":"https:\/\/www.europesays.com\/fr\/wp-json\/wp\/v2\/users\/2"}],"replies":[{"embeddable":true,"href":"https:\/\/www.europesays.com\/fr\/wp-json\/wp\/v2\/comments?post=350461"}],"version-history":[{"count":0,"href":"https:\/\/www.europesays.com\/fr\/wp-json\/wp\/v2\/posts\/350461\/revisions"}],"wp:featuredmedia":[{"embeddable":true,"href":"https:\/\/www.europesays.com\/fr\/wp-json\/wp\/v2\/media\/350462"}],"wp:attachment":[{"href":"https:\/\/www.europesays.com\/fr\/wp-json\/wp\/v2\/media?parent=350461"}],"wp:term":[{"taxonomy":"category","embeddable":true,"href":"https:\/\/www.europesays.com\/fr\/wp-json\/wp\/v2\/categories?post=350461"},{"taxonomy":"post_tag","embeddable":true,"href":"https:\/\/www.europesays.com\/fr\/wp-json\/wp\/v2\/tags?post=350461"}],"curies":[{"name":"wp","href":"https:\/\/api.w.org\/{rel}","templated":true}]}}