{"id":350463,"date":"2025-08-28T18:32:12","date_gmt":"2025-08-28T18:32:12","guid":{"rendered":"https:\/\/www.europesays.com\/fr\/350463\/"},"modified":"2025-08-28T18:32:12","modified_gmt":"2025-08-28T18:32:12","slug":"ligue-2-confirmer-objectif-commun-pour-nancy-et-pau","status":"publish","type":"post","link":"https:\/\/www.europesays.com\/fr\/350463\/","title":{"rendered":"Ligue 2. Confirmer, objectif commun pour Nancy et Pau"},"content":{"rendered":"<p>A l\u2019heure des pronostics sur le d\u00e9but de saison de Ligue 2, ceux qui avaient pr\u00e9vu que le Nancy \u2013 Pau de ce vendredi soir (20 heures) serait le choc de la 4e journ\u00e9e n\u2019\u00e9taient certainement pas l\u00e9gion. Pourtant, avec sept points sur neuf possibles, Lorrains et B\u00e9arnais font bien partie du peloton de t\u00eate avec le grandissime favori de la saison, l\u2019AS Saint-Etienne, et Troyes. Plus qu\u2019une surprise, il est surtout le fruit d\u2019une ambition.<\/p>\n<p>Avant d\u2019entamer la saison, l\u2019historique entra\u00eeneur Lorrain, Pablo Correa, n\u2019avait d\u2019ailleurs pas cach\u00e9 ne pas vouloir se limiter \u00e0 jouer le maintien, malgr\u00e9 son statut de promu apr\u00e8s le titre de champion de National 2024. Si, c\u00f4t\u00e9 b\u00e9arnais, on assume sans d\u00e9tour le fait que le maintien soit l\u2019objectif principal \u00e0 atteindre le plus rapidement possible, Nicolas Usa\u00ef et ses hommes ont \u00e9galement entam\u00e9 la saison avec app\u00e9tit\u00a0: \u00ab\u00a0Notre ambition a toujours \u00e9t\u00e9 de prendre un maximum de points. On n\u2019est qu\u2019\u00e0 la 4e journ\u00e9e et il est bien trop t\u00f4t pour parler de positions ou de surprises\u00a0\u00bb.<\/p>\n<p>Comme souvent, le plus difficile est de confirmer sans cesse et pour Nicolas Usa\u00ef\u00a0: \u00ab\u00a0\u00catre invaincu, c\u2019est tr\u00e8s bien. Faire perdurer \u00e7a, c\u2019est encore mieux. On a une mini tr\u00eave qui arrive \u00e0 l\u2019issue de ce match-l\u00e0 et l\u2019id\u00e9e c\u2019est de rester encore invaincu.\u00a0\u00bb<\/p>\n<p>La t\u00e2che des jaune et bleu ne sera pourtant pas des plus ais\u00e9es. Au-del\u00e0 du fait que Nancy soit sur \u00ab\u00a0une belle dynamique avec une \u00e9quipe qui a \u00e9volu\u00e9, sans forc\u00e9ment beaucoup changer\u00a0\u00bb, selon Usa\u00ef, le Pau FC doit se d\u00e9placer <a href=\"https:\/\/www.sudouest.fr\/sport\/football\/ligue2\/ligue-2-penuries-d-attaquants-pour-le-pau-fc-avant-d-aller-a-nancy-25684463.php\" target=\"_blank\" rel=\"follow nofollow noopener\">largement amoindri dans le secteur offensif.<\/a> Sissoko (quadriceps), Fall (adducteurs), Sadik (genou) et Zuliani (cuisse) sont tous forfaits tandis que Path\u00e9 Mboup, qui devait passer une IRM ce jeudi soir pour une g\u00eane musculaire, est tr\u00e8s incertain. Le coach Palois ne peut donc compter que sur les seuls Versini, Gasnier et Lebouath pour animer le front de son attaque.<\/p>\n<p>Un plan de jeu contraint<\/p>\n<p>D\u2019autant plus rageant que le technicien aurait sans doute voulu surfer sur les bonnes choses vues lundi lors de la victoire face \u00e0 Reims (2-0)\u00a0: \u201cAu-del\u00e0 du r\u00e9sultat, le contenu du match face \u00e0 Reims a \u00e9t\u00e9 int\u00e9ressant par rapport aux connexions et ce qu\u2019on a \u00e9t\u00e9 capable de proposer. Le fait qu\u2019Omar Sissoko soit bless\u00e9 et que Path\u00e9 Mboup soit incertain change un peu nos plans sur les connexions offensives mais on a des ressources.\u00a0\u00bb Des ressources qui passeront probablement par une animation collective diff\u00e9rente.<\/p>\n<p>Des changements contraints qui pourraient aussi s\u2019av\u00e9rer utiles pour la suite selon Usa\u00ef\u00a0: \u00ab\u00a0Je ne vais pas dire que c\u2019est bien que tout cela nous arrive mais c\u2019est int\u00e9ressant aussi de pouvoir \u00e9laborer un plan de jeu diff\u00e9rent en sachant que, quel qu\u2019il soit, la capacit\u00e9 \u00e0 gagner des duels et \u00e0 \u00eatre conqu\u00e9rant sur le plan collectif est aussi essentielle.\u00a0\u00bb Le message semble clair comme de l\u2019eau de roche. S\u2019ils veulent rester tout en haut du classement durant la tr\u00eave internationale, les Palois devront faire preuve d\u2019envie \u00e0 Picot. Et ce malgr\u00e9 l\u2019atmosph\u00e8re toujours particuli\u00e8re d\u2019un stade \u00e0 huis clos.<\/p>\n<p>    Nancy &#8211; Pau<br \/>\n<strong>Lieu<\/strong> Nancy (Stade Marcel-Picot) <strong>Coup d\u2019envoi<\/strong> Ce soir \u00e0 20 heures <strong>Arbitre<\/strong> M. Batta<br \/><strong>NANCY L\u2019\u00e9quipe probable <\/strong>1. Basilio &#8211; 4. Fernandez, 14. Saint-Ruf (Cap.), 12. Julloux &#8211; 19. Exp\u00e9rience, 6. Bouriaud, 17. Carlier, 27. Maouassa \u2013 7. Fdaouch, 8. Bouabdelli \u2013 20. Bokangu Rempla\u00e7ants 40. Kenzo (g), 23. Bamba, 77. Nahoussou, 5. Suljic, 11. Sidibe, 13. Camara, 22. Evan\u2019s, 29. Ouotro <strong>Entra\u00eeneur <\/strong>Pablo Correa<br \/><strong>PAU L\u2019\u00e9quipe probable<\/strong> 22. Raveyre \u2013 3. Kalulu, 4. Karamoko, 25. Ruiz (Cap.), 23. Brian\u00e7on, 2. Pouilly \u2013 84. Touzghar, 97. Meddah, 21. Beusnard \u2013 14. Bobichon, 10. Versini Rempla\u00e7ants 40. Paradowski (g.), 19. Kant\u00e9, 26. Glossoa, 25. Nihouarn, 34. Lebouath, 11. Gasnier <strong>Entra\u00eeneur<\/strong> Nicolas Usa\u00ef<\/p>\n","protected":false},"excerpt":{"rendered":"A l\u2019heure des pronostics sur le d\u00e9but de saison de Ligue 2, ceux qui avaient pr\u00e9vu que le&hellip;\n","protected":false},"author":2,"featured_media":350464,"comment_status":"","ping_status":"","sticky":false,"template":"","format":"standard","meta":{"footnotes":""},"categories":[9635],"tags":[1111,11,1777,674,1011,27,775,1702,12,25],"class_list":{"0":"post-350463","1":"post","2":"type-post","3":"status-publish","4":"format-standard","5":"has-post-thumbnail","7":"category-nancy","8":"tag-actu","9":"tag-actualites","10":"tag-eu","11":"tag-europe","12":"tag-fr","13":"tag-france","14":"tag-grand-est","15":"tag-nancy","16":"tag-news","17":"tag-republique-francaise"},"share_on_mastodon":{"url":"https:\/\/pubeurope.com\/@fr\/115107826462426363","error":""},"_links":{"self":[{"href":"https:\/\/www.europesays.com\/fr\/wp-json\/wp\/v2\/posts\/350463","targetHints":{"allow":["GET"]}}],"collection":[{"href":"https:\/\/www.europesays.com\/fr\/wp-json\/wp\/v2\/posts"}],"about":[{"href":"https:\/\/www.europesays.com\/fr\/wp-json\/wp\/v2\/types\/post"}],"author":[{"embeddable":true,"href":"https:\/\/www.europesays.com\/fr\/wp-json\/wp\/v2\/users\/2"}],"replies":[{"embeddable":true,"href":"https:\/\/www.europesays.com\/fr\/wp-json\/wp\/v2\/comments?post=350463"}],"version-history":[{"count":0,"href":"https:\/\/www.europesays.com\/fr\/wp-json\/wp\/v2\/posts\/350463\/revisions"}],"wp:featuredmedia":[{"embeddable":true,"href":"https:\/\/www.europesays.com\/fr\/wp-json\/wp\/v2\/media\/350464"}],"wp:attachment":[{"href":"https:\/\/www.europesays.com\/fr\/wp-json\/wp\/v2\/media?parent=350463"}],"wp:term":[{"taxonomy":"category","embeddable":true,"href":"https:\/\/www.europesays.com\/fr\/wp-json\/wp\/v2\/categories?post=350463"},{"taxonomy":"post_tag","embeddable":true,"href":"https:\/\/www.europesays.com\/fr\/wp-json\/wp\/v2\/tags?post=350463"}],"curies":[{"name":"wp","href":"https:\/\/api.w.org\/{rel}","templated":true}]}}