{"id":350465,"date":"2025-08-28T18:33:10","date_gmt":"2025-08-28T18:33:10","guid":{"rendered":"https:\/\/www.europesays.com\/fr\/350465\/"},"modified":"2025-08-28T18:33:10","modified_gmt":"2025-08-28T18:33:10","slug":"et-pourquoi-pas-un-cinema-a-la-place-de-lancienne-mairie-sociale-a-la-seyne","status":"publish","type":"post","link":"https:\/\/www.europesays.com\/fr\/350465\/","title":{"rendered":"Et pourquoi pas un cin\u00e9ma \u00e0 la place de l\u2019ancienne mairie sociale \u00e0 La Seyne?"},"content":{"rendered":"<p>Lors d\u2019une r\u00e9union avec la presse d\u00e9di\u00e9e \u00e0 la rentr\u00e9e scolaire (Var-matin du 27\/8), le maire de La Seyne est revenu sur le dossier des \u00e9coles v\u00e9tustes du centre-ville Mabily (maternelle) et Verne (\u00e9l\u00e9mentaire), dont un projet pr\u00e9voyait de les regrouper au sein d\u2019un nouvel \u00e9tablissement, construit sur l\u2019ancien site de la mairie sociale et de l\u2019Espace Raybaud aujourd\u2019hui d\u00e9molis, rue Ernest-Renan, \u00e0 l\u2019angle du boulevard du 4-Septembre.<\/p>\n<p>Mais fin juillet, la Ville a annonc\u00e9 devoir r\u00e9\u00e9tudier ce projet (Var-matin du 29\/7), du fait d\u2019un surco\u00fbt de cette op\u00e9ration, mais aussi de la baisse r\u00e9guli\u00e8re du nombre d\u2019\u00e9l\u00e8ves. \u00ab\u00a0M\u00eame si nous en avions les moyens l\u2019an prochain, ne serait-il pas plus judicieux d\u2019injecter ces millions dans l\u2019ensemble des \u00e9coles \u00e0 r\u00e9habiliter, plut\u00f4t que dans la construction d\u2019une seule, dont la n\u00e9cessit\u00e9 n\u2019est peut-\u00eatre pas absolue, et qui risque d\u2019\u00eatre sous-exploit\u00e9e dans les ann\u00e9es \u00e0 venir?\u00a0\u00bb, s\u2019interrogeait encore l\u2019\u00e9lu il y a quelques jours.<\/p>\n<p>\u00ab\u00a0De taille \u00e9quivalente \u00e0 celui de Six-Fours\u00a0\u00bb<\/p>\n<p>Si, par ailleurs, il donne toujours du cr\u00e9dit \u00e0 l\u2019id\u00e9e de cr\u00e9er du stationnement sur le site de la mairie sociale (malgr\u00e9 la d\u00e9sapprobation d\u2019une partie de l\u2019opposition), il pr\u00e9cise qu\u2019il s\u2019agira l\u00e0 d\u2019une \u00ab\u00a0vocation temporaire, facile et rapide \u00e0 mettre en place, au b\u00e9n\u00e9fice de la fr\u00e9quentation du centre-ville\u00a0\u00bb. En attendant, aussi, de savoir si le projet de groupe scolaire sera abandonn\u00e9 ou pas (cette d\u00e9cision d\u00e9pendant, notamment, des conclusions d\u2019une \u00e9tude \u00e0 venir sur l\u2019\u00e9volution de la population scolaire).<\/p>\n<p>Le cas \u00e9ch\u00e9ant, un autre \u00ab\u00a0d\u00e9but de r\u00e9flexion\u00a0\u00bb, temp\u00e8re M. Minniti, a fait son chemin \u00e0 la mairie apr\u00e8s l\u2019annonce d\u2019un parking: \u00ab\u00a0Dans la ville, tout le monde r\u00e9clame \u00e0 cor et \u00e0 cri un cin\u00e9ma. Pourquoi ne pas en faire un ici? Il y a la place pour en construire un de taille \u00e9quivalente \u00e0 celui de Six-Fours, avec quelques places de stationnement. Il serait proche du centre-ville de La Seyne, on peut imaginer que \u00e7a g\u00e9n\u00e8re un afflux. Ce pourrait \u00eatre une bonne solution pour r\u00e9animer le c\u0153ur de ville, tout en vendant le terrain et en encaissant de l\u2019argent.\u00a0\u00bb<\/p>\n<p>\u00ab\u00a0C\u2019est juste une id\u00e9e\u00a0\u00bb, insiste le maire de La Seyne, qui rappelle aussi qu\u2019un tel projet ne verra pas le jour avant au moins deux ans une fois lanc\u00e9, proc\u00e9dures obligent. Et une id\u00e9e, sait-il aussi tr\u00e8s bien, qui ne manquera de susciter quelques nouvelles r\u00e9actions\u2026 \u00ab\u00a0C\u2019est tr\u00e8s bien, \u00e7a aura valeur de sondage\u00a0\u00bb, sourit-il.<\/p>\n<p>Verne et Mabily: \u00ab\u00a0Actuellement, \u00e7a fonctionne\u00a0\u00bb<\/p>\n<p>Concernant l\u2019\u00e9cole \u00e9l\u00e9mentaire Jules-Verne, Joseph Minniti a d\u00e9clar\u00e9: \u00ab\u00a0Elle a \u00e9videmment besoin d\u2019un grand lifting, mais elle fonctionne. Et 60.000 euros de travaux y ont \u00e9t\u00e9 investis cet \u00e9t\u00e9: gros coup de peinture (plafonds, couloirs\u2026), ventilateurs aux plafonds, \u00e9clairage Led, sanitaires\u2026 Je pense que si nous continuons \u00e0 investir comme cela \u00e0 Verne, je ne suis pas certain qu\u2019il soit besoin de la d\u00e9placer. Si nous avions l\u2019argent, je ne tiendrais pas le m\u00eame discours, mais la r\u00e9alit\u00e9 est l\u00e0. Nous n\u2019avons pas l\u2019ombre du premier centime pour construire une nouvelle \u00e9cole; et comme, pour b\u00e9n\u00e9ficier de subventions, il faut lancer les travaux\u2026 Bref, c\u2019est le serpent qui se mord la queue.\u00a0\u00bb<\/p>\n<p>Am\u00e9nager une cantine \u00e0 Jules-Verne?<\/p>\n<p>Quant aux trois classes de la maternelle Mabily, dont l\u2019\u00e9tat a n\u00e9cessit\u00e9, il y a quatre ans maintenant, de d\u00e9localiser les \u00e9l\u00e8ves \u00e0 l\u2019\u00e9cole Derrida (derri\u00e8re le commissariat), le maire de La Seyne estime que \u00ab\u00a0\u00e7a ne se passe pas trop mal comme \u00e7a\u00a0\u00bb.<\/p>\n<p>\u00c0 part une chose: \u00ab\u00a0Il reste un probl\u00e8me \u00e0 r\u00e9gler, celui de la restauration des \u00e9coliers de Jules-Verne\u00a0\u00bb, souligne-t-il. Aujourd\u2019hui, les \u00e9l\u00e8ves sont contraints de prendre le bus \u00e0 l\u2019heure du d\u00e9jeuner. Mais une piste est \u00e0 l\u2019\u00e9tude: \u00ab\u00a0Am\u00e9nager en cantine deux salles de classe inutilis\u00e9es, mais qui induit de g\u00e9rer l\u2019aspect sanitaire et r\u00e9glementaire pour l\u2019acheminement des repas chauds depuis la cuisine centrale\u2026\u00a0\u00bb<\/p>\n<p>Une solution act\u00e9e \u00ab\u00a0dans le courant de cette ann\u00e9e\u00a0\u00bb est selon lui envisageable.<\/p>\n","protected":false},"excerpt":{"rendered":"Lors d\u2019une r\u00e9union avec la presse d\u00e9di\u00e9e \u00e0 la rentr\u00e9e scolaire (Var-matin du 27\/8), le maire de La&hellip;\n","protected":false},"author":2,"featured_media":350466,"comment_status":"","ping_status":"","sticky":false,"template":"","format":"standard","meta":{"footnotes":""},"categories":[9619],"tags":[1111,11,1777,674,1011,27,4075,1393,12,316,882,25,2310,3366],"class_list":{"0":"post-350465","1":"post","2":"type-post","3":"status-publish","4":"format-standard","5":"has-post-thumbnail","7":"category-toulon","8":"tag-actu","9":"tag-actualites","10":"tag-eu","11":"tag-europe","12":"tag-fr","13":"tag-france","14":"tag-jeunesse","15":"tag-loisirs","16":"tag-news","17":"tag-politique","18":"tag-provence-alpes-cote-dazur","19":"tag-republique-francaise","20":"tag-toulon","21":"tag-vie-locale"},"share_on_mastodon":{"url":"https:\/\/pubeurope.com\/@fr\/115107830386158405","error":""},"_links":{"self":[{"href":"https:\/\/www.europesays.com\/fr\/wp-json\/wp\/v2\/posts\/350465","targetHints":{"allow":["GET"]}}],"collection":[{"href":"https:\/\/www.europesays.com\/fr\/wp-json\/wp\/v2\/posts"}],"about":[{"href":"https:\/\/www.europesays.com\/fr\/wp-json\/wp\/v2\/types\/post"}],"author":[{"embeddable":true,"href":"https:\/\/www.europesays.com\/fr\/wp-json\/wp\/v2\/users\/2"}],"replies":[{"embeddable":true,"href":"https:\/\/www.europesays.com\/fr\/wp-json\/wp\/v2\/comments?post=350465"}],"version-history":[{"count":0,"href":"https:\/\/www.europesays.com\/fr\/wp-json\/wp\/v2\/posts\/350465\/revisions"}],"wp:featuredmedia":[{"embeddable":true,"href":"https:\/\/www.europesays.com\/fr\/wp-json\/wp\/v2\/media\/350466"}],"wp:attachment":[{"href":"https:\/\/www.europesays.com\/fr\/wp-json\/wp\/v2\/media?parent=350465"}],"wp:term":[{"taxonomy":"category","embeddable":true,"href":"https:\/\/www.europesays.com\/fr\/wp-json\/wp\/v2\/categories?post=350465"},{"taxonomy":"post_tag","embeddable":true,"href":"https:\/\/www.europesays.com\/fr\/wp-json\/wp\/v2\/tags?post=350465"}],"curies":[{"name":"wp","href":"https:\/\/api.w.org\/{rel}","templated":true}]}}