{"id":350467,"date":"2025-08-28T18:34:46","date_gmt":"2025-08-28T18:34:46","guid":{"rendered":"https:\/\/www.europesays.com\/fr\/350467\/"},"modified":"2025-08-28T18:34:46","modified_gmt":"2025-08-28T18:34:46","slug":"toulon-reunion-sur-la-reglementation-erp-et-la-prevention-des-risques-avec-le-sdis-83","status":"publish","type":"post","link":"https:\/\/www.europesays.com\/fr\/350467\/","title":{"rendered":"TOULON : R\u00e9union sur la r\u00e9glementation ERP et la pr\u00e9vention des risques avec le SDIS 83"},"content":{"rendered":"<p><strong>R\u00e9union d\u2019information \u2013 R\u00e9glementation ERP &amp; Pr\u00e9vention des Risques avec le SDIS 83 \u2013 le mercredi 10 septembre 2025 18h30.<\/strong><\/p>\n<p><strong>L\u2019Union Patronale du Var et le SDIS 83<\/strong>\u00a0s\u2019associent pour vous proposer une r\u00e9union d\u2019information enti\u00e8rement consacr\u00e9e aux\u00a0<strong>\u00c9tablissements Recevant du Public (ERP)<\/strong>, avec un\u00a0<strong>focus sur les obligations r\u00e9glementaires, les mesures de pr\u00e9vision et les dispositifs de pr\u00e9vention \u00e0 mettre en \u0153uvre<\/strong>.<\/p>\n<p>Les \u00e9quipes du SDIS partageront leur expertise terrain, d\u00e9tailleront les enjeux li\u00e9s \u00e0 la r\u00e9glementation ERP et exposeront les\u00a0<strong>bonnes pratiques \u00e0 adopter pour une mise en conformit\u00e9 efficace et p\u00e9renne<\/strong>.<\/p>\n<p><img loading=\"lazy\" decoding=\"async\" class=\"an1\" src=\"https:\/\/www.europesays.com\/fr\/wp-content\/uploads\/2025\/08\/72.png\" alt=\"\ud83c\udfaf\" width=\"26\" height=\"26\" data-emoji=\"\ud83c\udfaf\" aria-label=\"\ud83c\udfaf\"\/>\u00a0<strong>Objectifs de cette rencontre<\/strong><strong>\u00a0:<\/strong><br \/>Comprendre les principales obligations li\u00e9es aux ERP \u00a0identifier les leviers d\u2019action pour anticiper les risques<br \/>Optimiser votre strat\u00e9gie de d\u00e9veloppement en toute conformit\u00e9<br \/>\u00c9changer avec des experts de terrain pour r\u00e9pondre \u00e0 vos questions concr\u00e8tes.<\/p>\n<p>Dans un contexte o\u00f9 la croissance des entreprises repose sur une gestion proactive, cette r\u00e9union vous aidera \u00e0 anticiper les risques et \u00e0 s\u00e9curiser vos projets.<\/p>\n<p style=\"font-weight: 400;text-align: center\"><strong>Le mercredi 10 septembre 2025 \u00e0 18h30<\/strong><\/p>\n<p style=\"font-weight: 400;text-align: center\"><strong>LE\u00a0SDIS 83<\/strong><br \/>24 All\u00e9e de Vaugrenier<br \/>83490 LE MUY<\/p>\n<p><img loading=\"lazy\" decoding=\"async\" class=\"an1\" src=\"https:\/\/www.europesays.com\/fr\/wp-content\/uploads\/2025\/08\/1756406086_385_72.png\" alt=\"\ud83d\udc49\" width=\"25\" height=\"25\" data-emoji=\"\ud83d\udc49\" aria-label=\"\ud83d\udc49\"\/>\u00a0<strong>Inscription gratuite mais obligatoire \u2013 nombre de places limit\u00e9<\/strong><\/p>\n","protected":false},"excerpt":{"rendered":"R\u00e9union d\u2019information \u2013 R\u00e9glementation ERP &amp; Pr\u00e9vention des Risques avec le SDIS 83 \u2013 le mercredi 10 septembre&hellip;\n","protected":false},"author":2,"featured_media":350468,"comment_status":"","ping_status":"","sticky":false,"template":"","format":"standard","meta":{"footnotes":""},"categories":[9619],"tags":[1111,11,1777,674,1011,27,12,882,25,2310],"class_list":{"0":"post-350467","1":"post","2":"type-post","3":"status-publish","4":"format-standard","5":"has-post-thumbnail","7":"category-toulon","8":"tag-actu","9":"tag-actualites","10":"tag-eu","11":"tag-europe","12":"tag-fr","13":"tag-france","14":"tag-news","15":"tag-provence-alpes-cote-dazur","16":"tag-republique-francaise","17":"tag-toulon"},"share_on_mastodon":{"url":"https:\/\/pubeurope.com\/@fr\/115107838780170371","error":""},"_links":{"self":[{"href":"https:\/\/www.europesays.com\/fr\/wp-json\/wp\/v2\/posts\/350467","targetHints":{"allow":["GET"]}}],"collection":[{"href":"https:\/\/www.europesays.com\/fr\/wp-json\/wp\/v2\/posts"}],"about":[{"href":"https:\/\/www.europesays.com\/fr\/wp-json\/wp\/v2\/types\/post"}],"author":[{"embeddable":true,"href":"https:\/\/www.europesays.com\/fr\/wp-json\/wp\/v2\/users\/2"}],"replies":[{"embeddable":true,"href":"https:\/\/www.europesays.com\/fr\/wp-json\/wp\/v2\/comments?post=350467"}],"version-history":[{"count":0,"href":"https:\/\/www.europesays.com\/fr\/wp-json\/wp\/v2\/posts\/350467\/revisions"}],"wp:featuredmedia":[{"embeddable":true,"href":"https:\/\/www.europesays.com\/fr\/wp-json\/wp\/v2\/media\/350468"}],"wp:attachment":[{"href":"https:\/\/www.europesays.com\/fr\/wp-json\/wp\/v2\/media?parent=350467"}],"wp:term":[{"taxonomy":"category","embeddable":true,"href":"https:\/\/www.europesays.com\/fr\/wp-json\/wp\/v2\/categories?post=350467"},{"taxonomy":"post_tag","embeddable":true,"href":"https:\/\/www.europesays.com\/fr\/wp-json\/wp\/v2\/tags?post=350467"}],"curies":[{"name":"wp","href":"https:\/\/api.w.org\/{rel}","templated":true}]}}