{"id":350469,"date":"2025-08-28T18:35:13","date_gmt":"2025-08-28T18:35:13","guid":{"rendered":"https:\/\/www.europesays.com\/fr\/350469\/"},"modified":"2025-08-28T18:35:13","modified_gmt":"2025-08-28T18:35:13","slug":"rentree-scolaire-la-rectrice-de-lacademie-de-montpellier-fixe-le-cap-2025-2026-entre-corrections-et-ambitions","status":"publish","type":"post","link":"https:\/\/www.europesays.com\/fr\/350469\/","title":{"rendered":"Rentr\u00e9e scolaire : la rectrice de l&rsquo;Acad\u00e9mie de Montpellier fixe le cap 2025\/2026, entre corrections et ambitions"},"content":{"rendered":"<p>L\u2019\u00e9cole doit aussi ouvrir les jeunes sur le monde et les pr\u00e9parer \u00e0 la citoyennet\u00e9. Le Plan Avenir, avec 21 mesures, offre \u201cd\u00e8s le coll\u00e8ge des demi-journ\u00e9es d\u00e9di\u00e9es \u00e0 l\u2019orientation\u201d, des forums et rencontres avec des professionnels, ainsi qu\u2019un suivi personnalis\u00e9 via la plateforme \u201cAvenir\u201d. \u201cL\u2019objectif est que chaque \u00e9l\u00e8ve puisse se projeter, r\u00e9fl\u00e9chir \u00e0 son parcours et \u00e0 ses comp\u00e9tences\u201d, r\u00e9sume la rectrice.<\/p>\n","protected":false},"excerpt":{"rendered":"L\u2019\u00e9cole doit aussi ouvrir les jeunes sur le monde et les pr\u00e9parer \u00e0 la citoyennet\u00e9. Le Plan Avenir,&hellip;\n","protected":false},"author":2,"featured_media":350470,"comment_status":"","ping_status":"","sticky":false,"template":"","format":"standard","meta":{"footnotes":""},"categories":[9599],"tags":[1111,11,1777,674,1011,27,2208,12,2680,25],"class_list":{"0":"post-350469","1":"post","2":"type-post","3":"status-publish","4":"format-standard","5":"has-post-thumbnail","7":"category-montpellier","8":"tag-actu","9":"tag-actualites","10":"tag-eu","11":"tag-europe","12":"tag-fr","13":"tag-france","14":"tag-montpellier","15":"tag-news","16":"tag-occitanie","17":"tag-republique-francaise"},"share_on_mastodon":{"url":"https:\/\/pubeurope.com\/@fr\/115107838877386305","error":""},"_links":{"self":[{"href":"https:\/\/www.europesays.com\/fr\/wp-json\/wp\/v2\/posts\/350469","targetHints":{"allow":["GET"]}}],"collection":[{"href":"https:\/\/www.europesays.com\/fr\/wp-json\/wp\/v2\/posts"}],"about":[{"href":"https:\/\/www.europesays.com\/fr\/wp-json\/wp\/v2\/types\/post"}],"author":[{"embeddable":true,"href":"https:\/\/www.europesays.com\/fr\/wp-json\/wp\/v2\/users\/2"}],"replies":[{"embeddable":true,"href":"https:\/\/www.europesays.com\/fr\/wp-json\/wp\/v2\/comments?post=350469"}],"version-history":[{"count":0,"href":"https:\/\/www.europesays.com\/fr\/wp-json\/wp\/v2\/posts\/350469\/revisions"}],"wp:featuredmedia":[{"embeddable":true,"href":"https:\/\/www.europesays.com\/fr\/wp-json\/wp\/v2\/media\/350470"}],"wp:attachment":[{"href":"https:\/\/www.europesays.com\/fr\/wp-json\/wp\/v2\/media?parent=350469"}],"wp:term":[{"taxonomy":"category","embeddable":true,"href":"https:\/\/www.europesays.com\/fr\/wp-json\/wp\/v2\/categories?post=350469"},{"taxonomy":"post_tag","embeddable":true,"href":"https:\/\/www.europesays.com\/fr\/wp-json\/wp\/v2\/tags?post=350469"}],"curies":[{"name":"wp","href":"https:\/\/api.w.org\/{rel}","templated":true}]}}