{"id":350473,"date":"2025-08-28T18:39:24","date_gmt":"2025-08-28T18:39:24","guid":{"rendered":"https:\/\/www.europesays.com\/fr\/350473\/"},"modified":"2025-08-28T18:39:24","modified_gmt":"2025-08-28T18:39:24","slug":"axel-temperton-titulaire-au-fc-rouen-la-patience-enfin-recompensee","status":"publish","type":"post","link":"https:\/\/www.europesays.com\/fr\/350473\/","title":{"rendered":"Axel Temperton titulaire au FC Rouen, la patience enfin r\u00e9compens\u00e9e"},"content":{"rendered":"<p>&#13;<br \/>\n        &#13;<\/p>\n<p>&#13;<br \/>\n                N1. J4 &#8211; Valenciennes \/ FC Rouen, vendredi 29 ao\u00fbt \u00e0 19H30 au Hainaut            <\/p>\n<p>&#13;<br \/>\n                        &#13;<\/p>\n<p>Titulaire dans les buts du FC Rouen depuis la fin de la saison derni\u00e8re, Axel Temperton a r\u00e9alis\u00e9 un d\u00e9but de saison solide avec le club normand et vit un r\u00eave \u00e9veill\u00e9. Il y a encore un an, le natif de la ville aux cent clochers n&rsquo;aurait jamais imagin\u00e9 se retrouver dans une telle situation, lui qui, il y a encore sept ans, \u00e9voluait avec le Mesnil-Esnard en R\u00e9gional 2. L&rsquo;ancien joueur du CMS Oissel est t\u00e9m\u00e9raire et s&rsquo;il a b\u00e9n\u00e9fici\u00e9 de concours de circonstances, il s&rsquo;est toujours accroch\u00e9 \u00e0 son r\u00eave d&rsquo;\u00e9voluer au plus haut niveau.<\/p>\n<p>        <img fetchpriority=\"high\" width=\"1300\" height=\"915\" src=\"https:\/\/www.europesays.com\/fr\/wp-content\/uploads\/2025\/08\/axel_temperton_fc_rouen.jpg\" class=\"attachment-post-thumbnail size-post-thumbnail wp-post-image\" alt=\"Apr\u00e8s avoir gravi les \u00e9chelons au niveau r\u00e9gional, Axel Temperton est aujourd'hui le gardien num\u00e9ro un du FC Rouen en National. \u00a9FCR\" decoding=\"async\"  \/><\/p>\n<p>Apr\u00e8s avoir gravi les \u00e9chelons au niveau r\u00e9gional, Axel Temperton est aujourd&rsquo;hui le gardien num\u00e9ro un du FC Rouen en National. \u00a9FCR<\/p>\n<p>Depuis le d\u00e9but de saison \u2013 et m\u00eame depuis la fin du dernier championnat de National \u2013 c&rsquo;est nul autre qu&rsquo;Axel Temperton qui fait office de dernier rempart dans les cages du FC Rouen. En 2019, dans un pass\u00e9 pas si lointain donc, le portier aujourd&rsquo;hui \u00e2g\u00e9 de 27 d\u00e9fendait pourtant encore fi\u00e8rement les cages du Mesnil-Esnard&#8230; en R\u00e9gional 2. \u00ab\u00a0Je suis arriv\u00e9 au Mesnil-Esnard parce que QRM o\u00f9 j&rsquo;\u00e9voluais me proposait de rester en r\u00e9serve, mais ils m&rsquo;avaient fait comprendre que c&rsquo;\u00e9tait plut\u00f4t le num\u00e9ro 3 de la Ligue 2 qui jouerait\u00a0\u00bb, rembobine le principal int\u00e9ress\u00e9. \u00c0 19 ans, s&rsquo;il n&rsquo;avait alors pas sp\u00e9cialement tir\u00e9 un trait sur le haut niveau, l&rsquo;attrait du jeu et le simple fait de pratiquer sa discipline favorite lui importaient plus que le reste. \u00ab\u00a0Moi je voulais du temps de jeu, je voulais jouer, je voulais prendre du plaisir, donc je suis parti faire ma premi\u00e8re saison avec Gilles Loemba et en parall\u00e8le, j&rsquo;\u00e9tais \u00e0 la fac de Rouen\u00a0\u00bb.<\/p>\n<p>Ce choix qui, en apparence, a nettement \u00e9loign\u00e9 Axel Temperton du plus haut niveau, fait en fait partie des d\u00e9cisions les plus avis\u00e9es prises par ce Rouennais pure souche. Apr\u00e8s avoir d\u00e9couvert le football au&#8230; FC Rouen, poursuivi son apprentissage au Grand-Quevilly et fini par rejoindre Quevilly &#8211; Rouen m\u00e9tropole, le portier a donc fait les beaux jours de l&rsquo;USMEF et rencontr\u00e9 des personnes qui ont beaucoup compt\u00e9 pour son parcours. \u00ab\u00a0\u00c0 la fin de la premi\u00e8re saison, il y a eu l&rsquo;arriv\u00e9e de Mehdi Ben Zdira [sur le banc] et je pense que c&rsquo;est l\u00e0 o\u00f9 \u00e7a a vraiment commenc\u00e9. C&rsquo;est le d\u00e9but de tout parce que Mehdi, \u00e7a a \u00e9t\u00e9 quelqu&rsquo;un de tr\u00e8s important dans mon parcours c&rsquo;est un mentor, un deuxi\u00e8me papa&#8230; il a fait \u00e9norm\u00e9ment pour moi\u00a0\u00bb.<\/p>\n<blockquote class=\"wp-block-quote has-text-align-center is-layout-flow wp-block-quote-is-layout-flow\">\n<p>\u00ab\u00a0Quand Oissel se pr\u00e9sente, \u00e7a ne se refuse pas. Tu passes en N3, dans une autre dimension, dans un club qui a connu la N2\u00a0\u00bb<\/p>\n<p>Axel Temperton<\/p><\/blockquote>\n<p>Sous la direction du technicien normand, ancien joueur du FCR, Axel Temperton a franchi un cap lors de sa deuxi\u00e8me saison en s\u00e9nior et m\u00eame connu la mont\u00e9e en R\u00e9gional 1. Si le Covid-19 est venu freiner l&rsquo;ascension de l&rsquo;USMEF, la pand\u00e9mie n&rsquo;a toutefois pas eu raison de la croissance du gardien normand qui a rapidement \u00e9t\u00e9 sollicit\u00e9 par quelques \u00e9curies normandes, d&rsquo;ex-Haute comme d&rsquo;ex-Basse, et son choix s&rsquo;est finalement port\u00e9 sur le CMS Oissel, alors pensionnaire de National 3. \u00ab\u00a0Quand Oissel se pr\u00e9sente, \u00e7a ne se refuse pas\u00a0\u00bb, d\u00e9taille Axel Temperton. \u00ab\u00a0Tu passes en N3, dans une autre dimension, dans un club qui a connu la N2. Et puis j&rsquo;ai senti un grand int\u00e9r\u00eat aussi de leur part de m&rsquo;inclure dans le projet du club. En plus, au bout d&rsquo;un mois ou deux mois, ils m&rsquo;ont m\u00eame trouv\u00e9 un travail [&#8230;.] du coup j&rsquo;\u00e9tais m\u00e9diateur sur la ville de Oissel\u00a0\u00bb. Si le club de la couronne rouennaise a connu des hauts et des bas, que ce soit sous les ordres de Romain Djoubri ou de Dramane Dillain, Axel Temperton n&rsquo;a jamais vraiment d\u00e9\u00e7u et cultiv\u00e9 une vraie de constance dans ses performances.<\/p>\n<p>F\u00e9vrier 2025, l&rsquo;appel qui change tout<\/p>\n<p>La bascule pour l&rsquo;ancien du GQFC a finalement eu lieu l&rsquo;hiver dernier en raison d&rsquo;un concours de circonstances. Le gardien titulaire du FC Rouen Axel Maraval s&rsquo;\u00e9tant bless\u00e9 pour de longs mois (rupture du ligament crois\u00e9 ant\u00e9rieur du genou gauche), le club rouennais s&rsquo;est mis en qu\u00eate d&rsquo;un renfort et c&rsquo;est l\u00e0 qu&rsquo;Abdel Majide Ouahbi, aussi surnomm\u00e9 \u00ab Bigide \u00bb, l&rsquo;a contact\u00e9 fin f\u00e9vrier. \u00ab\u00a0Bigide m&rsquo;a appel\u00e9 pour me dire qu&rsquo;il avait une mauvaise nouvelle, pour Oissel, et une bonne : Rouen souhaitait me recruter\u00a0\u00bb, expose Axel Temperton. \u00ab\u00a0C&rsquo;est Mathieu Lacaille (l&rsquo;entra\u00eeneur des gardiens) qui a propos\u00e9 \u00e0 R\u00e9gis Brouard de me prendre. En fait, il leur fallait quelqu&rsquo;un de disponible, pr\u00eat tout de suite, qui conna\u00eet l&rsquo;environnement de la r\u00e9gion et surtout du club de Rouen. Il ne fallait pas qu&rsquo;il y ait de perte de temps, pas de d\u00e9m\u00e9nagement\u00a0\u00bb. Le gardien du CMS Oissel, bien que contraint de laisser ses partenaires en plein milieu d&rsquo;une saison pleine de succ\u00e8s en N3, n&rsquo;a \u00e9videmment pas laiss\u00e9 passer sa chance de remonter dans le train du haut niveau, huit ans apr\u00e8s avoir quitt\u00e9 QRM.<\/p>\n<blockquote class=\"wp-block-quote has-text-align-center is-layout-flow wp-block-quote-is-layout-flow\">\n<p>\u00ab\u00a0Neuf ans en arri\u00e8re, je commen\u00e7ais dans le monde s\u00e9nior en R2 et puis l\u00e0, je me retrouve en National\u00a0\u00bb<\/p>\n<p>Axel Temperton<\/p><\/blockquote>\n<p>De retour dans son premier club, Axel Temperton s&rsquo;est d&rsquo;abord engag\u00e9 pour finir la saison et a \u00e9volu\u00e9 dans l&rsquo;ombre de Lucas Royes avant de voir sa chance venir lors des trois derniers matches de la saison, trois matches au cours desquelles le FCR n&rsquo;a pas perdu. \u00ab\u00a0Depuis tout petit, mon r\u00eave, c&rsquo;\u00e9tait de jouer au foot, de vivre du foot. Quand \u00e7a se pr\u00e9sente \u00e0 moi, je ne peux pas refuser, m\u00eame pour 3-4 mois, j&rsquo;y vais\u00a0\u00bb. Pour le gardien de Rouen, l&rsquo;aventure ne s&rsquo;est toutefois pas r\u00e9sum\u00e9e \u00e0 une br\u00e8ve fin de saison puisque le club, s\u00e9duit par son int\u00e9gration express et ses qualit\u00e9s tant sportives que morales, a choisi de lui offrir une prolongation. Et cerise sur le g\u00e2teau : c&rsquo;est lui qui garde les cages du FCR depuis le d\u00e9but de la saison en National, un championnat o\u00f9, avant de se d\u00e9placer vendredi \u00e0 Valenciennes, il n&rsquo;a jamais connu la d\u00e9faite en six rencontres.<\/p>\n<p>Si le football n&rsquo;est jamais une science exacte et que tout peut vite basculer, Axel Temperton mesure pleinement la chance qui est la sienne depuis plusieurs semaines. \u00ab\u00a0Neuf ans en arri\u00e8re, je commen\u00e7ais dans le monde s\u00e9nior en R2 et puis l\u00e0, je me retrouve en National\u00a0\u00bb, savoure le portier. \u00ab\u00a0Jusqu&rsquo;o\u00f9 \u00e7a ira ? Je ne sais pas, mais en tout cas, je profite du moment pr\u00e9sent sans pour autant prendre \u00e7a comme une finalit\u00e9. Je vise toujours plus haut, je prends \u00e7a comme une \u00e9tape qu&rsquo;il faut franchir\u00a0\u00bb. Celui qui a d\u00e9couvert le football via son p\u00e8re Yannick, par ailleurs d&rsquo;origine anglaise (ce qui signifie que Temperton se prononce \u00ab Th\u00e8me-P\u00e8re-Tonne \u00bb), a connu une trajectoire tout sauf lin\u00e9aire, mais son histoire nous enseigne clairement qu&rsquo;il ne faut jamais renoncer. L&rsquo;objectif pour le gardien des \u00ab Diables Rouges \u00bb est d\u00e9sormais de ne plus jamais reculer. \u00ab\u00a0Quand on go\u00fbte \u00e0 quelque chose, on n&rsquo;a plus envie de l\u00e2cher, on a envie de continuer et d&rsquo;avoir encore plus\u00a0\u00bb, conclut Axel Temperton. \u00ab\u00a0Et en plus, moi, je suis de la ville, je suis d&rsquo;ici. Je me retrouve titulaire dans le club de la r\u00e9gion. Forc\u00e9ment qu&rsquo;il y a une grande, grande part de fiert\u00e9\u00a0\u00bb.<\/p>\n<p><strong>&gt;<\/strong>\u00a0N1. J4 &#8211; Valenciennes FC (9e\u00a0&#8211; 4 points) \/ FC Rouen (4e\u00a0&#8211; 5 points),<strong>\u00a0vendredi 29 ao\u00fbt<\/strong>\u00a0\u00e0 19 H 30 au Stade du Hainaut.<\/p>\n","protected":false},"excerpt":{"rendered":"&#13; &#13; &#13; N1. J4 &#8211; Valenciennes \/ FC Rouen, vendredi 29 ao\u00fbt \u00e0 19H30 au Hainaut &#13;&hellip;\n","protected":false},"author":2,"featured_media":350474,"comment_status":"","ping_status":"","sticky":false,"template":"","format":"standard","meta":{"footnotes":""},"categories":[9587],"tags":[1111,11,1777,674,1011,27,12,5161,25,9590],"class_list":{"0":"post-350473","1":"post","2":"type-post","3":"status-publish","4":"format-standard","5":"has-post-thumbnail","7":"category-rouen","8":"tag-actu","9":"tag-actualites","10":"tag-eu","11":"tag-europe","12":"tag-fr","13":"tag-france","14":"tag-news","15":"tag-normandie","16":"tag-republique-francaise","17":"tag-rouen"},"share_on_mastodon":{"url":"https:\/\/pubeurope.com\/@fr\/115107853988951638","error":""},"_links":{"self":[{"href":"https:\/\/www.europesays.com\/fr\/wp-json\/wp\/v2\/posts\/350473","targetHints":{"allow":["GET"]}}],"collection":[{"href":"https:\/\/www.europesays.com\/fr\/wp-json\/wp\/v2\/posts"}],"about":[{"href":"https:\/\/www.europesays.com\/fr\/wp-json\/wp\/v2\/types\/post"}],"author":[{"embeddable":true,"href":"https:\/\/www.europesays.com\/fr\/wp-json\/wp\/v2\/users\/2"}],"replies":[{"embeddable":true,"href":"https:\/\/www.europesays.com\/fr\/wp-json\/wp\/v2\/comments?post=350473"}],"version-history":[{"count":0,"href":"https:\/\/www.europesays.com\/fr\/wp-json\/wp\/v2\/posts\/350473\/revisions"}],"wp:featuredmedia":[{"embeddable":true,"href":"https:\/\/www.europesays.com\/fr\/wp-json\/wp\/v2\/media\/350474"}],"wp:attachment":[{"href":"https:\/\/www.europesays.com\/fr\/wp-json\/wp\/v2\/media?parent=350473"}],"wp:term":[{"taxonomy":"category","embeddable":true,"href":"https:\/\/www.europesays.com\/fr\/wp-json\/wp\/v2\/categories?post=350473"},{"taxonomy":"post_tag","embeddable":true,"href":"https:\/\/www.europesays.com\/fr\/wp-json\/wp\/v2\/tags?post=350473"}],"curies":[{"name":"wp","href":"https:\/\/api.w.org\/{rel}","templated":true}]}}