{"id":350475,"date":"2025-08-28T18:40:11","date_gmt":"2025-08-28T18:40:11","guid":{"rendered":"https:\/\/www.europesays.com\/fr\/350475\/"},"modified":"2025-08-28T18:40:11","modified_gmt":"2025-08-28T18:40:11","slug":"isere-le-chu-de-grenoble-lance-un-chantier-a-16-millions-deuros-pour-le-samu-smur","status":"publish","type":"post","link":"https:\/\/www.europesays.com\/fr\/350475\/","title":{"rendered":"Is\u00e8re. Le CHU de Grenoble lance un chantier \u00e0 16 millions d\u2019euros pour le Samu-Smur"},"content":{"rendered":"<p>C\u2019est un maillon essentiel de la cha\u00eene des soins. \u00ab\u00a0La pierre angulaire des soins pr\u00e9-hospitaliers, qui n\u2019a cess\u00e9 d\u2019\u00e9largir ses champs d\u2019activit\u00e9 et notamment en lien \u00e9troit avec tous les acteurs de sant\u00e9 du territoire, qu\u2019ils soient public, priv\u00e9, avec la m\u00e9decine de ville\u00a0\u00bb, pour Monique Sorrentino, directrice g\u00e9n\u00e9rale du CHU Grenoble Alpes (Chuga). Cr\u00e9\u00e9 en 1969, le Samu-Smur de l\u2019Is\u00e8re, bas\u00e9 au CHU Grenoble Alpes va, d\u2019ici deux ans, quitter le pavillon Ren\u00e9-Coirier pour s\u2019installer dans de nouveaux locaux.<\/p>\n<p>680\u00a0000 appels par an<\/p>\n<p>Moins de quatre mois apr\u00e8s sa visite pour annoncer&#8230;<\/p>\n","protected":false},"excerpt":{"rendered":"C\u2019est un maillon essentiel de la cha\u00eene des soins. \u00ab\u00a0La pierre angulaire des soins pr\u00e9-hospitaliers, qui n\u2019a cess\u00e9&hellip;\n","protected":false},"author":2,"featured_media":350476,"comment_status":"","ping_status":"","sticky":false,"template":"","format":"standard","meta":{"footnotes":""},"categories":[9566],"tags":[1111,11,2430,4749,112,113,114,1777,674,107,1011,27,2731,2732,108,12,25,71],"class_list":{"0":"post-350475","1":"post","2":"type-post","3":"status-publish","4":"format-standard","5":"has-post-thumbnail","7":"category-grenoble","8":"tag-actu","9":"tag-actualites","10":"tag-auvergne-rhone-alpes","11":"tag-btp-et-chantiers","12":"tag-edition-grenoble-agglomeration","13":"tag-edition-gresivaudan-oisans","14":"tag-edition-voiron-saint-marcellin","15":"tag-eu","16":"tag-europe","17":"tag-fil-info","18":"tag-fr","19":"tag-france","20":"tag-grenoble","21":"tag-grenoble-bassin","22":"tag-isere","23":"tag-news","24":"tag-republique-francaise","25":"tag-sante"},"share_on_mastodon":{"url":"https:\/\/pubeurope.com\/@fr\/115107857938301193","error":""},"_links":{"self":[{"href":"https:\/\/www.europesays.com\/fr\/wp-json\/wp\/v2\/posts\/350475","targetHints":{"allow":["GET"]}}],"collection":[{"href":"https:\/\/www.europesays.com\/fr\/wp-json\/wp\/v2\/posts"}],"about":[{"href":"https:\/\/www.europesays.com\/fr\/wp-json\/wp\/v2\/types\/post"}],"author":[{"embeddable":true,"href":"https:\/\/www.europesays.com\/fr\/wp-json\/wp\/v2\/users\/2"}],"replies":[{"embeddable":true,"href":"https:\/\/www.europesays.com\/fr\/wp-json\/wp\/v2\/comments?post=350475"}],"version-history":[{"count":0,"href":"https:\/\/www.europesays.com\/fr\/wp-json\/wp\/v2\/posts\/350475\/revisions"}],"wp:featuredmedia":[{"embeddable":true,"href":"https:\/\/www.europesays.com\/fr\/wp-json\/wp\/v2\/media\/350476"}],"wp:attachment":[{"href":"https:\/\/www.europesays.com\/fr\/wp-json\/wp\/v2\/media?parent=350475"}],"wp:term":[{"taxonomy":"category","embeddable":true,"href":"https:\/\/www.europesays.com\/fr\/wp-json\/wp\/v2\/categories?post=350475"},{"taxonomy":"post_tag","embeddable":true,"href":"https:\/\/www.europesays.com\/fr\/wp-json\/wp\/v2\/tags?post=350475"}],"curies":[{"name":"wp","href":"https:\/\/api.w.org\/{rel}","templated":true}]}}