{"id":350477,"date":"2025-08-28T18:41:27","date_gmt":"2025-08-28T18:41:27","guid":{"rendered":"https:\/\/www.europesays.com\/fr\/350477\/"},"modified":"2025-08-28T18:41:27","modified_gmt":"2025-08-28T18:41:27","slug":"municipales-2026-a-grenoble-le-contrat-de-rassemblement-dherve-gerbi-face-a-la-course-a-la-radicalite","status":"publish","type":"post","link":"https:\/\/www.europesays.com\/fr\/350477\/","title":{"rendered":"Municipales 2026 \u00e0 Grenoble\u00a0: le \u00ab\u00a0contrat de rassemblement\u00a0\u00bb d&rsquo;Herv\u00e9 Gerbi face \u00e0 la \u00ab\u00a0course \u00e0 la radicalit\u00e9\u00a0\u00bb"},"content":{"rendered":"<p>Candidat aux \u00e9lections municipales 2026 \u00e0 Grenoble, l&rsquo;avocat Herv\u00e9 Gerbi esp\u00e8re rassembler les \u00ab\u00a0mod\u00e9r\u00e9s\u00a0\u00bb face \u00e0 ceux qui seront dans une \u00ab\u00a0course \u00e0 la radicalit\u00e9.\u00a0\u00bb Il pr\u00e9sente les quatre piliers qui seront au c\u0153ur de sa campagne.<\/p>\n<p>Herv\u00e9 Gerbi,\u00a0<a class=\"IciLink ici-link IciArticleLink g-ici-body-regular-1 underline brand svelte-lu7k6w\" href=\"https:\/\/www.francebleu.fr\/infos\/politique\/municipales-2026-a-grenoble-herve-gerbi-officiellement-chef-de-file-horizon-9415870\" rel=\"nofollow noopener\" target=\"_blank\">chef de file du parti Horizons pour les \u00e9lections municipales 2026 \u00e0 Grenoble<\/a>, tend la main aux personnalit\u00e9s, politiques ou non, qui pourraient se retrouver dans son projet pour la mairie de Grenoble en mars prochain.<\/p>\n<p>Quatre piliers pour un contrat de rassemblement<\/p>\n<p>L&rsquo;avocat grenoblois, qui s&rsquo;est d\u00e9clar\u00e9 tr\u00e8s rapidement candidat, veut rassembler \u00ab\u00a0tous les mod\u00e9r\u00e9s \u00e0 Grenoble\u00a0\u00bb. Pour cela, il d\u00e9gaine un \u00ab\u00a0contrat de rassemblement\u00a0\u00bb qui sera distribu\u00e9 dans les bo\u00eetes aux lettres des habitants prochainement et \u00e9galement disponible en ligne. On pourra y lire les quatre piliers qui vont animer sa campagne jusqu&rsquo;en mars 2026.<\/p>\n<p><strong>Voil\u00e0 ce qu&rsquo;il met en avant\u00a0: la proximit\u00e9, la s\u00e9curit\u00e9 et la qualit\u00e9 de vie<\/strong> pour \u00ab\u00a0faire de Grenoble une ville durable et vivable. Avoir acc\u00e8s \u00e0 tous les services dans tous les quartiers\u00a0\u00bb, explique l&rsquo;int\u00e9ress\u00e9.<\/p>\n<p><strong>Ensuite, les transitions utiles et inclusives\u00a0:<\/strong> \u00ab\u00a0La mobilit\u00e9 ne doit plus \u00eatre vue comme un facteur de tensions mais comme un levier de libert\u00e9. Il faut une coop\u00e9ration avec la m\u00e9tropole et non pas une confrontation. Il n&rsquo;y aura pas non plus de renoncement concernant l&rsquo;\u00e9cologie.\u00a0\u00bb<\/p>\n<p><strong>Puis, l&rsquo;\u00e9ducation, la culture et la citoyennet\u00e9\u00a0:<\/strong> \u00ab\u00a0Personne ne doit se sentir assign\u00e9 \u00e0 ses origines ou \u00e0 sa condition. C&rsquo;est un vrai challenge \u00e0 Grenoble. Il faut aussi d\u00e9velopper la participation citoyenne. Les Grenoblois seront associ\u00e9s aux choix.\u00a0\u00bb<\/p>\n<p><strong>Enfin, l&rsquo;\u00e9thique, la responsabilit\u00e9 et la transparence\u00a0:<\/strong> \u00ab\u00a0Il faut assumer une gestion rigoureuse et juste, notamment sur les d\u00e9cisions budg\u00e9taires. Chaque euro d\u00e9pens\u00e9 doit \u00eatre un euro investi utilement. C&rsquo;est une question de respect pour le contribuable.\u00a0\u00bb<\/p>\n<p><img loading=\"lazy\" decoding=\"async\" class=\"VisualPreview svelte-1rldrkz\" src=\"data:image\/jpeg;base64,\/9j\/2wBDACgcHiMeGSgjISMtKygwPGRBPDc3PHtYXUlkkYCZlo+AjIqgtObDoKrarYqMyP\/L2u71\/\/\/\/m8H\/\/\/\/6\/+b9\/\/j\/2wBDASstLTw1PHZBQXb4pYyl+Pj4+Pj4+Pj4+Pj4+Pj4+Pj4+Pj4+Pj4+Pj4+Pj4+Pj4+Pj4+Pj4+Pj4+Pj4+Pj4+Pj\/wAARCAAfACoDASIAAhEBAxEB\/8QAGAAAAwEBAAAAAAAAAAAAAAAAAAIDAQT\/xAAYEAEAAwEAAAAAAAAAAAAAAAAAAQIREv\/EABYBAQEBAAAAAAAAAAAAAAAAAAEAAv\/EABURAQEAAAAAAAAAAAAAAAAAAAAR\/9oADAMBAAIRAxEAPwB4MVuswmDNGiEwENRQ0dJzYs2aZW6bFkOjVsk6Ik2pVk+hP\/\/Z\" alt=\"Herv\u00e9 Gerbi, chef de file du parti Horizons pour les municipales 2026 \u00e0 Grenoble.\" width=\"600\" height=\"450\"\/>  Herv\u00e9 Gerbi, chef de file du parti Horizons pour les municipales 2026 \u00e0 Grenoble. \u00a9 Radio France &#8211; Julien BalidasRassembler \u00ab\u00a0tous\u00a0ceux qui s&rsquo;opposent \u00e0 la radicalit\u00e9, qu&rsquo;elle soit douce ou s\u00e9v\u00e8re\u00a0\u00bb<\/p>\n<p>\u00c0 travers ce programme, Herv\u00e9 Gerbi veut rassembler \u00ab\u00a0tous\u00a0ceux qui s&rsquo;opposent \u00e0 la radicalit\u00e9, qu&rsquo;elle soit douce ou s\u00e9v\u00e8re comme on nous la propose. Nous voyons une ligne de d\u00e9marcation \u00e0 Grenoble\u00a0: ceux qui vont aller crescendo dans la radicalit\u00e9. Et puis celles et ceux qui vont s&rsquo;opposer pour venir parler aux Grenoblois de leur quotidien. Il faut ramener cette question d&rsquo;une ville vivable durablement pour tous. Tout \u00e7a s&rsquo;oppose \u00e0 la radicalit\u00e9. Les Grenoblois ont besoin de lien. Ce lien, il faut continuer \u00e0 le construire. Moi je ne suis pas dans la radicalit\u00e9, je suis dans la recherche du lien permanent et de l&rsquo;apaisement. C&rsquo;est-\u00e0-dire avoir un projet qui puisse parler \u00e0 tous les Grenoblois.\u00a0\u00bb<\/p>\n<p>\u00ab\u00a0\u00catre en capacit\u00e9 de tout mener de front\u00a0\u00bb<\/p>\n<p>Lorsque l&rsquo;on demande \u00e0 Herv\u00e9 Gerbi si ce dernier a une priorit\u00e9 pour Grenoble, il explique qu&rsquo;il faudra \u00ab\u00a0\u00eatre en capacit\u00e9 de tout mener de front. Un projet, c&rsquo;est un projet global. Les Grenoblois ont besoin que l&rsquo;on r\u00e9ponde \u00e0 plusieurs attentes en m\u00eame temps. \u00c9videmment, il y a des questions relatives \u00e0 la s\u00e9curit\u00e9 et \u00e0 la sant\u00e9 qui sont assez pr\u00e9gnantes mais on doit aussi amener des r\u00e9ponses lorsqu&rsquo;il s&rsquo;agit de culture, d&rsquo;\u00e9conomie.\u00a0\u00bb<\/p>\n<p>La place du v\u00e9lo<\/p>\n<p>Et sur le bilan du maire actuel, \u00c9ric Piolle\u00a0? \u00ab\u00a0Dans sa derni\u00e8re lettre, il a dit qu&rsquo;il avait fait la r\u00e9volution du v\u00e9lo \u00e0 Grenoble. Il a raison. Sauf qu&rsquo;il a laiss\u00e9 sur le bord de la route un certains nombres de Grenoblois et de Grenobloises. Pour r\u00e9ussir cette r\u00e9volution du v\u00e9lo, il faut une r\u00e9volution qui n&rsquo;exclut personne. Le bon sens, c&rsquo;est de mettre en \u0153uvre tout ce qui va relier et pas tout ce qui s\u00e9pare. On voit aujourd&rsquo;hui qu&rsquo;il y a des oppositions qui se font et qui n&rsquo;ont pas lieu d&rsquo;\u00eatre. Il y a de la place pour tout le monde \u00e0 Grenoble.\u00a0\u00bb<\/p>\n","protected":false},"excerpt":{"rendered":"Candidat aux \u00e9lections municipales 2026 \u00e0 Grenoble, l&rsquo;avocat Herv\u00e9 Gerbi esp\u00e8re rassembler les \u00ab\u00a0mod\u00e9r\u00e9s\u00a0\u00bb face \u00e0 ceux qui&hellip;\n","protected":false},"author":2,"featured_media":350478,"comment_status":"","ping_status":"","sticky":false,"template":"","format":"standard","meta":{"footnotes":""},"categories":[9566],"tags":[1111,11,2430,1777,674,1011,27,2731,12,25],"class_list":{"0":"post-350477","1":"post","2":"type-post","3":"status-publish","4":"format-standard","5":"has-post-thumbnail","7":"category-grenoble","8":"tag-actu","9":"tag-actualites","10":"tag-auvergne-rhone-alpes","11":"tag-eu","12":"tag-europe","13":"tag-fr","14":"tag-france","15":"tag-grenoble","16":"tag-news","17":"tag-republique-francaise"},"share_on_mastodon":{"url":"https:\/\/pubeurope.com\/@fr\/115107861906758067","error":""},"_links":{"self":[{"href":"https:\/\/www.europesays.com\/fr\/wp-json\/wp\/v2\/posts\/350477","targetHints":{"allow":["GET"]}}],"collection":[{"href":"https:\/\/www.europesays.com\/fr\/wp-json\/wp\/v2\/posts"}],"about":[{"href":"https:\/\/www.europesays.com\/fr\/wp-json\/wp\/v2\/types\/post"}],"author":[{"embeddable":true,"href":"https:\/\/www.europesays.com\/fr\/wp-json\/wp\/v2\/users\/2"}],"replies":[{"embeddable":true,"href":"https:\/\/www.europesays.com\/fr\/wp-json\/wp\/v2\/comments?post=350477"}],"version-history":[{"count":0,"href":"https:\/\/www.europesays.com\/fr\/wp-json\/wp\/v2\/posts\/350477\/revisions"}],"wp:featuredmedia":[{"embeddable":true,"href":"https:\/\/www.europesays.com\/fr\/wp-json\/wp\/v2\/media\/350478"}],"wp:attachment":[{"href":"https:\/\/www.europesays.com\/fr\/wp-json\/wp\/v2\/media?parent=350477"}],"wp:term":[{"taxonomy":"category","embeddable":true,"href":"https:\/\/www.europesays.com\/fr\/wp-json\/wp\/v2\/categories?post=350477"},{"taxonomy":"post_tag","embeddable":true,"href":"https:\/\/www.europesays.com\/fr\/wp-json\/wp\/v2\/tags?post=350477"}],"curies":[{"name":"wp","href":"https:\/\/api.w.org\/{rel}","templated":true}]}}