{"id":350479,"date":"2025-08-28T18:42:25","date_gmt":"2025-08-28T18:42:25","guid":{"rendered":"https:\/\/www.europesays.com\/fr\/350479\/"},"modified":"2025-08-28T18:42:25","modified_gmt":"2025-08-28T18:42:25","slug":"greve-manif-rennes-doit-elle-se-preparer-a-une-grosse-mobilisation-le-10-septembre","status":"publish","type":"post","link":"https:\/\/www.europesays.com\/fr\/350479\/","title":{"rendered":"gr\u00e8ve, manif\u2026 Rennes doit-elle se pr\u00e9parer \u00e0 une (grosse) mobilisation le 10 septembre\u00a0?"},"content":{"rendered":"<p>            Par<br \/>\n        <strong><br \/>\n            <a href=\"https:\/\/actu.fr\/auteur\/laurene-fertin\" title=\"Consulter tous les articles de Laur\u00e8ne Fertin\" rel=\"nofollow noopener\" target=\"_blank\">Laur\u00e8ne Fertin<\/a><br \/>\n        <\/strong><\/p>\n<p>        Publi\u00e9 le<\/p>\n<p>            28 ao\u00fbt 2025 \u00e0 18h22        <\/p>\n<p><strong>La rentr\u00e9e<\/strong> sera-t-elle <strong>mouvement\u00e9e<\/strong> \u00e0 Rennes\u2009? Plusieurs graffs et affiches ont \u00e9t\u00e9 appos\u00e9s sur les murs de la ville, ces derniers jours. On peut notamment y lire\u2009: \u00ab\u200910\/09\/2025 on prend la rue\u2009\u00bb (voir photo ci-dessous). En France,<a href=\"https:\/\/actu.fr\/politique\/la-france-bloquee-le-10-septembre-cinq-questions-pour-tout-comprendre-a-cet-appel-massif-a-faire-greve_63061304.html\" rel=\"nofollow noopener\" target=\"_blank\"><strong> un appel massif au blocage<\/strong><\/a> a en effet \u00e9t\u00e9 partag\u00e9 <strong>sur les r\u00e9seaux sociaux<\/strong> apr\u00e8s <a href=\"http:\/\/actu.fr\/politique\/direct-censure-blocage-du-10-septembre-budget-jours-feries-suivez-francois-bayrou-en-conference-de-presse_63074322.html\" rel=\"nofollow noopener\" target=\"_blank\">les mesures budg\u00e9taires propos\u00e9es par Fran\u00e7ois Bayrou<\/a>, Premier ministre, afin <strong>d\u2019\u00e9conomiser 43\u00a0milliards d\u2019euros<\/strong> pour le budget 2026. Ce mouvement 2.0 promet <strong>\u00ab\u2009un arr\u00eat total et illimit\u00e9 du pays\u2009\u00bb,<\/strong> et cela, <strong>d\u00e8s le 10 septembre.\u00a0<\/strong>Dans la capitale bretonne, organisations syndicales et collectifs se mettent en mouvement. Des discussions ont \u00e9t\u00e9 entam\u00e9es, des r\u00e9unions s\u2019organisent\u2026 <strong>pour une gr\u00e8ve dans la dur\u00e9e\u2009? <\/strong>Tour d\u2019horizon de ce qu\u2019il se trame avant le jour J.<\/p>\n<p>\u00ab\u2009Le 10, on entame la gr\u00e8ve. Le 11\u2009: on continue\u2009\u00bb<\/p>\n<p class=\" wall-content\">Pour <a href=\"https:\/\/actu.fr\/bretagne\/rennes_35238\/fabrice-lerestif-secretaire-force-ouvriere-ille-et-vilaine-vivre-c-est-lutter_60461735.html\" rel=\"nofollow noopener\" target=\"_blank\"><strong>Fabrice Lerestif<\/strong><\/a>, secr\u00e9taire g\u00e9n\u00e9ral <strong>Force ouvri\u00e8re (FO)<\/strong> \u00e0 l\u2019\u00e9chelle d\u00e9partementale (35), la r\u00e9ponse est claire\u2009: \u00ab\u2009ce ne sera <strong>pas une gr\u00e8ve de 24h\u2009\u00bb.<\/strong><\/p>\n<blockquote class=\"ac-article-quote wall-content\">\n<p>Il nous faut tirer toutes les le\u00e7ons de l\u2019\u00e9chec v\u00e9cu par les organisations syndicales, FO notamment, au plan national avec les actions men\u00e9es en 2023 contre la r\u00e9forme des retraites. Il ne faut plus faire une journ\u00e9e tous les 15 jours, pour recommencer au bout de six mois, cela fatigue tout le monde. Il ne faut surtout pas recommencer \u00e7a.\n<\/p>\n<p>    <strong>Fabrice Lerestif<\/strong><br \/>\n        Secr\u00e9taire g\u00e9n\u00e9ral FO 35    <\/p><\/blockquote>\n<p class=\" wall-content\">En t\u00e9moigne <strong>le pr\u00e9avis de gr\u00e8ve<\/strong> d\u00e9pos\u00e9 par l\u2019organisation syndicale aupr\u00e8s de la pr\u00e9fecture qui court du 1\u1d49\u02b3 septembre\u2026 au 30\u00a0novembre. \u00ab\u2009C\u2019est large\u2009\u00bb, r\u00e9sume Fabrice Lerestif. <strong>Une chose est \u00ab\u2009s\u00fbre\u2009\u00bb<\/strong>\u2009: \u00ab\u2009Le 10, on entame la gr\u00e8ve. Le 11\u2009: <strong>on continue.\u2009\u00bb<\/strong><\/p>\n<p>Les actions \u00e0 l&rsquo;\u00e9chelle nationale<\/p>\n<p>En France, le mouvement pr\u00e9voit notamment \u00ab\u00a0d&rsquo;arr\u00eater de faire tourner le syst\u00e8me\u00a0\u00bb en n&rsquo;utilisant pas sa carte bancaire ou alors en retirant l&rsquo;argent des comptes bancaires. Il vise \u00e9galement des op\u00e9rations de \u00ab\u00a0d\u00e9sob\u00e9issance civile\u00a0\u00bb en occupant, par exemple, pacifiquement des lieux. Enfin, la mise en place \u00ab\u00a0d&rsquo;une solidarit\u00e9 citoyenne\u00a0\u00bb en cr\u00e9ant des caisses de gr\u00e8ve ou encore en \u00ab\u00a0reliant les luttes\u00a0\u00bb.<\/p>\n<p>\u00ab\u2009Je sens monter quelque chose\u2009\u00bb<\/p>\n<p class=\" wall-content\">S\u2019il y a bien <strong>une manifestation<\/strong> pr\u00e9vue dans les rues de Rennes le 10\u00a0septembre, pour la gr\u00e8ve, les modalit\u00e9s sont encore floues\u2009:<\/p>\n<blockquote class=\"ac-article-quote wall-content\">\n<p>Mercredi 3 septembre, on discute de tout cela avec les rencontres d\u00e9partementales, en faisant le point sur toutes les initiatives [&#8230;] Il semblerait que certaines entreprises, notamment publiques comme l&rsquo;\u00c9ducation nationale, les h\u00f4pitaux, ont la volont\u00e9 d&rsquo;entamer une gr\u00e8ve qui dure.<\/p>\n<p>    <strong>Fabrice Lerestif<\/strong><br \/>\n        Secr\u00e9taire g\u00e9n\u00e9ral FO 35    <\/p><\/blockquote>\n<p>Votre r\u00e9gion, votre actu !<\/p>\n<p>Recevez chaque jour les infos qui comptent pour vous.<\/p>\n<p>\t<a href=\"https:\/\/actu.fr\/newsletter\" class=\"ac-btn ac-btn--corner ac-btn--medium ac-btn--blue800\" rel=\"nofollow noopener\" target=\"_blank\">S&rsquo;incrire<\/a><\/p>\n<p class=\" wall-content\"><strong>\u00ab\u2009On veut montrer qui bosse dans le pays\u2009\u00bb,<\/strong> abonde le secr\u00e9taire g\u00e9n\u00e9ral FO. \u00ab\u2009Il faut se prendre en main\u2009: nous faisons les richesses, il faut faire gr\u00e8ve\u2009! [\u2026] Le gouvernement veut faire 43\u00a0milliards d\u2019\u00e9conomies et veut taper sur le service public. <strong>C\u2019est une honte.\u2009\u00bb<\/strong><\/p>\n<p class=\" wall-content\">C\u00f4t\u00e9 <strong>blocages,<\/strong> ils seront <strong>\u00ab\u2009tr\u00e8s probables\u2009\u00bb<\/strong> m\u00eame si Fabrice Lerestif n\u2019en conna\u00eet, pour l\u2019heure, pas la nature. \u00ab\u2009Je sens toutefois monter quelque chose\u2009\u00bb, glisse le secr\u00e9taire FO. <strong>\u00ab\u2009Une amertume, une col\u00e8re.\u2009\u00bb<\/strong><\/p>\n<p>    <img   decoding=\"async\" loading=\"lazy\" src=\"https:\/\/www.europesays.com\/fr\/wp-content\/uploads\/2025\/08\/on-prend-la-rue-manifestation-10-septembre-2025-rennes-quartier-bourg-levesque-960x640.jpg\" alt=\"xxx\" width=\"960\" height=\"640\"\/><br \/>\n    \u00ab\u00a0Le 10\/09\/2025 on prend la rue\u00a0\u00bb, peut-on lire sur ce graff, dans le quartier Bourg L\u2019Evesque. (\u00a9 Hugo Murtas)Bus \u00e0 l\u2019arr\u00eat<\/p>\n<p class=\" wall-content\">Du c\u00f4t\u00e9 des transports, c\u2019est tout act\u00e9 sur le r\u00e9seau <strong>Keolis<\/strong>\u2009: <strong>les bus<\/strong>\u00a0seront \u00e0 l\u2019arr\u00eat le 10\u00a0septembre. \u00ab<strong>\u2009Une alarme sociale<\/strong> a \u00e9t\u00e9 d\u00e9clench\u00e9e\u2009\u00bb, indique Philippe Simon, du syndicat UNSA. Ce dispositif permet de faire remonter les probl\u00e8mes que rencontrent les agents du secteur \u00e0 la hi\u00e9rarchie, en vue d\u2019une n\u00e9gociation.<\/p>\n<p class=\" wall-content\">En parall\u00e8le, <strong>un pr\u00e9avis de gr\u00e8ve<\/strong> a \u00e9t\u00e9 d\u00e9pos\u00e9 pour donner l\u2019opportunit\u00e9 aux salari\u00e9s qui le souhaitent de se mobiliser le 11\u00a0septembre. <strong>Les revendications des syndicats au sein de Keolis<\/strong> concernent la probable suppression des deux jours f\u00e9ri\u00e9s (le lundi de P\u00e2ques et le 8-Mai). \u00ab\u2009On ne souhaite pas que la mesure de Fran\u00e7ois Bayrou soit appliqu\u00e9e\u2009\u00bb, pr\u00e9cise Philippe Simon. \u00ab\u00a0Cette gr\u00e8ve, on la m\u00e8nera contre le gouvernement.\u00a0\u00bb<\/p>\n<p class=\" wall-content\">Sera-t-elle reconduite\u2009? \u00ab\u2009Pour l\u2019instant, on ne la fera que le 10 septembre. Si elle est amen\u00e9e \u00e0 se poursuivre, <strong>on suivra.\u2009\u00bb<\/strong><\/p>\n<p>La police municipale en gr\u00e8ve\u2009?<\/p>\n<p class=\" wall-content\"><strong>La question reste<\/strong> \u00e9galement <strong>ouverte<\/strong> pour les policiers municipaux de Rennes. \u00ab\u2009Un pr\u00e9avis de gr\u00e8ve a \u00e9t\u00e9 d\u00e9pos\u00e9 du 1\u1d49\u02b3 au 30\u00a0septembre\u2009\u00bb, expose J\u00e9r\u00f4me Jourdan, secr\u00e9taire adjoint FO et policier municipal de la Ville.<\/p>\n<blockquote class=\"ac-article-quote wall-content\">\n<p>Au plan local et d\u00e9partemental, les syndicats se rassemblent le 1\u1d49\u02b3 septembre. Si le gouvernement tombe le 8 septembre [si une dissolution du gouvernement Bayrou survient apr\u00e8s le vote de confiance, N.D.L.R], cela risque de rabattre les cartes pour la mobilisation du 10 septembre.<\/p>\n<p>    <strong>J\u00e9r\u00f4me Jourdan<\/strong><br \/>\n        Secr\u00e9taire adjoint FO et policier municipal de Rennes    <\/p><\/blockquote>\n<p class=\" wall-content\">Mis bout \u00e0 bout, <strong>\u00ab\u2009rien n\u2019est pr\u00e9vu pour le moment\u2009\u00bb<\/strong> concernant la police municipale de Rennes.<\/p>\n<p>\u00ab\u2009C\u2019est encore trop t\u00f4t\u2009\u00bb<\/p>\n<p class=\" wall-content\">Sur les rails, idem\u2009: la CGT cheminots Bretagne ne peut pas dire si une mobilisation le 10\u00a0septembre sera effective.<\/p>\n<blockquote class=\"ac-article-quote wall-content\">\n<p>C&rsquo;est encore un peu t\u00f4t. Les instances syndicales doivent encore se r\u00e9unir. Les discussions concernent la mobilisation du 10 septembre mais \u00e9galement des mesures injustes qui sont propos\u00e9es [par le gouvernement de Fran\u00e7ois Bayrou, N.D.L.R].<\/p>\n<p>    <strong>CGT cheminots Bretagne<\/strong>\n            <\/p><\/blockquote>\n<p>Des blocages dans les facs\u2009?<\/p>\n<p class=\" wall-content\">La mobilisation sera suivie par <strong>l\u2019Union pirate,<\/strong> syndicat de l\u2019union \u00e9tudiante, \u00e0 Rennes. Selon <strong>Fanny Le Nu\u00e9<\/strong>, porte-parole du syndicat, l\u2019Union pirate au niveau national <strong>appelle \u00e0 rallier la mobilisation.<\/strong><\/p>\n<blockquote class=\"ac-article-quote wall-content\">\n<p>L&rsquo;id\u00e9e est qu&rsquo;il faut s&rsquo;investir dans toutes les initiatives citoyennes qui ont d\u00e9j\u00e0 commenc\u00e9 \u00e0 s&rsquo;organiser en amont du 10 septembre. Je pense notamment aux Assembl\u00e9es g\u00e9n\u00e9rales, par exemple, c&rsquo;est important d&rsquo;y participer.<\/p>\n<p>    <strong>Fanny Le Nu\u00e9<\/strong><br \/>\n        Porte-parole de l&rsquo;Union pirate    <\/p><\/blockquote>\n<p class=\" wall-content\">La mobilisation, qui se veut <strong>\u00ab\u2009apartisane\u2009\u00bb,<\/strong> comme le souligne Fanny Le Nu\u00e9, doit \u00eatre \u00ab\u2009le d\u00e9but d\u2019un mouvement\u2009\u00bb\u2009: \u00ab\u2009Il faut appuyer le 10 septembre, faire perdurer le mouvement dans nos r\u00e9flexions pour, par exemple, investir d\u2019autres dates, en donnant des mots d\u2019ordre\u2009: contre le mesures budg\u00e9taires de Bayrou qui se ressentent dans les universit\u00e9s\u2009\u00bb.<\/p>\n<p class=\" wall-content\">Des actions, \u00e0 l\u2019instar de <strong>blocages<\/strong> dans les \u00e9tablissements scolaires, sont <strong>envisag\u00e9es.<\/strong><\/p>\n<p class=\" wall-content\">Personnalisez votre actualit\u00e9 en ajoutant vos villes et m\u00e9dias en favori avec <a href=\"https:\/\/moncompte.actu.fr\" title=\"D\u00e9couvez Mon Actu\" rel=\"nofollow noopener\" data-trk=\"{&quot;cta&quot;:{&quot;action&quot;:&quot;https:\\\/\\\/moncompte.actu.fr&quot;,&quot;category&quot;:&quot;mon compte&quot;,&quot;from&quot;:&quot;article footer&quot;,&quot;name&quot;:&quot;Mon actu&quot;,&quot;type&quot;:&quot;cta&quot;}}\" target=\"_blank\">Mon Actu<\/a>.<\/p>\n","protected":false},"excerpt":{"rendered":"Par Laur\u00e8ne Fertin Publi\u00e9 le 28 ao\u00fbt 2025 \u00e0 18h22 La rentr\u00e9e sera-t-elle mouvement\u00e9e \u00e0 Rennes\u2009? Plusieurs graffs&hellip;\n","protected":false},"author":2,"featured_media":350480,"comment_status":"","ping_status":"","sticky":false,"template":"","format":"standard","meta":{"footnotes":""},"categories":[2821],"tags":[1111,11,829,1777,674,1011,27,431,1272,12,584,25,104,3427],"class_list":{"0":"post-350479","1":"post","2":"type-post","3":"status-publish","4":"format-standard","5":"has-post-thumbnail","7":"category-rennes","8":"tag-actu","9":"tag-actualites","10":"tag-bretagne","11":"tag-eu","12":"tag-europe","13":"tag-fr","14":"tag-france","15":"tag-francois-bayrou","16":"tag-manifestations","17":"tag-news","18":"tag-rennes","19":"tag-republique-francaise","20":"tag-societe","21":"tag-syndicats"},"share_on_mastodon":{"url":"https:\/\/pubeurope.com\/@fr\/115107865886259196","error":""},"_links":{"self":[{"href":"https:\/\/www.europesays.com\/fr\/wp-json\/wp\/v2\/posts\/350479","targetHints":{"allow":["GET"]}}],"collection":[{"href":"https:\/\/www.europesays.com\/fr\/wp-json\/wp\/v2\/posts"}],"about":[{"href":"https:\/\/www.europesays.com\/fr\/wp-json\/wp\/v2\/types\/post"}],"author":[{"embeddable":true,"href":"https:\/\/www.europesays.com\/fr\/wp-json\/wp\/v2\/users\/2"}],"replies":[{"embeddable":true,"href":"https:\/\/www.europesays.com\/fr\/wp-json\/wp\/v2\/comments?post=350479"}],"version-history":[{"count":0,"href":"https:\/\/www.europesays.com\/fr\/wp-json\/wp\/v2\/posts\/350479\/revisions"}],"wp:featuredmedia":[{"embeddable":true,"href":"https:\/\/www.europesays.com\/fr\/wp-json\/wp\/v2\/media\/350480"}],"wp:attachment":[{"href":"https:\/\/www.europesays.com\/fr\/wp-json\/wp\/v2\/media?parent=350479"}],"wp:term":[{"taxonomy":"category","embeddable":true,"href":"https:\/\/www.europesays.com\/fr\/wp-json\/wp\/v2\/categories?post=350479"},{"taxonomy":"post_tag","embeddable":true,"href":"https:\/\/www.europesays.com\/fr\/wp-json\/wp\/v2\/tags?post=350479"}],"curies":[{"name":"wp","href":"https:\/\/api.w.org\/{rel}","templated":true}]}}