{"id":350481,"date":"2025-08-28T18:43:14","date_gmt":"2025-08-28T18:43:14","guid":{"rendered":"https:\/\/www.europesays.com\/fr\/350481\/"},"modified":"2025-08-28T18:43:14","modified_gmt":"2025-08-28T18:43:14","slug":"esteban-lepaul-pourra-jouer-contre-angers","status":"publish","type":"post","link":"https:\/\/www.europesays.com\/fr\/350481\/","title":{"rendered":"Est\u00e9ban Lepaul pourra jouer contre Angers"},"content":{"rendered":"<p>En passe de rejoindre le Stade Rennais, sous r\u00e9serve de validation de sa visite m\u00e9dicale qu\u2019il passe ce jeudi, <a href=\"https:\/\/www.footmercato.net\/joueur\/esteban-lepaul\/\" rel=\"nofollow noopener\" target=\"_blank\">Est\u00e9ban Lepaul<\/a> (25 ans) pourra d\u00e9j\u00e0 retrouver son ex-club d\u00e8s dimanche de la 3e journ\u00e9e de <a href=\"https:\/\/www.footmercato.net\/france\/ligue-1\/\" rel=\"nofollow noopener\" target=\"_blank\">Ligue 1<\/a>. <\/p>\n<p>            La suite apr\u00e8s cette publicit\u00e9<\/p>\n<p>En effet, selon les derni\u00e8res informations de L\u2019Equipe, aucune clause ou gentlemen\u2019s agreement n\u2019emp\u00eachent Lepaul de jouer face au SCO. Une issue pour laquelle le club de l\u2019Anjou n\u2019\u00e9tait initialement pas favorable.<\/p>\n<p>\n    Pub. le 28\/08\/2025 18:07<br \/>\n            &#8211; MAJ le 28\/08\/2025 20:34\n    <\/p>\n","protected":false},"excerpt":{"rendered":"En passe de rejoindre le Stade Rennais, sous r\u00e9serve de validation de sa visite m\u00e9dicale qu\u2019il passe ce&hellip;\n","protected":false},"author":2,"featured_media":350482,"comment_status":"","ping_status":"","sticky":false,"template":"","format":"standard","meta":{"footnotes":""},"categories":[2821],"tags":[1111,11,829,1777,674,1011,27,12,584,25],"class_list":{"0":"post-350481","1":"post","2":"type-post","3":"status-publish","4":"format-standard","5":"has-post-thumbnail","7":"category-rennes","8":"tag-actu","9":"tag-actualites","10":"tag-bretagne","11":"tag-eu","12":"tag-europe","13":"tag-fr","14":"tag-france","15":"tag-news","16":"tag-rennes","17":"tag-republique-francaise"},"share_on_mastodon":{"url":"https:\/\/pubeurope.com\/@fr\/115107869734301365","error":""},"_links":{"self":[{"href":"https:\/\/www.europesays.com\/fr\/wp-json\/wp\/v2\/posts\/350481","targetHints":{"allow":["GET"]}}],"collection":[{"href":"https:\/\/www.europesays.com\/fr\/wp-json\/wp\/v2\/posts"}],"about":[{"href":"https:\/\/www.europesays.com\/fr\/wp-json\/wp\/v2\/types\/post"}],"author":[{"embeddable":true,"href":"https:\/\/www.europesays.com\/fr\/wp-json\/wp\/v2\/users\/2"}],"replies":[{"embeddable":true,"href":"https:\/\/www.europesays.com\/fr\/wp-json\/wp\/v2\/comments?post=350481"}],"version-history":[{"count":0,"href":"https:\/\/www.europesays.com\/fr\/wp-json\/wp\/v2\/posts\/350481\/revisions"}],"wp:featuredmedia":[{"embeddable":true,"href":"https:\/\/www.europesays.com\/fr\/wp-json\/wp\/v2\/media\/350482"}],"wp:attachment":[{"href":"https:\/\/www.europesays.com\/fr\/wp-json\/wp\/v2\/media?parent=350481"}],"wp:term":[{"taxonomy":"category","embeddable":true,"href":"https:\/\/www.europesays.com\/fr\/wp-json\/wp\/v2\/categories?post=350481"},{"taxonomy":"post_tag","embeddable":true,"href":"https:\/\/www.europesays.com\/fr\/wp-json\/wp\/v2\/tags?post=350481"}],"curies":[{"name":"wp","href":"https:\/\/api.w.org\/{rel}","templated":true}]}}