{"id":350484,"date":"2025-08-28T18:45:10","date_gmt":"2025-08-28T18:45:10","guid":{"rendered":"https:\/\/www.europesays.com\/fr\/350484\/"},"modified":"2025-08-28T18:45:10","modified_gmt":"2025-08-28T18:45:10","slug":"suivez-le-barrage-retour-de-ligue-conference-en-live","status":"publish","type":"post","link":"https:\/\/www.europesays.com\/fr\/350484\/","title":{"rendered":"suivez le barrage retour de Ligue Conference en live"},"content":{"rendered":"<p>Brondby avec Daniel Wass capitaine<\/p>\n<p><strong>La composition de Brondby:<\/strong> Pentz &#8211; Klaiber, Lauritsen, Binks &#8211; Divkovic, Wass, Tahirovic, Kohlert &#8211; Nartey, Bundgaard, Vallys.<\/p>\n<p>La composition de Strasbourg est tomb\u00e9e<\/p>\n<p>Quelques changements par rapport au match aller. Panichelli, Nanasi et Omobamidele sont remplac\u00e9s. Bakwa d\u00e9bute aussi sur le banc.<\/p>\n<p><strong>La composition de Strasbourg:<\/strong> Penders &#8211; Mwanga, Sarr, Hogsberg, Moreira &#8211; Ouattara, Doukour\u00e9, Barco &#8211; Lemar\u00e9chal &#8211; Amo-Ameyaw, Emegha.<\/p>\n<p>Bonsoir \u00e0 toutes et \u00e0 tous<\/p>\n<p>Bienvenue sur RMC Sport pour suivre en direct cette rencontre entre Brondby et Strasbourg. Les Alsaciens jouent leur avenir europ\u00e9en dans ce barrage retour de Ligue Conf\u00e9rence, apr\u00e8s le 0-0 du match aller \u00e0 la Meinau. Coup d&rsquo;envoi \u00e0 20h.<\/p>\n","protected":false},"excerpt":{"rendered":"Brondby avec Daniel Wass capitaine La composition de Brondby: Pentz &#8211; Klaiber, Lauritsen, Binks &#8211; Divkovic, Wass, Tahirovic,&hellip;\n","protected":false},"author":2,"featured_media":350485,"comment_status":"","ping_status":"","sticky":false,"template":"","format":"standard","meta":{"footnotes":""},"categories":[2820],"tags":[1111,11,1777,674,1011,27,775,12,25,640],"class_list":{"0":"post-350484","1":"post","2":"type-post","3":"status-publish","4":"format-standard","5":"has-post-thumbnail","7":"category-strasbourg","8":"tag-actu","9":"tag-actualites","10":"tag-eu","11":"tag-europe","12":"tag-fr","13":"tag-france","14":"tag-grand-est","15":"tag-news","16":"tag-republique-francaise","17":"tag-strasbourg"},"share_on_mastodon":{"url":"https:\/\/pubeurope.com\/@fr\/115107877625975124","error":""},"_links":{"self":[{"href":"https:\/\/www.europesays.com\/fr\/wp-json\/wp\/v2\/posts\/350484","targetHints":{"allow":["GET"]}}],"collection":[{"href":"https:\/\/www.europesays.com\/fr\/wp-json\/wp\/v2\/posts"}],"about":[{"href":"https:\/\/www.europesays.com\/fr\/wp-json\/wp\/v2\/types\/post"}],"author":[{"embeddable":true,"href":"https:\/\/www.europesays.com\/fr\/wp-json\/wp\/v2\/users\/2"}],"replies":[{"embeddable":true,"href":"https:\/\/www.europesays.com\/fr\/wp-json\/wp\/v2\/comments?post=350484"}],"version-history":[{"count":0,"href":"https:\/\/www.europesays.com\/fr\/wp-json\/wp\/v2\/posts\/350484\/revisions"}],"wp:featuredmedia":[{"embeddable":true,"href":"https:\/\/www.europesays.com\/fr\/wp-json\/wp\/v2\/media\/350485"}],"wp:attachment":[{"href":"https:\/\/www.europesays.com\/fr\/wp-json\/wp\/v2\/media?parent=350484"}],"wp:term":[{"taxonomy":"category","embeddable":true,"href":"https:\/\/www.europesays.com\/fr\/wp-json\/wp\/v2\/categories?post=350484"},{"taxonomy":"post_tag","embeddable":true,"href":"https:\/\/www.europesays.com\/fr\/wp-json\/wp\/v2\/tags?post=350484"}],"curies":[{"name":"wp","href":"https:\/\/api.w.org\/{rel}","templated":true}]}}