{"id":350486,"date":"2025-08-28T18:46:21","date_gmt":"2025-08-28T18:46:21","guid":{"rendered":"https:\/\/www.europesays.com\/fr\/350486\/"},"modified":"2025-08-28T18:46:21","modified_gmt":"2025-08-28T18:46:21","slug":"college-logements-un-chantier-denvergure-va-tout-changer","status":"publish","type":"post","link":"https:\/\/www.europesays.com\/fr\/350486\/","title":{"rendered":"coll\u00e8ge, logements\u2026 un chantier d\u2019envergure va tout changer"},"content":{"rendered":"<p><strong>Dans la localit\u00e9 de Gatti\u00e8res, un coll\u00e8ge, \u00e9quip\u00e9 d\u2019un gymnase, et de nouvelles habitations vont sortir de terre dans les ann\u00e9es \u00e0 venir. <\/strong><\/p>\n<p>Important coup de neuf \u00e0 venir pour le quartier des Br\u00e9gui\u00e8res, <a href=\"https:\/\/nicepresse.com\/idee-de-balade-sur-la-cote-dazur-gattieres-village-perche-de-la-metropole-de-nice-photos\/\" rel=\"nofollow noopener\" target=\"_blank\">\u00e0 Gatti\u00e8res<\/a> ! <\/p>\n<p>La commune proche de Nice se pr\u00e9pare \u00e0 voir d\u00e9buter un immense chantier. Le 19 ao\u00fbt dernier, les collectivit\u00e9s ont annonc\u00e9, \u00e0 travers une d\u00e9claration de projet, vouloir b\u00e2tir un coll\u00e8ge et des immeubles dans ce secteur de la ville.<\/p>\n<p>Ces travaux seront en lien, puisque des routes d\u00e9di\u00e9es \u00e0 la circulation douce relieront l\u2019\u00e9tablissement scolaire aux futurs logements. Avec ce site s\u2019\u00e9tendant sur 9 hectares, la commune pourra recevoir 700 \u00e9l\u00e8ves et voir ainsi se concr\u00e9tiser une partie du plan \u00ab\u00a0Coll\u00e8ge 2028\u00a0\u00bb men\u00e9 par <a href=\"https:\/\/nicepresse.com\/colleges-roseland-chantiers-nos-projets-pour-nice-le-point-du-president-des-alpes-maritimes-charles-ange-ginesy\/\" rel=\"nofollow noopener\" target=\"_blank\">le D\u00e9partement des Alpes-Maritimes<\/a>.<\/p>\n<p>Co\u00fbt du coll\u00e8ge : 27 millions d\u2019euros<\/p>\n<p>En plus des salles de classe, nous retrouverons un gymnase, les locaux administratifs, une cinquantaine de places de stationnement et cinq habitations de fonction. Le co\u00fbt <a href=\"https:\/\/www.departement06.fr\/plan-college-2028\" target=\"_blank\" rel=\"noopener nofollow\">de l\u2019op\u00e9ration<\/a> est de 27 millions d\u2019euros, avec l\u2019objectif d\u2019entamer la construction en 2027 afin qu\u2019il soit pr\u00eat pour la rentr\u00e9e 2029-2030.<\/p>\n<p>Avec cette cr\u00e9ation, l\u2019id\u00e9e est d\u2019\u0153uvrer au d\u00e9sengorgement des \u00e9coles aux alentours, tout en limitant les temps de transport des \u00e9l\u00e8ves, tel que le d\u00e9veloppe la M\u00e9tropole Nice-C\u00f4te d\u2019Azur.<\/p>\n<p>Pour les demeures, qui devraient \u00eatre environ 100 \u00e0 sortir de terre dans la partie Nord du secteur, cela se fera en deux phases. La seconde moiti\u00e9 interviendra \u00ab\u00a0sous couvert de la mise en \u0153uvre d\u2019une voie reliant le coll\u00e8ge aux logements\u00a0\u00bb, est-il pr\u00e9cis\u00e9. Ils r\u00e9pondront au besoin de la municipalit\u00e9 en mati\u00e8re de HLM.<\/p>\n<p>R\u00e9pondre aux besoins de logements sociaux<\/p>\n<p>En effet, ils devraient composer approximativement 35 % de ces biens flambant neufs, soit 36 appartements. Une urgence car la cit\u00e9 est tr\u00e8s fortement carenc\u00e9e, avec un d\u00e9ficit en 2022 de 20 points sur les 25 % n\u00e9cessaires pour r\u00e9pondre \u00e0 la loi SRU.<\/p>\n<p><a href=\"https:\/\/anneedelamer.nice.fr\/\" rel=\"nofollow noopener\" target=\"_blank\"><img loading=\"lazy\" decoding=\"async\" width=\"300\" height=\"300\" src=\"data:image\/svg+xml,%3Csvg%20xmlns=\" http:=\"\" alt=\"\" class=\"wp-image-235449\" data-lazy-src=\"https:\/\/www.europesays.com\/fr\/wp-content\/uploads\/2025\/04\/IMG_1416-2.png\"\/><\/a><\/p>\n<ul class=\"wp-block-list\">\n<li>Un projet qui prendra encore quelques mois avant de se mat\u00e9rialiser de fa\u00e7on plus concr\u00e8te. Il faudra d\u2019abord en passer par une phase de concertation aupr\u00e8s du public, le Plan local d\u2019urbanisme m\u00e9tropolitain n\u2019\u00e9tant pas compatible avec ce programme actuellement.<\/li>\n<\/ul>\n","protected":false},"excerpt":{"rendered":"Dans la localit\u00e9 de Gatti\u00e8res, un coll\u00e8ge, \u00e9quip\u00e9 d\u2019un gymnase, et de nouvelles habitations vont sortir de terre&hellip;\n","protected":false},"author":2,"featured_media":350487,"comment_status":"","ping_status":"","sticky":false,"template":"","format":"standard","meta":{"footnotes":""},"categories":[2819],"tags":[1111,11,1777,674,1011,27,12,2401,882,25],"class_list":{"0":"post-350486","1":"post","2":"type-post","3":"status-publish","4":"format-standard","5":"has-post-thumbnail","7":"category-nice","8":"tag-actu","9":"tag-actualites","10":"tag-eu","11":"tag-europe","12":"tag-fr","13":"tag-france","14":"tag-news","15":"tag-nice","16":"tag-provence-alpes-cote-dazur","17":"tag-republique-francaise"},"share_on_mastodon":{"url":"https:\/\/pubeurope.com\/@fr\/115107881502307782","error":""},"_links":{"self":[{"href":"https:\/\/www.europesays.com\/fr\/wp-json\/wp\/v2\/posts\/350486","targetHints":{"allow":["GET"]}}],"collection":[{"href":"https:\/\/www.europesays.com\/fr\/wp-json\/wp\/v2\/posts"}],"about":[{"href":"https:\/\/www.europesays.com\/fr\/wp-json\/wp\/v2\/types\/post"}],"author":[{"embeddable":true,"href":"https:\/\/www.europesays.com\/fr\/wp-json\/wp\/v2\/users\/2"}],"replies":[{"embeddable":true,"href":"https:\/\/www.europesays.com\/fr\/wp-json\/wp\/v2\/comments?post=350486"}],"version-history":[{"count":0,"href":"https:\/\/www.europesays.com\/fr\/wp-json\/wp\/v2\/posts\/350486\/revisions"}],"wp:featuredmedia":[{"embeddable":true,"href":"https:\/\/www.europesays.com\/fr\/wp-json\/wp\/v2\/media\/350487"}],"wp:attachment":[{"href":"https:\/\/www.europesays.com\/fr\/wp-json\/wp\/v2\/media?parent=350486"}],"wp:term":[{"taxonomy":"category","embeddable":true,"href":"https:\/\/www.europesays.com\/fr\/wp-json\/wp\/v2\/categories?post=350486"},{"taxonomy":"post_tag","embeddable":true,"href":"https:\/\/www.europesays.com\/fr\/wp-json\/wp\/v2\/tags?post=350486"}],"curies":[{"name":"wp","href":"https:\/\/api.w.org\/{rel}","templated":true}]}}