{"id":350488,"date":"2025-08-28T18:47:11","date_gmt":"2025-08-28T18:47:11","guid":{"rendered":"https:\/\/www.europesays.com\/fr\/350488\/"},"modified":"2025-08-28T18:47:11","modified_gmt":"2025-08-28T18:47:11","slug":"nice-des-peres-dotages-israeliens-recus-par-les-maires-de-nice-et-de-cannes","status":"publish","type":"post","link":"https:\/\/www.europesays.com\/fr\/350488\/","title":{"rendered":"NICE : Des p\u00e8res d&rsquo;otages isra\u00e9liens re\u00e7us par les maires de Nice et de Cannes"},"content":{"rendered":"<p><strong>L\u2019Association NETSAH et le Crif Sud-Est organisent une rencontre \u00e9mouvante \u00e0 Nice avec des p\u00e8res d\u2019otages et de victimes du Hamas : un appel \u00e0 la solidarit\u00e9 et \u00e0 la m\u00e9moire.<\/strong><\/p>\n<p><strong>Christian Estrosi<\/strong>, Maire de Nice, Pr\u00e9sident de la M\u00e9tropole Nice C\u00f4te d\u2019Azur et Pr\u00e9sident d\u00e9l\u00e9gu\u00e9 de la R\u00e9gion Provence-Alpes-C\u00f4te d\u2019Azur, recevra \u00e0 huis clos <b>des p\u00e8res d\u2019otages et de victimes du 7 octobre 2023.<\/b><\/p>\n<p>Dans un contexte de tensions persistantes au Moyen-Orient, l\u2019Association NETSAH et le Crif Sud-Est unissent leurs forces pour sensibiliser le public fran\u00e7ais \u00e0 la trag\u00e9die des otages isra\u00e9liens d\u00e9tenus \u00e0 Gaza.<br \/>L\u2019Association NETSAH qui \u0153uvre pour aider les enfants et les familles d\u00e9favoris\u00e9es et d\u00e9plac\u00e9es en Isra\u00ebl , et le Crif Sud-Est (Conseil Repr\u00e9sentatif des Institutions Juives de France pour la r\u00e9gion Sud-Est), annoncent la venue \u00e0 Nice et Cannes de 8 p\u00e8res d\u2019otages et de victimes \u00e0 Gaza. Cette initiative intervient alors que pr\u00e8s de 700 jours se sont \u00e9coul\u00e9s depuis les attaques barbares du 7 octobre 2023, qui ont marqu\u00e9 un tournant tragique dans l\u2019histoire r\u00e9cente d\u2019Isra\u00ebl.<br \/>Au c\u0153ur de cette rencontre, plusieurs p\u00e8res d\u2019otages et de victimes viendront de Isra\u00ebl pour t\u00e9moigner de leur calvaire personnel et collectif. Ces hommes, unis par le deuil et l\u2019esp\u00e9rance, partageront leurs histoires afin de sensibiliser la communaut\u00e9 internationale \u00e0 la n\u00e9cessit\u00e9 urgente d\u2019une lib\u00e9ration des otages restants et d\u2019une justice pour les victimes.<\/p>\n<p>Ces p\u00e8res seront re\u00e7us \u00e0 la Mairie de Nice par Monsieur le Maire de Nice Christian Estrosi le vendredi 29 ao\u00fbt \u00e0 10h et \u00e0 Cannes par Monsieur le Maire de Cannes David Lisnard \u00e0 16h.<\/p>\n<p><strong>Un Appel \u00e0 la Solidarit\u00e9 et \u00e0 l\u2019Action<\/strong><\/p>\n<p>\u00ab Cette rencontre n\u2019est pas seulement un moment de comm\u00e9moration, mais un cri du c\u0153ur pour l\u2019humanit\u00e9 \u00bb, <strong>d\u00e9clare le Dr Bruno Lellouche Pr\u00e9sident de NETSAH. <\/strong><\/p>\n<p>\u00ab En invitant ces p\u00e8res courageux \u00e0 Nice et Cannes, nous voulons rappeler \u00e0 la France et au monde entier que la lutte contre le terrorisme et pour les droits humains transcende les fronti\u00e8res \u00bb.<\/p>\n<p><strong>De son c\u00f4t\u00e9, J\u00e9r\u00f4me Culioli Pr\u00e9sident du Crif Sud-Est ajoute :<\/strong> \u00ab Le Crif Sud-Est est fier de s\u2019associer \u00e0 NETSAH pour amplifier les voix de ces familles. Nous appelons les m\u00e9dias, les \u00e9lus et le public \u00e0 se joindre \u00e0 nous pour exiger la lib\u00e9ration imm\u00e9diate des otages et le retour des corps retenus ill\u00e9galement \u00bb.<\/p>\n<p>\u00c0 l\u2019issue les p\u00e8res des otages pourront r\u00e9pondre \u00e0 la presse.<\/p>\n<p>\u2022 Alon Nimrodi, p\u00e8re de Tamir Nimrodi, toujours retenu otage \u00e0 Gaza. Alon Nimrodi racontera les mois d\u2019angoisse interminables depuis l\u2019enl\u00e8vement de son fils, soulignant l\u2019urgence d\u2019une action internationale pour ramener les otages vivants chez eux.<\/p>\n<p>\u2022 Shai Wenkert, p\u00e8re de Omer Wenkert, lib\u00e9r\u00e9 en janvier 2025 apr\u00e8s 505 jours de captivit\u00e9. Shai partagera le r\u00e9cit \u00e9mouvant de la lib\u00e9ration de son fils, marqu\u00e9e par un m\u00e9lange de joie et de traumatismes profonds, et appellera \u00e0 ne pas oublier ceux qui restent prisonniers.<\/p>\n<p>\u2022 Cochav Levinson, p\u00e8re de Shai Levinson, tu\u00e9 lors des attaques du 7 octobre 2023 et dont le corps a \u00e9t\u00e9 exfiltr\u00e9 de Gaza par Tsahal le 22 juin 2025. Gr\u00e2ce \u00e0 cette op\u00e9ration courageuse, Shai Levinson a pu \u00eatre enterr\u00e9 dignement en Isra\u00ebl. Cochav Levinson \u00e9voquera le long chemin vers la closure, tout en honorant la m\u00e9moire de son fils.<\/p>\n<p>\u2022 Shimon Dahan, p\u00e8re de Shaked Dahan, assassin\u00e9 par le Hamas le 7 octobre 2023 et dont le corps reste toujours retenu otage \u00e0 Gaza. Shimon Dahan t\u00e9moignera de la double peine inflig\u00e9e aux familles : la perte d\u2019un enfant et l\u2019impossibilit\u00e9 de lui offrir une s\u00e9pulture d\u00e9cente, un acte inhumain qui prolonge ind\u00e9finiment le deuil.<\/p>\n<p>\u2022 Hagai Angrest, p\u00e8re de Matan Angrest, otage \u00e0 Gaza depuis pr\u00e8s de 700 jours. Hagai racontera les d\u00e9fis quotidiens pour maintenir l\u2019espoir vivant, malgr\u00e9 l\u2019incertitude et les appels r\u00e9p\u00e9t\u00e9s \u00e0 la communaut\u00e9 internationale pour une intervention diplomatique.<\/p>\n<p>\u2022 Amir Daniel, p\u00e8re de Oz Daniel, assassin\u00e9 par le Hamas le 7 octobre 2023 et dont le corps est toujours retenu otage \u00e0 Gaza. Amir Daniel mettra en lumi\u00e8re les violations des droits humains perp\u00e9tr\u00e9es par le Hamas, en insistant sur le droit fondamental des familles \u00e0 r\u00e9cup\u00e9rer les d\u00e9pouilles de leurs proches.<\/p>\n<p>\u2022 Yaron Zangauker, p\u00e8re de Matan Zangauker, otage \u00e0 Gaza depuis pr\u00e8s de 700 jours. Yaron partagera son combat incessant pour la lib\u00e9ration de son fils, soulignant les impacts psychologiques et sociaux sur les familles touch\u00e9es.<\/p>\n<p>\u2022 Le Rabbin Elhanan Danino, p\u00e8re de Ori Danino, assassin\u00e9 par le Hamas fin ao\u00fbt 2024 et dont le corps a \u00e9t\u00e9 exfiltr\u00e9 de Gaza. Ori Danino a pu \u00eatre enterr\u00e9 en Isra\u00ebl en septembre 2024. Le Rabbin Danino, avec sa perspective spirituelle, offrira un t\u00e9moignage empreint de foi et de r\u00e9flexion sur la perte et la gu\u00e9rison collective.<\/p>\n<p>Ces t\u00e9moignages, riches en \u00e9motions et en d\u00e9tails humains, visent \u00e0 humaniser le conflit et \u00e0 rappeler que derri\u00e8re les statistiques se cachent des vies bris\u00e9es.<\/p>\n<p><strong>\u00c0 propos de l\u2019Association NETSAH :<\/strong><\/p>\n<p>Fond\u00e9e pour promouvoir la culture juive, la m\u00e9moire des victimes du terrorisme et l\u2019aide en Isra\u00ebl de population d\u00e9favoris\u00e9e NETSAH organise des \u00e9v\u00e9nements \u00e9ducatifs et solidaires \u00e0 travers la France.<\/p>\n<p><strong>\u00c0 propos du Crif Sud-Est :<\/strong><\/p>\n<p>Le Crif Sud-Est repr\u00e9sente les institutions juives dans la r\u00e9gion et \u0153uvre pour la lutte contre l\u2019antis\u00e9mitisme, la promotion du dialogue intercommunautaire et la d\u00e9fense des droits humains.<\/p>\n","protected":false},"excerpt":{"rendered":"L\u2019Association NETSAH et le Crif Sud-Est organisent une rencontre \u00e9mouvante \u00e0 Nice avec des p\u00e8res d\u2019otages et de&hellip;\n","protected":false},"author":2,"featured_media":61344,"comment_status":"","ping_status":"","sticky":false,"template":"","format":"standard","meta":{"footnotes":""},"categories":[2819],"tags":[1111,11,1777,674,1011,27,12,2401,882,25],"class_list":{"0":"post-350488","1":"post","2":"type-post","3":"status-publish","4":"format-standard","5":"has-post-thumbnail","7":"category-nice","8":"tag-actu","9":"tag-actualites","10":"tag-eu","11":"tag-europe","12":"tag-fr","13":"tag-france","14":"tag-news","15":"tag-nice","16":"tag-provence-alpes-cote-dazur","17":"tag-republique-francaise"},"share_on_mastodon":{"url":"https:\/\/pubeurope.com\/@fr\/115107885423247153","error":""},"_links":{"self":[{"href":"https:\/\/www.europesays.com\/fr\/wp-json\/wp\/v2\/posts\/350488","targetHints":{"allow":["GET"]}}],"collection":[{"href":"https:\/\/www.europesays.com\/fr\/wp-json\/wp\/v2\/posts"}],"about":[{"href":"https:\/\/www.europesays.com\/fr\/wp-json\/wp\/v2\/types\/post"}],"author":[{"embeddable":true,"href":"https:\/\/www.europesays.com\/fr\/wp-json\/wp\/v2\/users\/2"}],"replies":[{"embeddable":true,"href":"https:\/\/www.europesays.com\/fr\/wp-json\/wp\/v2\/comments?post=350488"}],"version-history":[{"count":0,"href":"https:\/\/www.europesays.com\/fr\/wp-json\/wp\/v2\/posts\/350488\/revisions"}],"wp:featuredmedia":[{"embeddable":true,"href":"https:\/\/www.europesays.com\/fr\/wp-json\/wp\/v2\/media\/61344"}],"wp:attachment":[{"href":"https:\/\/www.europesays.com\/fr\/wp-json\/wp\/v2\/media?parent=350488"}],"wp:term":[{"taxonomy":"category","embeddable":true,"href":"https:\/\/www.europesays.com\/fr\/wp-json\/wp\/v2\/categories?post=350488"},{"taxonomy":"post_tag","embeddable":true,"href":"https:\/\/www.europesays.com\/fr\/wp-json\/wp\/v2\/tags?post=350488"}],"curies":[{"name":"wp","href":"https:\/\/api.w.org\/{rel}","templated":true}]}}