{"id":350489,"date":"2025-08-28T18:48:29","date_gmt":"2025-08-28T18:48:29","guid":{"rendered":"https:\/\/www.europesays.com\/fr\/350489\/"},"modified":"2025-08-28T18:48:29","modified_gmt":"2025-08-28T18:48:29","slug":"frank-tetart-geopolitologue-les-frontieres-ne-sont-pas-pretes-de-disparaitre","status":"publish","type":"post","link":"https:\/\/www.europesays.com\/fr\/350489\/","title":{"rendered":"Frank T\u00e9tart, g\u00e9opolitologue : \u00ab Les fronti\u00e8res ne sont pas pr\u00eates de dispara\u00eetre\u00a0\u00bb"},"content":{"rendered":"<p>Au tournant des ann\u00e9es 90, le lib\u00e9ralisme \u00e9conomique et l\u2019extension de la mondialisation ont en effet constitu\u00e9 l\u2019horizon d\u2019un monde sans fronti\u00e8res. On le voit en Europe avec la cr\u00e9ation au milieu des ann\u00e9es 90 de l\u2019Espace Schengen, cette vaste zone au sein de laquelle 450 millions d\u2019habitants peuvent aujourd\u2019hui circuler sans contrainte. Cette libert\u00e9, qui existait jusqu\u2019alors pour la circulation des marchandises, devenait tangible pour les personnes, c\u2019\u00e9tait in\u00e9dit.<\/p>\n<p>Mais depuis une vingtaine d\u2019ann\u00e9es, on voit effectivement le retour des fronti\u00e8res \u00e0 travers le monde. Partout, des murs sont \u00e9rig\u00e9s. La bascule s\u2019op\u00e8re, selon moi, apr\u00e8s les attentats du 11 septembre 2001. Pour la premi\u00e8re fois, les Am\u00e9ricains se rendent compte de leur fragilit\u00e9, notamment face aux nouvelles menaces du terrorisme. Les diff\u00e9rentes crises de ce d\u00e9but de si\u00e8cle (\u00e9conomique, politique, migratoire\u2026) ont renforc\u00e9 la volont\u00e9 d\u2019imperm\u00e9abilisation des fronti\u00e8res, en m\u00eame temps que la remise en cause, entre \u00c9tats et au sein des \u00c9tats, de ces espaces. On le voit avec les conflits opposant le Cambodge et le Laos, l\u2019Inde et le Pakistan ou ailleurs dans le monde (contentieux entre l\u2019Alg\u00e9rie et le Maroc au sujet du Sahara occidental, ou la Serbie et le Kosovo\u2026).<\/p>\n<p>Parall\u00e8lement, les fronti\u00e8res, que l\u2019on croyait un concept d\u00e9pass\u00e9, ont \u00e9galement su montrer leurs vertus dans des contextes de menaces \u00e9conomiques ou sanitaires par exemple &#8211; on l\u2019a bien vu \u00e0 l\u2019occasion de la crise du Covid-19.<\/p>\n","protected":false},"excerpt":{"rendered":"Au tournant des ann\u00e9es 90, le lib\u00e9ralisme \u00e9conomique et l\u2019extension de la mondialisation ont en effet constitu\u00e9 l\u2019horizon&hellip;\n","protected":false},"author":2,"featured_media":350490,"comment_status":"","ping_status":"","sticky":false,"template":"","format":"standard","meta":{"footnotes":""},"categories":[2818],"tags":[1111,11,1777,674,1011,27,766,12,2636,25],"class_list":{"0":"post-350489","1":"post","2":"type-post","3":"status-publish","4":"format-standard","5":"has-post-thumbnail","7":"category-nantes","8":"tag-actu","9":"tag-actualites","10":"tag-eu","11":"tag-europe","12":"tag-fr","13":"tag-france","14":"tag-nantes","15":"tag-news","16":"tag-pays-de-la-loire","17":"tag-republique-francaise"},"share_on_mastodon":{"url":"https:\/\/pubeurope.com\/@fr\/115107889398164500","error":""},"_links":{"self":[{"href":"https:\/\/www.europesays.com\/fr\/wp-json\/wp\/v2\/posts\/350489","targetHints":{"allow":["GET"]}}],"collection":[{"href":"https:\/\/www.europesays.com\/fr\/wp-json\/wp\/v2\/posts"}],"about":[{"href":"https:\/\/www.europesays.com\/fr\/wp-json\/wp\/v2\/types\/post"}],"author":[{"embeddable":true,"href":"https:\/\/www.europesays.com\/fr\/wp-json\/wp\/v2\/users\/2"}],"replies":[{"embeddable":true,"href":"https:\/\/www.europesays.com\/fr\/wp-json\/wp\/v2\/comments?post=350489"}],"version-history":[{"count":0,"href":"https:\/\/www.europesays.com\/fr\/wp-json\/wp\/v2\/posts\/350489\/revisions"}],"wp:featuredmedia":[{"embeddable":true,"href":"https:\/\/www.europesays.com\/fr\/wp-json\/wp\/v2\/media\/350490"}],"wp:attachment":[{"href":"https:\/\/www.europesays.com\/fr\/wp-json\/wp\/v2\/media?parent=350489"}],"wp:term":[{"taxonomy":"category","embeddable":true,"href":"https:\/\/www.europesays.com\/fr\/wp-json\/wp\/v2\/categories?post=350489"},{"taxonomy":"post_tag","embeddable":true,"href":"https:\/\/www.europesays.com\/fr\/wp-json\/wp\/v2\/tags?post=350489"}],"curies":[{"name":"wp","href":"https:\/\/api.w.org\/{rel}","templated":true}]}}