{"id":350493,"date":"2025-08-28T18:50:14","date_gmt":"2025-08-28T18:50:14","guid":{"rendered":"https:\/\/www.europesays.com\/fr\/350493\/"},"modified":"2025-08-28T18:50:14","modified_gmt":"2025-08-28T18:50:14","slug":"a-bordeaux-les-travaux-du-tram-a-la-porte-de-bourgogne-bientot-finis","status":"publish","type":"post","link":"https:\/\/www.europesays.com\/fr\/350493\/","title":{"rendered":"\u00e0 Bordeaux, les travaux du tram \u00e0 la porte de Bourgogne bient\u00f4t finis"},"content":{"rendered":"<p>            Par<br \/>\n        <strong><br \/>\n            <a href=\"https:\/\/actu.fr\/auteur\/juliette-cardinale\" title=\"Consulter tous les articles de Juliette Cardinale\" rel=\"nofollow noopener\" target=\"_blank\">Juliette Cardinale<\/a><br \/>\n        <\/strong><\/p>\n<p>        Publi\u00e9 le<\/p>\n<p>            28 ao\u00fbt 2025 \u00e0 18h16        <\/p>\n<p>Ce mercredi 27 ao\u00fbt 2025, peu apr\u00e8s 21h30, un tramway arrive \u00e0 la porte de Bourgogne. Vide, il n\u2019est que le premier des <strong>tr\u00e8s nombreux passages<\/strong> effectu\u00e9s ce soir l\u00e0 <a href=\"https:\/\/actu.fr\/bordeaux\/\" rel=\"nofollow noopener\" target=\"_blank\">\u00e0 Bordeaux.<\/a> Au terme de trois mois <a href=\"https:\/\/actu.fr\/nouvelle-aquitaine\/bordeaux_33063\/a-bordeaux-le-chantier-titanesque-des-deux-nouvelles-lignes-de-tramway-avance-ou-en-sont-les-travaux_62835724.html\" rel=\"nofollow noopener\" target=\"_blank\">d\u2019un chantier titanesque,<\/a> l\u2019entreprise gestionnaire du r\u00e9seau de transport de Bordeaux M\u00e9tropole s\u2019assure du bon fonctionnement technique des nouvelles infrastructures.<\/p>\n<p class=\" wall-content\">Pendant trois nuits, de ce mardi 26 \u00e0 ce jeudi 28 ao\u00fbt inclus, TBM effectue des \u00ab\u00a0essais de performance\u00a0\u00bb. Lors de ces marches \u00e0 blanc, le trafic est mont\u00e9 en puissance pour atteindre la fr\u00e9quence pr\u00e9vue sur la zone de la Porte de Bourgogne : <strong>entre 92 \u00e0 102 rames sont attendues par heure,<\/strong> avec des intervalles d\u2019environ 2,30 minutes. Jusqu\u2019ici, 80 rames circulaient par heure.<\/p>\n<p>Un renforcement du r\u00e9seau<\/p>\n<p class=\" wall-content\">Cet \u00e9t\u00e9, TBM a profit\u00e9 des travaux du pont de pierre pour proc\u00e9der \u00e0 ceux de la porte de Bourgogne. Ces derniers avaient <strong>trois objectifs<\/strong> : d\u00e9saturer et renforcer les passages de tram, renforcer la desserte de la rive droite et <a href=\"https:\/\/actu.fr\/nouvelle-aquitaine\/bordeaux_33063\/tbm-deux-nouvelles-lignes-de-tramway-bientot-mises-en-service-a-bordeaux_62120782.html\" rel=\"nofollow noopener\" target=\"_blank\">cr\u00e9er de nouvelles liaisons directes.<\/a><\/p>\n<p class=\" wall-content\">D\u00e8s d\u00e9cembre, la ligne E liera directement Floirac, Cenon Gare et Blanquefort, via la place des Quinconces. La ligne F doit <strong>relier l\u2019a\u00e9roport et la gare Saint-Jean,<\/strong> sans changement et en 45 minutes. Les lignes existantes seront simplifi\u00e9es par la m\u00eame occasion : finis les doubles terminus (sauf \u00e0 Pessac sur la B).<\/p>\n<p class=\" wall-content\">Des barri\u00e8res ont \u00e9galement \u00e9t\u00e9 install\u00e9es pour <strong>\u00e9viter les travers\u00e9es des pi\u00e9tons<\/strong> trop proches des trams dans cette zone accidentog\u00e8ne. \u00ab\u00a0La Porte de Bourgogne est le premier point de rendez-vous et de correspondance entre les lignes. Relativement \u00e9troit, il est stressant pour les conducteurs comme les usagers\u00a0\u00bb, a soulign\u00e9 Pierrick Poirier, directeur de <a href=\"https:\/\/actu.fr\/tag\/keolis\" rel=\"nofollow noopener\" target=\"_blank\">Keolis<\/a> Bordeaux M\u00e9tropole.<\/p>\n<p class=\" wall-content\">Apr\u00e8s deux ann\u00e9es de pr\u00e9paration, d\u2019\u00e9tudes, d\u2019analyses et d\u2019appels d\u2019offre, un peu plus de <strong>500 m\u00e8tres lin\u00e9aires de rail<\/strong> ont \u00e9t\u00e9 <a href=\"https:\/\/actu.fr\/nouvelle-aquitaine\/bordeaux_33063\/a-bordeaux-le-chantier-titanesque-des-deux-nouvelles-lignes-de-tramway-avance-ou-en-sont-les-travaux_62835724.html\" rel=\"nofollow noopener\" target=\"_blank\">pos\u00e9s pendant l\u2019\u00e9t\u00e9.<\/a> De plus, de nouveaux appareils de voie ont \u00e9t\u00e9 install\u00e9s : il s\u2019agit sept branchements simples et quatre travers\u00e9es obliques.\u00a0<\/p>\n<p class=\" wall-content\"><a href=\"https:\/\/www.instagram.com\/reel\/DN56U1eCHQY\/embed\" title=\"Ouvrir le lien sur Instagram\" rel=\"nofollow noopener\" target=\"_blank\">Visualiser le contenu sur Instagram<\/a><\/p>\n<p class=\" wall-content\">\u00ab\u00a0C\u2019\u00e9tait une tr\u00e8s grosse op\u00e9ration, et une fiert\u00e9 d\u2019avoir termin\u00e9 ces travaux au bout de trois mois. <strong>Nous sommes pr\u00eats\u00a0\u00bb,<\/strong> s\u2019est f\u00e9licit\u00e9 Pierrick Poirier.<\/p>\n<p>Votre r\u00e9gion, votre actu !<\/p>\n<p>Recevez chaque jour les infos qui comptent pour vous.<\/p>\n<p>\t<a href=\"https:\/\/actu.fr\/newsletter\" class=\"ac-btn ac-btn--corner ac-btn--medium ac-btn--blue800\" rel=\"nofollow noopener\" target=\"_blank\">S&rsquo;incrire<\/a><\/p>\n<p class=\" wall-content\">\u00ab\u00a0Pari gagn\u00e9\u00a0\u00bb, a ajout\u00e9 B\u00e9atrice de Fran\u00e7ois, vice-pr\u00e9sidente de Bordeaux m\u00e9tropole en charge des transports en commun. Tout semble donc bien parti pour <strong>l\u2019arriv\u00e9e des lignes E et F<\/strong> le 6 d\u00e9cembre prochain. Mais d\u2019ici l\u00e0, les conducteurs pourront se familiariser avec la nouvelle signalisation et les aiguillages. Et, surtout, les usagers vont d\u00e9j\u00e0 \u00eatre bien contents de <strong>retrouver l\u2019usage de leurs lignes A, C et D<\/strong> d\u00e8s ce lundi 1er septembre.<\/p>\n<p class=\" wall-content\">Personnalisez votre actualit\u00e9 en ajoutant vos villes et m\u00e9dias en favori avec <a href=\"https:\/\/moncompte.actu.fr\" title=\"D\u00e9couvez Mon Actu\" rel=\"nofollow noopener\" data-trk=\"{&quot;cta&quot;:{&quot;action&quot;:&quot;https:\\\/\\\/moncompte.actu.fr&quot;,&quot;category&quot;:&quot;mon compte&quot;,&quot;from&quot;:&quot;article footer&quot;,&quot;name&quot;:&quot;Mon actu&quot;,&quot;type&quot;:&quot;cta&quot;}}\" target=\"_blank\">Mon Actu<\/a>.<\/p>\n<p>                    <script async src=\"\/\/www.instagram.com\/embed.js\"><\/script><\/p>\n","protected":false},"excerpt":{"rendered":"Par Juliette Cardinale Publi\u00e9 le 28 ao\u00fbt 2025 \u00e0 18h16 Ce mercredi 27 ao\u00fbt 2025, peu apr\u00e8s 21h30,&hellip;\n","protected":false},"author":2,"featured_media":350494,"comment_status":"","ping_status":"","sticky":false,"template":"","format":"standard","meta":{"footnotes":""},"categories":[2817],"tags":[1111,11,1997,1777,674,1011,27,12,2219,25,104,7952,2803],"class_list":{"0":"post-350493","1":"post","2":"type-post","3":"status-publish","4":"format-standard","5":"has-post-thumbnail","7":"category-bordeaux","8":"tag-actu","9":"tag-actualites","10":"tag-bordeaux","11":"tag-eu","12":"tag-europe","13":"tag-fr","14":"tag-france","15":"tag-news","16":"tag-nouvelle-aquitaine","17":"tag-republique-francaise","18":"tag-societe","19":"tag-tbm","20":"tag-transport"},"share_on_mastodon":{"url":"https:\/\/pubeurope.com\/@fr\/115107897319731334","error":""},"_links":{"self":[{"href":"https:\/\/www.europesays.com\/fr\/wp-json\/wp\/v2\/posts\/350493","targetHints":{"allow":["GET"]}}],"collection":[{"href":"https:\/\/www.europesays.com\/fr\/wp-json\/wp\/v2\/posts"}],"about":[{"href":"https:\/\/www.europesays.com\/fr\/wp-json\/wp\/v2\/types\/post"}],"author":[{"embeddable":true,"href":"https:\/\/www.europesays.com\/fr\/wp-json\/wp\/v2\/users\/2"}],"replies":[{"embeddable":true,"href":"https:\/\/www.europesays.com\/fr\/wp-json\/wp\/v2\/comments?post=350493"}],"version-history":[{"count":0,"href":"https:\/\/www.europesays.com\/fr\/wp-json\/wp\/v2\/posts\/350493\/revisions"}],"wp:featuredmedia":[{"embeddable":true,"href":"https:\/\/www.europesays.com\/fr\/wp-json\/wp\/v2\/media\/350494"}],"wp:attachment":[{"href":"https:\/\/www.europesays.com\/fr\/wp-json\/wp\/v2\/media?parent=350493"}],"wp:term":[{"taxonomy":"category","embeddable":true,"href":"https:\/\/www.europesays.com\/fr\/wp-json\/wp\/v2\/categories?post=350493"},{"taxonomy":"post_tag","embeddable":true,"href":"https:\/\/www.europesays.com\/fr\/wp-json\/wp\/v2\/tags?post=350493"}],"curies":[{"name":"wp","href":"https:\/\/api.w.org\/{rel}","templated":true}]}}