{"id":350501,"date":"2025-08-28T18:54:31","date_gmt":"2025-08-28T18:54:31","guid":{"rendered":"https:\/\/www.europesays.com\/fr\/350501\/"},"modified":"2025-08-28T18:54:31","modified_gmt":"2025-08-28T18:54:31","slug":"3e-edition-du-forum-du-handicap","status":"publish","type":"post","link":"https:\/\/www.europesays.com\/fr\/350501\/","title":{"rendered":"3e \u00e9dition du Forum du Handicap"},"content":{"rendered":"<p>Pendant deux jours, le forum proposera un programme riche et accessible \u00e0 tous, avec des conf\u00e9rences th\u00e9matiques, des ateliers participatifs, des stands d\u2019information et un d\u00e9fil\u00e9 de mode inclusif, temps fort de l\u2019\u00e9v\u00e9nement qui mettra en lumi\u00e8re la diversit\u00e9 des corps et des talents.<\/p>\n<p>Le Forum du Handicap est une belle occasion de valoriser les initiatives locales, de favoriser les rencontres et de sensibiliser le grand public aux enjeux de l\u2019inclusion.<\/p>\n","protected":false},"excerpt":{"rendered":"Pendant deux jours, le forum proposera un programme riche et accessible \u00e0 tous, avec des conf\u00e9rences th\u00e9matiques, des&hellip;\n","protected":false},"author":2,"featured_media":350502,"comment_status":"","ping_status":"","sticky":false,"template":"","format":"standard","meta":{"footnotes":""},"categories":[2815],"tags":[1111,11,1777,674,1011,27,1943,811,1307,12,25],"class_list":{"0":"post-350501","1":"post","2":"type-post","3":"status-publish","4":"format-standard","5":"has-post-thumbnail","7":"category-lille","8":"tag-actu","9":"tag-actualites","10":"tag-eu","11":"tag-europe","12":"tag-fr","13":"tag-france","14":"tag-handicap","15":"tag-hauts-de-france","16":"tag-lille","17":"tag-news","18":"tag-republique-francaise"},"share_on_mastodon":{"url":"https:\/\/pubeurope.com\/@fr\/115107913102178303","error":""},"_links":{"self":[{"href":"https:\/\/www.europesays.com\/fr\/wp-json\/wp\/v2\/posts\/350501","targetHints":{"allow":["GET"]}}],"collection":[{"href":"https:\/\/www.europesays.com\/fr\/wp-json\/wp\/v2\/posts"}],"about":[{"href":"https:\/\/www.europesays.com\/fr\/wp-json\/wp\/v2\/types\/post"}],"author":[{"embeddable":true,"href":"https:\/\/www.europesays.com\/fr\/wp-json\/wp\/v2\/users\/2"}],"replies":[{"embeddable":true,"href":"https:\/\/www.europesays.com\/fr\/wp-json\/wp\/v2\/comments?post=350501"}],"version-history":[{"count":0,"href":"https:\/\/www.europesays.com\/fr\/wp-json\/wp\/v2\/posts\/350501\/revisions"}],"wp:featuredmedia":[{"embeddable":true,"href":"https:\/\/www.europesays.com\/fr\/wp-json\/wp\/v2\/media\/350502"}],"wp:attachment":[{"href":"https:\/\/www.europesays.com\/fr\/wp-json\/wp\/v2\/media?parent=350501"}],"wp:term":[{"taxonomy":"category","embeddable":true,"href":"https:\/\/www.europesays.com\/fr\/wp-json\/wp\/v2\/categories?post=350501"},{"taxonomy":"post_tag","embeddable":true,"href":"https:\/\/www.europesays.com\/fr\/wp-json\/wp\/v2\/tags?post=350501"}],"curies":[{"name":"wp","href":"https:\/\/api.w.org\/{rel}","templated":true}]}}