{"id":350503,"date":"2025-08-28T18:55:35","date_gmt":"2025-08-28T18:55:35","guid":{"rendered":"https:\/\/www.europesays.com\/fr\/350503\/"},"modified":"2025-08-28T18:55:35","modified_gmt":"2025-08-28T18:55:35","slug":"olivier-giroud-au-moustoir-les-ultras-de-retour-des-animations-a-gogo-le-programme-du-match-fc-lorient-lille-ce-samedi","status":"publish","type":"post","link":"https:\/\/www.europesays.com\/fr\/350503\/","title":{"rendered":"Olivier Giroud au\u00a0Moustoir, les Ultras de retour, des animations \u00e0 gogo\u2026 Le programme du match FC Lorient-Lille, ce samedi"},"content":{"rendered":"<p>1 Il reste des places\u00a0!<\/p>\n<p>Ce samedi 30 ao\u00fbt 2025, c\u2019est jour de match \u00e0 Lorient\u00a0! 16\u00a0000 supporters vont remplir les gradins du Moustoir pour assister \u00e0 la rencontre entre le FC Lorient et Lille. Le coup d\u2019envoi sera donn\u00e9 \u00e0 17 h. 15 000 billets ont d\u00e9j\u00e0 \u00e9t\u00e9 vendus, 1\u00a0000 sont toujours sur le march\u00e9. Ce match se jouera donc \u00e0 guichets ferm\u00e9s. Si vous vouliez vous asseoir en tribune Lorient Agglom\u00e9ration ou B&amp;B H\u00f4tels, c\u2019est d\u00e9sormais impossible. Il faudra opter pour les tribunes Jean-Floc\u2019h ou Cr\u00e9dit Mutuel de Bretagne. Comptez 28 \u20ac pour un adulte et 18 \u20ac pour les mineurs.<\/p>\n<p>2 La \u00ab\u00a0Giroud mania\u00a0\u00bb au Moustoir<\/p>\n<p>Op\u00e9ration s\u00e9duction des Lillois accomplie avec le joueur Olivier Giroud, qui a lev\u00e9 le doute face \u00e0 l\u2019AS Monaco le 24 ao\u00fbt, lors de la deuxi\u00e8me journ\u00e9e de Ligue 1. L\u2019ex-international fran\u00e7ais a offert la victoire aux \u00ab\u00a0Dogues\u00a0\u00bb (le surnom du club nordiste) en inscrivant un but dans le temps additionnel. Un 350e but \u00e0 son compteur professionnel qui a permis au LOSC d\u2019afficher sa premi\u00e8re victoire de la saison 2025-2026, <a href=\"https:\/\/www.letelegramme.fr\/sports\/football\/stade-brestois\/brest-lille-le-resume-dun-match-nul-completement-fou-marque-par-la-premiere-polemique-de-la-saison-6872558.php\" target=\"_blank\" rel=\"nofollow noopener\">apr\u00e8s que Lille et Brest se sont quitt\u00e9s sur un match nul (3-3),<\/a> dimanche 17 ao\u00fbt. Tous les regards seront pos\u00e9s sur le champion du monde, sacr\u00e9 en 2018, ce samedi 30 ao\u00fbt, face \u00e0 nos Merlus. \u00ab\u00a0C\u2019est une attraction dans ce match\u00a0\u00bb, commente le directeur du d\u00e9veloppement du FCL, Emmanuel Robert. M\u00eame si \u00ab\u00a0l\u2019affluence attendue \u00e9tait (d\u00e9j\u00e0) tr\u00e8s importante\u00a0\u00bb\u00a0!<\/p>\n<p>3 Quelles animations\u00a0?<\/p>\n<p>C\u00f4t\u00e9 animations, le responsable \u00e9v\u00e9nementiel, Samuel Lothor\u00e9, pr\u00e9voit \u00ab\u00a0un classique\u00a0\u00bb. \u00c7a d\u00e9butera, d\u00e8s 15\u00a0h, par l\u2019ouverture de la fan zone. Au programme\u00a0: animations gonflables, des quiz, de la musique\u2026 Et la traditionnelle arriv\u00e9e des joueurs, planifi\u00e9e \u00e0 15\u00a0h\u00a020 sur le parvis du stade. Dix minutes plus tard, c\u2019est l\u2019ouverture des portes. \u00c0 l\u2019int\u00e9rieur, les footeux retrouveront la restauration et d\u2019autres animations dans les coursives. Puis, place au show d\u2019avant match. L\u2019hymne breton et du FCL r\u00e9sonneront haut et fort avant le coup d\u2019envoi, \u00e0 17\u00a0h. D\u00e9faite ou triomphe, un \u00ab\u00a0after\u00a0\u00bb se tiendra juste apr\u00e8s le match, avec du baby-foot et l\u2019interview d\u2019un joueur.<\/p>\n<p>4 Le grand retour des Ultras<\/p>\n<p>\u00ab\u00a0La barre symbolique des 10\u00a0000 abonn\u00e9s est d\u00e9pass\u00e9e\u00a0\u00bb, annonce le club. Sa campagne d\u2019abonnement se termine ce dimanche, \u00e0 23\u00a0h\u00a059. Les places restantes se situent dans la tribune B&amp;B H\u00f4tels, \u00e0 partir de 289 \u20ac pour les adultes et 149 \u20ac pour les moins de 26 ans. Le FCL en a profit\u00e9 pour pr\u00e9senter des offres sous formes de \u00ab\u00a0packs\u00a0\u00bb en vue des prochains matchs, <a href=\"https:\/\/billetterie.fclorient.bzh\/fr\/packs\" target=\"_blank\" rel=\"nofollow noopener\">consultables en ligne.<\/a><\/p>\n","protected":false},"excerpt":{"rendered":"1 Il reste des places\u00a0! Ce samedi 30 ao\u00fbt 2025, c\u2019est jour de match \u00e0 Lorient\u00a0! 16\u00a0000 supporters&hellip;\n","protected":false},"author":2,"featured_media":350504,"comment_status":"","ping_status":"","sticky":false,"template":"","format":"standard","meta":{"footnotes":""},"categories":[2815],"tags":[1111,11,1777,674,3317,63,1011,27,811,1307,12,25,60],"class_list":{"0":"post-350503","1":"post","2":"type-post","3":"status-publish","4":"format-standard","5":"has-post-thumbnail","7":"category-lille","8":"tag-actu","9":"tag-actualites","10":"tag-eu","11":"tag-europe","12":"tag-fc-lorient","13":"tag-football","14":"tag-fr","15":"tag-france","16":"tag-hauts-de-france","17":"tag-lille","18":"tag-news","19":"tag-republique-francaise","20":"tag-sports"},"share_on_mastodon":{"url":"https:\/\/pubeurope.com\/@fr\/115107916998015984","error":""},"_links":{"self":[{"href":"https:\/\/www.europesays.com\/fr\/wp-json\/wp\/v2\/posts\/350503","targetHints":{"allow":["GET"]}}],"collection":[{"href":"https:\/\/www.europesays.com\/fr\/wp-json\/wp\/v2\/posts"}],"about":[{"href":"https:\/\/www.europesays.com\/fr\/wp-json\/wp\/v2\/types\/post"}],"author":[{"embeddable":true,"href":"https:\/\/www.europesays.com\/fr\/wp-json\/wp\/v2\/users\/2"}],"replies":[{"embeddable":true,"href":"https:\/\/www.europesays.com\/fr\/wp-json\/wp\/v2\/comments?post=350503"}],"version-history":[{"count":0,"href":"https:\/\/www.europesays.com\/fr\/wp-json\/wp\/v2\/posts\/350503\/revisions"}],"wp:featuredmedia":[{"embeddable":true,"href":"https:\/\/www.europesays.com\/fr\/wp-json\/wp\/v2\/media\/350504"}],"wp:attachment":[{"href":"https:\/\/www.europesays.com\/fr\/wp-json\/wp\/v2\/media?parent=350503"}],"wp:term":[{"taxonomy":"category","embeddable":true,"href":"https:\/\/www.europesays.com\/fr\/wp-json\/wp\/v2\/categories?post=350503"},{"taxonomy":"post_tag","embeddable":true,"href":"https:\/\/www.europesays.com\/fr\/wp-json\/wp\/v2\/tags?post=350503"}],"curies":[{"name":"wp","href":"https:\/\/api.w.org\/{rel}","templated":true}]}}