{"id":350509,"date":"2025-08-28T19:03:06","date_gmt":"2025-08-28T19:03:06","guid":{"rendered":"https:\/\/www.europesays.com\/fr\/350509\/"},"modified":"2025-08-28T19:03:06","modified_gmt":"2025-08-28T19:03:06","slug":"sido-et-lyon-cyber-expo-2025-deux-jours-pour-decrypter-les-technologies-davenir","status":"publish","type":"post","link":"https:\/\/www.europesays.com\/fr\/350509\/","title":{"rendered":"SIDO et Lyon Cyber Expo 2025 : deux jours pour d\u00e9crypter les technologies d\u2019avenir"},"content":{"rendered":"<p>                                                        <img loading=\"lazy\" decoding=\"async\" width=\"700\" height=\"466\" src=\"data:image\/svg+xml,%3Csvg%20xmlns=\" http:=\"\" class=\"thumb img-responsive m-x-auto block w-full\" alt=\"lyon entreprises sido\" caption=\"\" data-lazy-src=\"https:\/\/www.europesays.com\/fr\/wp-content\/uploads\/2025\/08\/lyon-entreprises-sido-1.jpg\"\/><\/p>\n<p class=\"ez-toc-title ez-toc-toggle\" style=\"cursor: pointer\">Sommaire &amp; acc\u00e8s rapide<\/p>\n<p><a href=\"#\" class=\"ez-toc-pull-right ez-toc-btn ez-toc-btn-xs ez-toc-btn-default ez-toc-toggle\" aria-label=\"Toggle Table of Content\">Toggle<\/a><\/p>\n<p><strong>Les 17 et 18 septembre 2025, la Cit\u00e9 Internationale de Lyon accueillera deux \u00e9v\u00e9nements majeurs de l\u2019\u00e9cosyst\u00e8me num\u00e9rique : la 11\u1d49 \u00e9dition du SIDO et la 2\u1d49 \u00e9dition de Lyon Cyber Expo. Pr\u00e8s de 200 experts et 380 exposants y d\u00e9battront des enjeux li\u00e9s \u00e0 l\u2019IA, l\u2019IoT, la robotique, la cybers\u00e9curit\u00e9 et aux d\u00e9fis de souverainet\u00e9 num\u00e9rique.<\/strong><\/p>\n<p>Un programme dense pour les d\u00e9cideurs<\/p>\n<p>R\u00e9serv\u00e9s aux professionnels, SIDO et Lyon Cyber Expo proposent 62 conf\u00e9rences en deux jours. Les th\u00e9matiques couvrent la transformation num\u00e9rique, la r\u00e9silience organisationnelle, l\u2019efficacit\u00e9 environnementale et l\u2019\u00e9volution des cadres r\u00e9glementaires. Quatre grandes pl\u00e9ni\u00e8res prospectives marqueront l\u2019\u00e9v\u00e9nement :<\/p>\n<ul>\n<li><strong>17 septembre :<\/strong> G\u00e9opolitique de la tech (10h30-11h45) ; Quantique et intelligence artificielle (14h00-15h15)<\/li>\n<li><strong>18 septembre :<\/strong> Cybers\u00e9curit\u00e9 europ\u00e9enne et souverainet\u00e9 (10h30-11h45) ; Industrialisation de l\u2019espace (15h00-16h00)<\/li>\n<\/ul>\n<p>Ces d\u00e9bats r\u00e9uniront chercheurs, industriels, repr\u00e9sentants institutionnels et acteurs \u00e9conomiques pour confronter leurs visions sur des enjeux technologiques strat\u00e9giques.<\/p>\n<p>SIDO Talks : l\u2019IA au c\u0153ur des retours d\u2019exp\u00e9rience<\/p>\n<p>La 2\u1d49 \u00e9dition des SIDO Talks offrira des t\u00e9moignages concrets d\u2019industriels sur l\u2019impl\u00e9mentation de projets technologiques. Parmi les intervenants figurent :<\/p>\n<ul>\n<li><strong>La Poste<\/strong>\u00a0\u2013 17 septembre \u00e0 13h00<\/li>\n<li><strong>Nicomatic<\/strong>\u00a0\u2013 18 septembre \u00e0 12h00<\/li>\n<li><strong>Relyens<\/strong>\u00a0\u2013 18 septembre \u00e0 14h00<\/li>\n<\/ul>\n<p>Ces sessions permettront aux visiteurs de s\u2019inspirer d\u2019exp\u00e9riences concr\u00e8tes, de mesurer les impacts en termes de retour sur investissement et d\u2019\u00e9changer directement avec les acteurs impliqu\u00e9s.<\/p>\n<p>Robotique, sobri\u00e9t\u00e9 num\u00e9rique et smart cities<\/p>\n<p>Le parcours Innorobo, le 17 septembre, mettra en avant les innovations en robotique appliqu\u00e9es \u00e0 la sant\u00e9, la logistique, le b\u00e2timent ou la mobilit\u00e9. Le 18 septembre, un cycle sera d\u00e9di\u00e9 \u00e0 la sobri\u00e9t\u00e9 num\u00e9rique et aux usages responsables de la technologie, en lien avec l\u2019\u00e9conomie circulaire et les smart cities.<\/p>\n<p>Lyon Cyber Expo : la cybers\u00e9curit\u00e9 en premi\u00e8re ligne<\/p>\n<p>Avec 80 experts mobilis\u00e9s, Lyon Cyber Expo double sa surface en 2025 et propose 25 sessions et ateliers. Les th\u00e8mes incluent : panorama des cybermenaces, conformit\u00e9 r\u00e9glementaire (CRA, NIS2, DORA), s\u00e9curit\u00e9 des donn\u00e9es \u00e0 l\u2019\u00e8re de l\u2019IA, cryptographie post-quantique et gestion des acc\u00e8s aux syst\u00e8mes industriels. L\u2019\u00e9v\u00e9nement vise \u00e0 fournir des solutions op\u00e9rationnelles aux TPE, PME, collectivit\u00e9s et grands groupes.<\/p>\n<p>Un rendez-vous incontournable pour les fili\u00e8res technologiques<\/p>\n<p>Avec pr\u00e8s de 380 exposants et un panel d\u2019intervenants de haut niveau (STMicroelectronics, Microsoft Security, Thales, Orange Cyberd\u00e9fense, AWS, Renault, SNCF, Hospices Civils de Lyon, Nvidia\u2026), SIDO et Lyon Cyber Expo s\u2019imposent comme un carrefour europ\u00e9en de la tech appliqu\u00e9e aux entreprises et aux territoires.<\/p>\n<p>L\u2019\u00e9v\u00e9nement est gratuit et r\u00e9serv\u00e9 aux professionnels, sur inscription en ligne. Il illustre le r\u00f4le croissant de Lyon comme capitale r\u00e9gionale et nationale des technologies de pointe et de la cybers\u00e9curit\u00e9.<\/p>\n","protected":false},"excerpt":{"rendered":"Sommaire &amp; acc\u00e8s rapide Toggle Les 17 et 18 septembre 2025, la Cit\u00e9 Internationale de Lyon accueillera deux&hellip;\n","protected":false},"author":2,"featured_media":350511,"comment_status":"","ping_status":"","sticky":false,"template":"","format":"standard","meta":{"footnotes":""},"categories":[1889],"tags":[1111,11,2430,1777,674,1011,27,2428,12,25],"class_list":{"0":"post-350509","1":"post","2":"type-post","3":"status-publish","4":"format-standard","5":"has-post-thumbnail","7":"category-lyon","8":"tag-actu","9":"tag-actualites","10":"tag-auvergne-rhone-alpes","11":"tag-eu","12":"tag-europe","13":"tag-fr","14":"tag-france","15":"tag-lyon","16":"tag-news","17":"tag-republique-francaise"},"share_on_mastodon":{"url":"","error":""},"_links":{"self":[{"href":"https:\/\/www.europesays.com\/fr\/wp-json\/wp\/v2\/posts\/350509","targetHints":{"allow":["GET"]}}],"collection":[{"href":"https:\/\/www.europesays.com\/fr\/wp-json\/wp\/v2\/posts"}],"about":[{"href":"https:\/\/www.europesays.com\/fr\/wp-json\/wp\/v2\/types\/post"}],"author":[{"embeddable":true,"href":"https:\/\/www.europesays.com\/fr\/wp-json\/wp\/v2\/users\/2"}],"replies":[{"embeddable":true,"href":"https:\/\/www.europesays.com\/fr\/wp-json\/wp\/v2\/comments?post=350509"}],"version-history":[{"count":0,"href":"https:\/\/www.europesays.com\/fr\/wp-json\/wp\/v2\/posts\/350509\/revisions"}],"wp:featuredmedia":[{"embeddable":true,"href":"https:\/\/www.europesays.com\/fr\/wp-json\/wp\/v2\/media\/350511"}],"wp:attachment":[{"href":"https:\/\/www.europesays.com\/fr\/wp-json\/wp\/v2\/media?parent=350509"}],"wp:term":[{"taxonomy":"category","embeddable":true,"href":"https:\/\/www.europesays.com\/fr\/wp-json\/wp\/v2\/categories?post=350509"},{"taxonomy":"post_tag","embeddable":true,"href":"https:\/\/www.europesays.com\/fr\/wp-json\/wp\/v2\/tags?post=350509"}],"curies":[{"name":"wp","href":"https:\/\/api.w.org\/{rel}","templated":true}]}}