{"id":350521,"date":"2025-08-28T19:09:13","date_gmt":"2025-08-28T19:09:13","guid":{"rendered":"https:\/\/www.europesays.com\/fr\/350521\/"},"modified":"2025-08-28T19:09:13","modified_gmt":"2025-08-28T19:09:13","slug":"lr-intronise-dati-pour-les-municipales-et-sauve-barnier-dun-duel-fratricide-a-la-legislative-lexpress","status":"publish","type":"post","link":"https:\/\/www.europesays.com\/fr\/350521\/","title":{"rendered":"LR intronise Dati pour les municipales et sauve Barnier d&rsquo;un duel fratricide \u00e0 la l\u00e9gislative \u2013 L&rsquo;Express"},"content":{"rendered":"<p class=\"paragraph article-body-paragraph article__item   article-body-paragraph--first \">A l&rsquo;unanimit\u00e9, les R\u00e9publicains ont investi Rachida Dati pour les municipales \u00e0 Paris de mars 2026 et celle-ci apportera son soutien \u00e0 Michel Barnier pour l&rsquo;\u00e9lection l\u00e9gislative partielle dans la 2e circonscription de Paris, a \u00e9crit le parti dans un communiqu\u00e9.<\/p>\n<p class=\"paragraph article-body-paragraph article__item   \">La maire LR du 7e arrondissement n&rsquo;avait pas appr\u00e9ci\u00e9 l&rsquo;annonce de la candidature de Michel Barnier au scrutin dans la 2e circonscription de Paris, un bastion de la droite menac\u00e9 l&rsquo;an dernier par une candidate du PS, et avait dans un premier temps annonc\u00e9 maintenir une candidature dissidente.<\/p>\n<p class=\"paragraph article-body-paragraph article__item   \">Le s\u00e9nateur Francis Szpiner, qui briguait \u00e9galement l&rsquo;investiture pour les municipales, a retir\u00e9 sa candidature, a indiqu\u00e9 la porte-parole de LR, Agn\u00e8s Evren.<\/p>\n<p class=\"paragraph article-body-paragraph article__item   \">La raison l&rsquo;a emport\u00e9 pour un accord gagnant-gagnant, a-t-elle estim\u00e9 aupr\u00e8s de l&rsquo;AFP.<\/p>\n<p class=\"paragraph article-body-paragraph article__item   \">Michel Barnier, ex-Premier ministre d&rsquo;Emmanuel Macron, renvers\u00e9 par une motion de censure de l&rsquo;Assembl\u00e9e nationale en d\u00e9cembre 2024, devient donc le candidat unique de la droite au si\u00e8ge de d\u00e9put\u00e9 dans cette circonscription \u00e0 cheval sur les 5e, 6e et 7e arrondissements.<\/p>\n<p class=\"paragraph article-body-paragraph article__item   \">Jean Laussucq, ancien collaborateur de Mme Dati y avait initialement remport\u00e9 le scrutin en juillet 2024, et si\u00e9geait au sein du groupe Renaissance, avant de voir son \u00e9lection invalid\u00e9e par le Conseil constitutionnel le 11 juillet 2025 pour irr\u00e9gularit\u00e9s dans ses comptes de campagne.<\/p>\n<p class=\"paragraph article-body-paragraph article__item   \">Dans la foul\u00e9e, Michel Barnier a annonc\u00e9 que sa suppl\u00e9ante serait Florence Berthout, maire (Horizons) du 5e arrondissement, particuli\u00e8rement crucial dans cette \u00e9lection.<\/p>\n<p><img decoding=\"async\" src=\"https:\/\/www.europesays.com\/fr\/wp-content\/uploads\/2025\/08\/1756408152_80_5SOYTUTJRJHZXFTRDJA3PPRHQY.jpg\" class=\"image-with-legend__cover-img\" alt=\"Fr\u00e9d\u00e9rique Bredin, pr\u00e9sidente du CNC le 29 octobre 2013\" width=\"883\" height=\"0\" loading=\"lazy\"\/><\/p>\n<p class=\"image-with-legend__legend\">Fr\u00e9d\u00e9rique Bredin, pr\u00e9sidente du CNC le 29 octobre 2013<\/p>\n<p class=\"image-with-legend__credits\"> \u00a9  \/ afp.com\/DANIEL MIHAILESCU<\/p>\n<p class=\"paragraph article-body-paragraph article__item   \">Outre Michel Barnier, deux autres personnalit\u00e9s sont en lice \u00e0 ce jour pour tenter de remporter cette l\u00e9gislative partielle: le RN Thierry Mariani et la socialiste Fr\u00e9d\u00e9rique Bredin, investie par le PS et soutenue par les Ecologistes.<\/p>\n<p class=\"paragraph article-body-paragraph article__item   \">Le scrutin est pr\u00e9vu les 21 et 28 septembre, mais la candidate de gauche a \u00e9crit le 18 ao\u00fbt au Premier ministre Fran\u00e7ois Bayrou pour lui demander un report du scrutin \u00e0 d\u00e9but octobre, en \u00e9voquant notamment des d\u00e9lais trop serr\u00e9s.<\/p>\n<p> Agenda judiciaire <\/p>\n<p class=\"paragraph article-body-paragraph article__item   \">De son c\u00f4t\u00e9, Rachida Dati va donc se focaliser sur le scrutin municipal de 2026 lors duquel elle devrait notamment affronter l&rsquo;ex-premier adjoint d&rsquo;Anne Hidalgo, Emmanuel Gr\u00e9goire, d\u00e9sign\u00e9 par le PS en juin dernier.<\/p>\n<p class=\"paragraph article-body-paragraph article__item   \">Ce soir, la conqu\u00eate de Paris a commenc\u00e9. Je remercie Les R\u00e9publicains qui m&rsquo;ont accord\u00e9 leur investiture \u00e0 l&rsquo;unanimit\u00e9. A Paris, j\u2019\u0153uvrerai au rassemblement de toutes les forces d\u2019alternance et j&rsquo;appelle tous les Parisiens \u00e0 me rejoindre. Ensemble, nous allons gagner!, a r\u00e9agi Mme Dati sur X.<\/p>\n<p><img decoding=\"async\" src=\"https:\/\/www.europesays.com\/fr\/wp-content\/uploads\/2025\/08\/1756408153_168_3ICB3757Y5DFFCFYBNSON6MZQY.jpg\" class=\"image-with-legend__cover-img\" alt=\"La ministre de la Culture, Rachida Dati, quitte l'\u00c9lys\u00e9e \u00e0 Paris, le 30 juillet 2025\" width=\"883\" height=\"0\" loading=\"lazy\"\/><\/p>\n<p class=\"image-with-legend__legend\">La ministre de la Culture, Rachida Dati, quitte l&rsquo;\u00c9lys\u00e9e \u00e0 Paris, le 30 juillet 2025<\/p>\n<p class=\"image-with-legend__credits\"> \u00a9  \/ afp.com\/Thomas SAMSON<\/p>\n<p class=\"paragraph article-body-paragraph article__item   \">Exclue des R\u00e9publicains en 2024 apr\u00e8s avoir \u00e9t\u00e9 recrut\u00e9e en janvier 2024 par la macronie pour entrer dans le gouvernement de Gabriel Attal comme ministre de la Culture, Rachida Dati a repris sa carte chez LR.<\/p>\n<p class=\"paragraph article-body-paragraph article__item   \">A ce calendrier \u00e9lectoral, Mme Dati, 59 ans, doit faire correspondre son agenda judiciaire: elle a \u00e9t\u00e9 renvoy\u00e9e le 22 juillet en proc\u00e8s pour corruption et trafic d&rsquo;influence, soup\u00e7onn\u00e9e d&rsquo;avoir per\u00e7u 900.000 euros entre 2010 et 2012 pour des prestations de conseil avec une filiale de l&rsquo;alliance Renault-Nissan mais sans avoir r\u00e9ellement travaill\u00e9, alors qu&rsquo;elle \u00e9tait avocate et d\u00e9put\u00e9e europ\u00e9enne. Elle a fait appel de la d\u00e9cision.<\/p>\n<p class=\"paragraph article-body-paragraph article__item   \">La date pr\u00e9cise du proc\u00e8s devrait \u00eatre fix\u00e9e lors d&rsquo;une premi\u00e8re audience pr\u00e9vue le 29 septembre.<\/p>\n<p class=\"paragraph article-body-paragraph article__item    article__text__endpicto\">Le Conseil constitutionnel a valid\u00e9 d\u00e9but ao\u00fbt un nouveau mode de scrutin pour les \u00e9lections municipales \u00e0 Paris, Lyon et Marseille, dont les conseillers des mairies centrales seront d\u00e9sormais \u00e9lus directement, en plus des repr\u00e9sentants d&rsquo;arrondissements et de secteurs.<\/p>\n","protected":false},"excerpt":{"rendered":"A l&rsquo;unanimit\u00e9, les R\u00e9publicains ont investi Rachida Dati pour les municipales \u00e0 Paris de mars 2026 et celle-ci&hellip;\n","protected":false},"author":2,"featured_media":350522,"comment_status":"","ping_status":"","sticky":false,"template":"","format":"standard","meta":{"footnotes":""},"categories":[1888],"tags":[11,1777,674,1011,27,12,626,25,104],"class_list":{"0":"post-350521","1":"post","2":"type-post","3":"status-publish","4":"format-standard","5":"has-post-thumbnail","7":"category-paris","8":"tag-actualites","9":"tag-eu","10":"tag-europe","11":"tag-fr","12":"tag-france","13":"tag-news","14":"tag-paris","15":"tag-republique-francaise","16":"tag-societe"},"share_on_mastodon":{"url":"https:\/\/pubeurope.com\/@fr\/115107972372190348","error":""},"_links":{"self":[{"href":"https:\/\/www.europesays.com\/fr\/wp-json\/wp\/v2\/posts\/350521","targetHints":{"allow":["GET"]}}],"collection":[{"href":"https:\/\/www.europesays.com\/fr\/wp-json\/wp\/v2\/posts"}],"about":[{"href":"https:\/\/www.europesays.com\/fr\/wp-json\/wp\/v2\/types\/post"}],"author":[{"embeddable":true,"href":"https:\/\/www.europesays.com\/fr\/wp-json\/wp\/v2\/users\/2"}],"replies":[{"embeddable":true,"href":"https:\/\/www.europesays.com\/fr\/wp-json\/wp\/v2\/comments?post=350521"}],"version-history":[{"count":0,"href":"https:\/\/www.europesays.com\/fr\/wp-json\/wp\/v2\/posts\/350521\/revisions"}],"wp:featuredmedia":[{"embeddable":true,"href":"https:\/\/www.europesays.com\/fr\/wp-json\/wp\/v2\/media\/350522"}],"wp:attachment":[{"href":"https:\/\/www.europesays.com\/fr\/wp-json\/wp\/v2\/media?parent=350521"}],"wp:term":[{"taxonomy":"category","embeddable":true,"href":"https:\/\/www.europesays.com\/fr\/wp-json\/wp\/v2\/categories?post=350521"},{"taxonomy":"post_tag","embeddable":true,"href":"https:\/\/www.europesays.com\/fr\/wp-json\/wp\/v2\/tags?post=350521"}],"curies":[{"name":"wp","href":"https:\/\/api.w.org\/{rel}","templated":true}]}}