{"id":350525,"date":"2025-08-28T19:11:12","date_gmt":"2025-08-28T19:11:12","guid":{"rendered":"https:\/\/www.europesays.com\/fr\/350525\/"},"modified":"2025-08-28T19:11:12","modified_gmt":"2025-08-28T19:11:12","slug":"un-soldat-ukrainien-ayant-eu-la-gorge-tranchee-survit-et-rampe-pendant-cinq-jours-pour-rejoindre-son-territoire","status":"publish","type":"post","link":"https:\/\/www.europesays.com\/fr\/350525\/","title":{"rendered":"Un soldat ukrainien, ayant eu la gorge tranch\u00e9e, survit et rampe pendant cinq jours pour rejoindre son territoire"},"content":{"rendered":"<p>Apr\u00e8s avoir \u00e9t\u00e9 captur\u00e9 par les Russes dans la r\u00e9gion de Donetsk, Vladyslav a \u00e9t\u00e9 jet\u00e9 dans un foss\u00e9, les mains li\u00e9es, son corps recouvert d\u2019ordures.<\/p>\n<p class=\"fig-paragraph\">Si depuis trois ans et demi, les soldats ukrainiens ont d\u00e9montr\u00e9 une importante capacit\u00e9 de\u00a0<a href=\"http:\/\/www.lefigaro.fr\/international\/ukraine-kiev-affirme-avoir-identifie-son-soldat-dont-l-execution-a-ete-filmee-dans-une-video-virale-20230307\" data-fig-type=\"NewsFlash\" data-gtm-custom-categorie=\"navigation\" data-gtm-custom-action=\"crossclick\" data-gtm-custom-label=\"Contextuel\" data-gtm-event=\"customEventSPE\" data-fig-domain=\"LEFIGARO\" rel=\"nofollow noopener\" target=\"_blank\">r\u00e9sistance<\/a>\u00a0sur le front, l\u2019histoire particuli\u00e8re d\u2019un homme vient en apporter une nouvelle preuve. Vladyslav, soldat de la Garde nationale ukrainienne, captur\u00e9 pr\u00e8s de\u00a0<a href=\"http:\/\/www.lefigaro.fr\/international\/guerre-en-ukraine-les-russes-percent-les-nouvelles-lignes-ukrainiennes-au-nord-de-pokrovsk-20250812\" data-fig-type=\"NewsFlash\" data-gtm-custom-categorie=\"navigation\" data-gtm-custom-action=\"crossclick\" data-gtm-custom-label=\"Contextuel\" data-gtm-event=\"customEventSPE\" data-fig-domain=\"LEFIGARO\" rel=\"nofollow noopener\" target=\"_blank\">Pokrovsk<\/a>, dans l\u2019oblast de Donetsk, a ramp\u00e9 pendant cinq jours pour rallier une position ukrainienne apr\u00e8s avoir \u00e9t\u00e9 tortur\u00e9 et laiss\u00e9 pour mort par l\u2019arm\u00e9e russe.<\/p>\n<p class=\"fig-paragraph\">Ce jeune soldat de 23 ans appara\u00eet dans un reportage du m\u00e9dia ukrainien\u00a0<a href=\"https:\/\/suspilne.media\/1099172-z-pererizanim-gorlom-5-dib-povz-do-ukrainskih-pozicij-istoria-vijskovogo-akij-vtik-z-polonu-rf-suspilne-ludi\/\" target=\"_blank\" rel=\"sponsored noopener nofollow\" data-gtm-custom-categorie=\"navigation\" data-gtm-custom-action=\"crossclick\" data-gtm-custom-label=\"Contextuel\" data-gtm-event=\"customEventSPE\">Suspilne<\/a>, datant du 26 ao\u00fbt dernier, et tourn\u00e9 au sein de l\u2019h\u00f4pital de Dnipropetrovsk. Un bandage sur le cou et \u00e9quip\u00e9 d\u2019une sonde nasale, Vladyslav ne peut s\u2019exprimer que par \u00e9crit, ayant eu la gorge tranch\u00e9e lors de sa captivit\u00e9. Entour\u00e9 de son \u00e9pouse et de son fr\u00e8re, il raconte avoir perdu le contr\u00f4le d\u2019une position pr\u00e8s de Pokrovsk au mois d\u2019ao\u00fbt, avec sa brigade. Fait prisonnier par des soldats russes avec sept autres camarades militaires, il a subi plusieurs s\u00e9vices physiques, notamment un \u00e9gorgement partiel, avant d\u2019\u00eatre enterr\u00e9 dans une fosse, le corps recouvert d\u2019ordures.<\/p>\n<p>                                    <a class=\"fig-a11y-skip a11y-hidden\" href=\"#fig-a11y-skip-main-inarticle\"><br \/>\n        Passer la publicit\u00e9<br \/>\n    <\/a><\/p>\n<p>Il a bris\u00e9 la corde qui le bloquait avec une bouteille cass\u00e9e<\/p>\n<p class=\"fig-paragraph\">Malgr\u00e9 cette \u00e9preuve, Vladyslav a surv\u00e9cu. Il a aussi r\u00e9ussi \u00e0 s\u2019extraire de la cavit\u00e9 o\u00f9 on l\u2019avait jet\u00e9, les mains li\u00e9es. Gr\u00e2ce \u00e0 une bouteille en verre cass\u00e9e pr\u00e9sente \u00e0 proximit\u00e9, il a r\u00e9ussi \u00e0 rompre la corde qui le bloquait. Le soldat aurait ensuite pass\u00e9 cinq jours \u00e0 ramper jusqu\u2019\u00e0 rejoindre une position ukrainienne. C\u2019est \u00e0 Dnipro qu\u2019il a \u00e9t\u00e9 pris en charge par les services m\u00e9dicaux qui ont men\u00e9 plusieurs importantes op\u00e9rations chirurgicales. \u00abQuand quelqu\u2019un saigne autant, les chances de survie sont tr\u00e8s minces\u00bb, affirme un m\u00e9decin, film\u00e9 dans le reportage.<\/p>\n<p class=\"fig-paragraph\">Dans son r\u00e9cit, l\u2019Ukrainien confie quelques d\u00e9tails gla\u00e7ants. Lors de sa captivit\u00e9, il a vu plusieurs hommes \u00ables yeux crev\u00e9s, les l\u00e8vres coup\u00e9es et les organes g\u00e9nitaux masculins retir\u00e9s\u00bb. En juin dernier, la photo d\u2019un prisonnier de guerre ukrainien, dont le corps avait \u00e9t\u00e9 marqu\u00e9 de l\u2019inscription \u00abGloire \u00e0 la Russie\u00bb avait abondamment circul\u00e9 sur les r\u00e9seaux sociaux. Signe du traitement sans piti\u00e9 que peut r\u00e9server l\u2019arm\u00e9e russe \u00e0 ses adversaires.<\/p>\n","protected":false},"excerpt":{"rendered":"Apr\u00e8s avoir \u00e9t\u00e9 captur\u00e9 par les Russes dans la r\u00e9gion de Donetsk, Vladyslav a \u00e9t\u00e9 jet\u00e9 dans un&hellip;\n","protected":false},"author":2,"featured_media":350526,"comment_status":"","ping_status":"","sticky":false,"template":"","format":"standard","meta":{"footnotes":""},"categories":[1590],"tags":[11,29539,1777,674,12,220],"class_list":{"0":"post-350525","1":"post","2":"type-post","3":"status-publish","4":"format-standard","5":"has-post-thumbnail","7":"category-ukraine","8":"tag-actualites","9":"tag-donetsk","10":"tag-eu","11":"tag-europe","12":"tag-news","13":"tag-ukraine"},"share_on_mastodon":{"url":"https:\/\/pubeurope.com\/@fr\/115107979961424443","error":""},"_links":{"self":[{"href":"https:\/\/www.europesays.com\/fr\/wp-json\/wp\/v2\/posts\/350525","targetHints":{"allow":["GET"]}}],"collection":[{"href":"https:\/\/www.europesays.com\/fr\/wp-json\/wp\/v2\/posts"}],"about":[{"href":"https:\/\/www.europesays.com\/fr\/wp-json\/wp\/v2\/types\/post"}],"author":[{"embeddable":true,"href":"https:\/\/www.europesays.com\/fr\/wp-json\/wp\/v2\/users\/2"}],"replies":[{"embeddable":true,"href":"https:\/\/www.europesays.com\/fr\/wp-json\/wp\/v2\/comments?post=350525"}],"version-history":[{"count":0,"href":"https:\/\/www.europesays.com\/fr\/wp-json\/wp\/v2\/posts\/350525\/revisions"}],"wp:featuredmedia":[{"embeddable":true,"href":"https:\/\/www.europesays.com\/fr\/wp-json\/wp\/v2\/media\/350526"}],"wp:attachment":[{"href":"https:\/\/www.europesays.com\/fr\/wp-json\/wp\/v2\/media?parent=350525"}],"wp:term":[{"taxonomy":"category","embeddable":true,"href":"https:\/\/www.europesays.com\/fr\/wp-json\/wp\/v2\/categories?post=350525"},{"taxonomy":"post_tag","embeddable":true,"href":"https:\/\/www.europesays.com\/fr\/wp-json\/wp\/v2\/tags?post=350525"}],"curies":[{"name":"wp","href":"https:\/\/api.w.org\/{rel}","templated":true}]}}