{"id":350527,"date":"2025-08-28T19:12:29","date_gmt":"2025-08-28T19:12:29","guid":{"rendered":"https:\/\/www.europesays.com\/fr\/350527\/"},"modified":"2025-08-28T19:12:29","modified_gmt":"2025-08-28T19:12:29","slug":"internationaux-des-etats-unis-swiatek-souffre-mais-passe-au-troisieme-tour-musetti-et-rublev-avancent","status":"publish","type":"post","link":"https:\/\/www.europesays.com\/fr\/350527\/","title":{"rendered":"Internationaux des \u00c9tats-Unis | Swiatek souffre, mais passe au troisi\u00e8me tour, Musetti et Rublev avancent"},"content":{"rendered":"<p class=\"lead textModule textModule--type-lead \" style=\"\">(New\u00a0York) La joueuse en forme du moment, Iga Swiatek, a surv\u00e9cu \u00e0 un coup de mou jeudi et s\u2019est qualifi\u00e9e pour le troisi\u00e8me tour des Internationaux des \u00c9tats-Unis, avant le match du num\u00e9ro\u00a01 mondial Jannik Sinner.<\/p>\n<p>                    Publi\u00e9 \u00e0 14\u00a0h\u00a004<\/p>\n<p>        Mis \u00e0 jour \u00e0 14\u00a0h\u00a037<\/p>\n<p>    <a class=\"print\" href=\"https:\/\/www.lapresse.ca\/sports\/tennis\/2025-08-28\/internationaux-des-etats-unis\/javascript:window.print();\" title=\"Imprimer la page\" rel=\"nofollow noopener\" target=\"_blank\"><\/p>\n<p>        <img loading=\"lazy\" decoding=\"async\" width=\"16\" height=\"18\" src=\"https:\/\/www.europesays.com\/fr\/wp-content\/uploads\/2025\/04\/share-icon.png\" alt=\"Partager\"\/><\/p>\n<p>\n                                    Thomas URBAIN<\/p>\n<p>                                                    Agence France-Presse<\/p>\n<p>                    Premier test pour Swiatek<\/p>\n<p class=\"paragraph textModule textModule--type-paragraph \" style=\"\">Apr\u00e8s un premier tour exp\u00e9ditif, la Polonaise est partie sur les m\u00eames bases face \u00e0 la N\u00e9erlandaise Suzan Lamens (66e mondiale), balay\u00e9e 6-1 \u00e0 la premi\u00e8re manche sans afficher le moindre point gagnant.<\/p>\n<p class=\"paragraph textModule textModule--type-paragraph \" style=\"\">Mais alors que le deuxi\u00e8me acte semblait prendre le m\u00eame chemin (bris \u00e0 1-1 pour Swiatek), la sextuple vainqueure en Grand Chelem a connu un rel\u00e2chement soudain.<\/p>\n<p class=\"paragraph textModule textModule--type-paragraph \" style=\"\">Son service s\u2019est gripp\u00e9 et ses trajectoires sont devenues incertaines (12), alors que l\u2019ancienne num\u00e9ro un mondiale semblait press\u00e9e de conclure.<\/p>\n<p class=\"paragraph textModule textModule--type-paragraph \" style=\"\">\u00ab\u00a0Je me suis probablement un peu tendue dans la deuxi\u00e8me manche\u00a0\u00bb, a admis Swiatek apr\u00e8s la balle de match victorieuse.<\/p>\n<p class=\"paragraph textModule textModule--type-paragraph \" style=\"\">\u00c0 l\u2019aise sur le dur, sa surface favorite, Lamens a cherch\u00e9 \u00e0 bouger son adversaire, a soign\u00e9 sa mise en jeu et commis peu d\u2019erreurs.<\/p>\n<p>                                        <img decoding=\"async\" src=\"https:\/\/www.europesays.com\/fr\/wp-content\/uploads\/2025\/08\/afbd2827460431cf9fbb87b7f19b72b8.jpg\" alt=\"\" class=\"photoModule__visual\" itemprop=\"contentUrl url\"\/><\/p>\n<p class=\"credit photoModule__caption photoModule__caption--credit\" style=\"\">\n                    PHOTO KYLIE COOPER, REUTERS\n                <\/p>\n<p class=\"description photoModule__caption photoModule__caption--description\" style=\"\">\n                    Suzan Lamens\n                <\/p>\n<p class=\"paragraph textModule textModule--type-paragraph \" style=\"\">Swiatek a retrouv\u00e9 ses esprits dans la troisi\u00e8me manche et \u00e9cart\u00e9 la N\u00e9erlandaise, 6-1, 4-6, 6-4, \u00e0 force de patience.<\/p>\n<p class=\"paragraph textModule textModule--type-paragraph \" style=\"\">\u00ab\u00a0J\u2019ai mieux d\u00e9marr\u00e9 qu\u2019au deuxi\u00e8me\u00a0\u00bb, a-t-elle constat\u00e9. \u00ab\u00a0\u00c0 la troisi\u00e8me manche, on repart de z\u00e9ro, c\u2019est un nouveau d\u00e9part.\u00a0\u00bb<\/p>\n<p class=\"paragraph textModule textModule--type-paragraph \" style=\"\">Au troisi\u00e8me tour, elle a rendez-vous avec la Russe Anna Kalinskaya (N.29).<\/p>\n<p class=\"paragraph textModule textModule--type-paragraph \" style=\"\">\u00ab\u00a0Ce n\u2019\u00e9tait pas un match facile\u00a0\u00bb, a encore reconnu la Polonaise. \u00ab\u00a0J\u2019ai fait des erreurs, mais je suis contente d\u2019avoir \u00e9t\u00e9 proactive\u00a0\u00bb pour faire la diff\u00e9rence.<\/p>\n<p>                    Musetti s\u2019impose face \u00e0 Goffin<\/p>\n<p>                                        <img decoding=\"async\" src=\"https:\/\/www.europesays.com\/fr\/wp-content\/uploads\/2025\/08\/cee4533adebe35d396753f249d854a2b.jpg\" alt=\"\" class=\"photoModule__visual\" itemprop=\"contentUrl url\"\/><\/p>\n<p class=\"credit photoModule__caption photoModule__caption--credit\" style=\"\">\n                    PHOTO YUKI IWAMURA, ASSOCIATED PRESS\n                <\/p>\n<p class=\"description photoModule__caption photoModule__caption--description\" style=\"\">\n                    Lorenzo Musetti\n                <\/p>\n<p class=\"paragraph textModule textModule--type-paragraph \" style=\"\">\u00c9galement convi\u00e9 en ouverture de la cinqui\u00e8me journ\u00e9e du tournoi, l\u2019Italien Lorenzo Musetti (num\u00e9ro\u00a010) n\u2019a laiss\u00e9 que six jeux au Belge David Goffin (80e\u00a0joueur mondial).<\/p>\n<p class=\"paragraph textModule textModule--type-paragraph \" style=\"\">Quant au Russe Andrey Rublev (N.15), il a d\u00fb ferrailler quatre manches contre l\u2019Am\u00e9ricain Tristan Boyer (113e), invit\u00e9 par les organisateurs.<\/p>\n<p class=\"paragraph textModule textModule--type-paragraph \" style=\"\">Premier Hongkongais de l\u2019\u00e8re Open \u00e0 se hisser dans le tableau final d\u2019un Grand Chelem, le 173e\u00a0mondial Coleman Wong a une nouvelle fois fait sensation en triomphant de l\u2019Australien Adam Walton (85e) au deuxi\u00e8me tour.<\/p>\n<p>                    Sinner \u00e0 suivre<\/p>\n<p>                                        <img decoding=\"async\" src=\"https:\/\/www.europesays.com\/fr\/wp-content\/uploads\/2025\/08\/2e71d9105e84306ca566bd640ece5d98.jpg\" alt=\"\" class=\"photoModule__visual\" itemprop=\"contentUrl url\"\/><\/p>\n<p class=\"credit photoModule__caption photoModule__caption--credit\" style=\"\">\n                    PHOTO KYLIE COOPER, REUTERS\n                <\/p>\n<p class=\"description photoModule__caption photoModule__caption--description\" style=\"\">\n                    Jannik Sinner\n                <\/p>\n<p class=\"paragraph textModule textModule--type-paragraph \" style=\"\">Dominant au premier tour (6-1, 6-1, 6-2), Jannik Sinner devait succ\u00e9der \u00e0 Swiatek sur le court central Arthur-Ashe, face \u00e0 l\u2019Australien Alexei Popyrin (36e).<\/p>\n<p class=\"paragraph textModule textModule--type-paragraph \" style=\"\">L\u2019Italien s\u2019est d\u00e9barrass\u00e9 du virus qui l\u2019avait contraint \u00e0 abandonner en finale du Masters\u00a01000 de Cincinnati face \u00e0 son plus grand rival Carlos Alcaraz.<\/p>\n<p class=\"paragraph textModule textModule--type-paragraph \" style=\"\">Popyrin reste sur un \u00e9t\u00e9 constructif, qui l\u2019a vu atteindre notamment les quarts \u00e0 Cincinnati apr\u00e8s avoir battu Holger Rune et Daniil Medvedev.<\/p>\n<p class=\"paragraph textModule textModule--type-paragraph \" style=\"\">Mercredi, Alcaraz a survol\u00e9 les d\u00e9bats face \u00e0 l\u2019Italien Mattia Belluci (65e), en 1\u00a0h\u00a036 seulement.<\/p>\n<p class=\"paragraph textModule textModule--type-paragraph \" style=\"\">Au troisi\u00e8me tour, vendredi, il croisera sur sa route un autre Italien, Luciano Darderi (num\u00e9ro\u00a032).<\/p>\n<p class=\"paragraph textModule textModule--type-paragraph \" style=\"\">\u00c9tait aussi convoqu\u00e9e jeudi en journ\u00e9e la double laur\u00e9ate des Internationaux des \u00c9tats-Unis (2018 et 2020) Naomi Osaka, en pleine progression comme en t\u00e9moigne sa finale au WTA\u00a01000 de Montr\u00e9al.<\/p>\n<p class=\"paragraph textModule textModule--type-paragraph \" style=\"\">En soir\u00e9e, l\u2019Allemand Alexander Zverev (num\u00e9ro\u00a03) arpentera le court Louis-Armstrong, tandis que l\u2019Am\u00e9ricaine Coco Gauff (N.3) sera tr\u00e8s attendue sur le central apr\u00e8s sa victoire laborieuse au premier tour, au bout d\u2019un marathon de pr\u00e8s de trois heures.<\/p>\n<p class=\"paragraph textModule textModule--type-paragraph \" style=\"\">Couronn\u00e9e \u00e0 Roland-Garros, la Floridienne d\u2019adoption est pourtant en d\u00e9licatesse avec son service et affiche, de tr\u00e8s loin, le plus grand nombre de doubles fautes cette ann\u00e9e sur le circuit f\u00e9minin.<\/p>\n<p class=\"paragraph textModule textModule--type-paragraph \" style=\"\">\u00ab\u00a0J\u2019essaye de ne pas en faire une obsession\u00a0\u00bb, a d\u00e9clar\u00e9, apr\u00e8s son premier tour, mardi, l\u2019Am\u00e9ricaine, qui vient de s\u2019assurer les services d\u2019un sp\u00e9cialiste de biom\u00e9canique, Gavin MacMillan.<\/p>\n<p class=\"paragraph textModule textModule--type-paragraph \" style=\"\">\u00ab\u00a0Ce n\u2019est pas le mental\u00a0\u00bb, a expliqu\u00e9 Gauff, \u00ab\u00a0c\u2019est la biom\u00e9canique qui \u00e9tait mauvaise et je fais de mon mieux pour la corriger.\u00a0\u00bb<\/p>\n","protected":false},"excerpt":{"rendered":"(New\u00a0York) La joueuse en forme du moment, Iga Swiatek, a surv\u00e9cu \u00e0 un coup de mou jeudi et&hellip;\n","protected":false},"author":2,"featured_media":350528,"comment_status":"","ping_status":"","sticky":false,"template":"","format":"standard","meta":{"footnotes":""},"categories":[1589],"tags":[11,73,1866,12,1864,1865,1863,308],"class_list":{"0":"post-350527","1":"post","2":"type-post","3":"status-publish","4":"format-standard","5":"has-post-thumbnail","7":"category-etats-unis","8":"tag-actualites","9":"tag-etats-unis","10":"tag-etats-unis-damerique","11":"tag-news","12":"tag-united-states","13":"tag-united-states-of-america","14":"tag-us","15":"tag-usa"},"share_on_mastodon":{"url":"https:\/\/pubeurope.com\/@fr\/115107984399677549","error":""},"_links":{"self":[{"href":"https:\/\/www.europesays.com\/fr\/wp-json\/wp\/v2\/posts\/350527","targetHints":{"allow":["GET"]}}],"collection":[{"href":"https:\/\/www.europesays.com\/fr\/wp-json\/wp\/v2\/posts"}],"about":[{"href":"https:\/\/www.europesays.com\/fr\/wp-json\/wp\/v2\/types\/post"}],"author":[{"embeddable":true,"href":"https:\/\/www.europesays.com\/fr\/wp-json\/wp\/v2\/users\/2"}],"replies":[{"embeddable":true,"href":"https:\/\/www.europesays.com\/fr\/wp-json\/wp\/v2\/comments?post=350527"}],"version-history":[{"count":0,"href":"https:\/\/www.europesays.com\/fr\/wp-json\/wp\/v2\/posts\/350527\/revisions"}],"wp:featuredmedia":[{"embeddable":true,"href":"https:\/\/www.europesays.com\/fr\/wp-json\/wp\/v2\/media\/350528"}],"wp:attachment":[{"href":"https:\/\/www.europesays.com\/fr\/wp-json\/wp\/v2\/media?parent=350527"}],"wp:term":[{"taxonomy":"category","embeddable":true,"href":"https:\/\/www.europesays.com\/fr\/wp-json\/wp\/v2\/categories?post=350527"},{"taxonomy":"post_tag","embeddable":true,"href":"https:\/\/www.europesays.com\/fr\/wp-json\/wp\/v2\/tags?post=350527"}],"curies":[{"name":"wp","href":"https:\/\/api.w.org\/{rel}","templated":true}]}}