{"id":350529,"date":"2025-08-28T19:13:17","date_gmt":"2025-08-28T19:13:17","guid":{"rendered":"https:\/\/www.europesays.com\/fr\/350529\/"},"modified":"2025-08-28T19:13:17","modified_gmt":"2025-08-28T19:13:17","slug":"les-propositions-choc-de-nigel-farage-contre-limmigration-en-cas-de-victoire-de-son-parti-lexpress","status":"publish","type":"post","link":"https:\/\/www.europesays.com\/fr\/350529\/","title":{"rendered":"les propositions choc de Nigel Farage contre l\u2019immigration en cas de victoire de son parti \u2013 L&rsquo;Express"},"content":{"rendered":"<p class=\"paragraph article-body-paragraph article__item   article-body-paragraph--first \">\u00ab\u00a0Ce que je constate, c\u2019est que les m\u00e9dias r\u00e9agissent tr\u00e8s peu \u00e0 l\u2019id\u00e9e que nous sommes r\u00e9ellement en tr\u00e8s grande difficult\u00e9 dans ce pays\u00a0\u00bb a affirm\u00e9 Nigel Farage, le leader du parti populiste d\u2019extr\u00eame droite Reform UK le 26 ao\u00fbt dans un discours enflamm\u00e9. La racine de ces maux, selon lui : \u00ab\u00a0<a href=\"https:\/\/www.lexpress.fr\/monde\/europe\/immigration-les-reformes-radicales-de-keir-starmer-vues-par-la-presse-britannique-6HOVAXLYSVF65BEK24PNDHZ6EY\/\" target=\"_self\" rel=\"nofollow noopener\" title=\"https:\/\/www.lexpress.fr\/monde\/europe\/immigration-les-reformes-radicales-de-keir-starmer-vues-par-la-presse-britannique-6HOVAXLYSVF65BEK24PNDHZ6EY\/\">le fl\u00e9au de l\u2019immigration<\/a>\u00ab\u00a0, \u00ab\u00a0l\u2019invasion\u00a0\u00bb men\u00e9e par les hommes et les femmes qui traversent la Manche sur des bateaux pneumatiques dans l\u2019espoir d\u2019une vie digne. Des hommes \u00ab\u00a0en \u00e2ge de se battre\u00a0\u00bb a not\u00e9 le chef du parti eurosceptique et conservateur, lors de son discours effectu\u00e9 dans un hangar d\u2019aviation \u00e0 Oxford, immense Union Jack dans le dos et parterre de journalistes face \u00e0 lui. \u00ab\u00a0Nous ne sommes pas loin de troubles civils majeurs\u00a0\u00bb, a-t-il alert\u00e9 en conclusion.<\/p>\n<p class=\"paragraph article-body-paragraph article__item   \">Ce m\u00eame jour, dans un entretien accord\u00e9 au journal le <a href=\"https:\/\/www.telegraph.co.uk\/politics\/2025\/08\/25\/farage-starmer-sides-international-courts-british-people\/\" target=\"_self\" rel=\"nofollow noopener\" title=\"https:\/\/www.telegraph.co.uk\/politics\/2025\/08\/25\/farage-starmer-sides-international-courts-british-people\/\">Daily Telegraph<\/a>, Nigel Farage a annonc\u00e9 d\u00e9tenir la solution. \u00ab\u00a0Il n\u2019existe qu\u2019une seule fa\u00e7on d\u2019emp\u00eacher les personnes d\u2019entrer ill\u00e9galement au Royaume-Uni, c\u2019est de les d\u00e9tenir et de les expulser\u00a0\u00bb, a-t-il rab\u00e2ch\u00e9. Pour cela, le leader de Reform UK a expos\u00e9 lors de sa conf\u00e9rence de presse un plan compos\u00e9 de mesures drastiques, qui permettront d\u2019expulser \u00ab\u00a0entre 500 000 et 600 000\u00a0\u00bb demandeurs d\u2019asile\u2026 Durant son premier mandat, s\u2019il \u00e9tait \u00e9lu Premier ministre.<\/p>\n<p><strong class=\"article-body-link-list__item text-gray-800 article-body-link-list__item--one-item\">LIRE AUSSI  : <a class=\"article-body-link-list__item-link\" href=\"https:\/\/www.lexpress.fr\/monde\/royaume-uni-la-strategie-risquee-de-keir-starmer-pour-contrer-la-montee-de-lextreme-droite-KL2W65A6RZCBLD2DHW3VO4TRLI\/\" target=\"_blank\" rel=\"noreferrer nofollow noopener\">Royaume-Uni : la strat\u00e9gie risqu\u00e9e de Keir Starmer pour contrer la mont\u00e9e de l\u2019extr\u00eame droite<\/a><\/strong><\/p>\n<p class=\"paragraph article-body-paragraph article__item   \">Des d\u00e9clarations qui pourraient importer peu, au vu du chiffre peu reluisant de quatre si\u00e8ges actuellement occup\u00e9s eu sein de la Chambre des Communes par des membres du parti Reform UK. Sauf que les \u00e9lections g\u00e9n\u00e9rales de 2029 approchent. Et que le parti est en t\u00eate de la grande majorit\u00e9 des sondages d\u2019opinion lanc\u00e9s par les m\u00e9dias britanniques. Il atteint environ 28 % des intentions de vote, contre 20 % pour <a href=\"https:\/\/www.lexpress.fr\/monde\/europe\/menace-de-fronde-le-gouvernement-de-keir-starmer-recule-sur-ses-coupes-dans-laide-sociale-VU3VLZDJLJCLVGIOWPGGEXNH2U\/\" target=\"_self\" rel=\"nofollow noopener\" title=\"https:\/\/www.lexpress.fr\/monde\/europe\/menace-de-fronde-le-gouvernement-de-keir-starmer-recule-sur-ses-coupes-dans-laide-sociale-VU3VLZDJLJCLVGIOWPGGEXNH2U\/\">le parti Travailliste<\/a> de <a href=\"https:\/\/www.lexpress.fr\/monde\/europe\/keir-starmer-un-an-au-pouvoir-la-presse-britannique-tacle-un-premier-ministre-invisible-EWTYJAPDURBEZBWZQ7W3NMOSQI\/\" target=\"_self\" rel=\"nofollow noopener\" title=\"https:\/\/www.lexpress.fr\/monde\/europe\/keir-starmer-un-an-au-pouvoir-la-presse-britannique-tacle-un-premier-ministre-invisible-EWTYJAPDURBEZBWZQ7W3NMOSQI\/\">Keir Starmer <\/a>(la gauche historique actuellement au pouvoir) donne par exemple <a href=\"https:\/\/news.sky.com\/story\/labour-sinks-to-lowest-approval-rating-of-this-parliament-13419161\" target=\"_self\" rel=\"nofollow noopener\" title=\"https:\/\/news.sky.com\/story\/labour-sinks-to-lowest-approval-rating-of-this-parliament-13419161\">le dernier sondage de Skynews<\/a>.<\/p>\n<p>Quitter la CEDH, construire des centres de d\u00e9tention\u2026<\/p>\n<p class=\"paragraph article-body-paragraph article__item   \">Pour mener ces expulsions de masse, Nigel Farage voit grand : il commencera par abattre le plus grand des obstacles de droit international en quittant la Convention europ\u00e9enne des droits de l\u2019Homme (CEDH), a-t-il promis mardi. Il s\u2019engage aussi \u00e0 \u00ab\u00a0d\u00e9sappliquer\u00a0\u00bb trois autres conventions europ\u00e9ennes : la Convention relative aux r\u00e9fugi\u00e9s, la Convention du Conseil de l\u2019Europe sur la lutte contre la traite des \u00eatres humains, la Convention des Nations Unies contre la torture et le Pacte international des Nations Unies relatif aux droits civils et politiques, selon l\u2019agence de presse britannique Reuters.<\/p>\n<p class=\"paragraph article-body-paragraph article__item   \">Une fois act\u00e9s, ces d\u00e9sengagements permettraient \u00e0 son pays d\u2019adopter une loi sp\u00e9ciale : le Illegal Migration Mass Deportation Act. Une telle adoption impacterait la politique migratoire du Royaume-Uni bien plus longtemps que le temps du mandat \u00e9ventuel de Nigel Farage, puisque cette loi cr\u00e9erait une obligation l\u00e9gale pour tout ministre de l\u2019Int\u00e9rieur britannique de renvoyer les migrants clandestins, quelles que soient ses convictions politiques. \u00ab\u00a0Le non-respect de cette obligation constituerait une violation de la loi\u00a0\u00bb, a fi\u00e8rement expliqu\u00e9 Nigel Farage durant son discours.<\/p>\n<p><strong class=\"article-body-link-list__item text-gray-800 article-body-link-list__item--one-item\">LIRE AUSSI  : <a class=\"article-body-link-list__item-link\" href=\"https:\/\/www.lexpress.fr\/monde\/europe\/il-faut-passer-outre-cette-amertume-post-brexit-lappel-de-lex-ambassadrice-du-royaume-uni-en-france-GMX2O5Y4JRC2RLKVXAM6YKVP6U\/\" target=\"_blank\" rel=\"noreferrer nofollow noopener\">\u00ab\u00a0Il faut passer outre cette amertume post Brexit\u00a0\u00bb : l\u2019appel de l\u2019ex-ambassadrice du Royaume-Uni en France<\/a><\/strong><\/p>\n<p class=\"paragraph article-body-paragraph article__item   \">Selon le politique, son gouvernement hypoth\u00e9tique entreprendrait ensuite la construction de centres de d\u00e9tentions sur des sites militaires, achev\u00e9s sous 18 mois. Ceux-ci pourraient d\u00e9tenir jusqu\u2019\u00e0 24 000 personnes \u00e0 la fois, de mani\u00e8re permanente et irr\u00e9versible jusqu\u2019\u00e0 expulsion. Cela permettrait l\u2019expulsion de 288 000 personnes par an, selon les calculs de Nigel Farage.<\/p>\n<p class=\"paragraph article-body-paragraph article__item   \">Derni\u00e8re mesure particuli\u00e8rement controvers\u00e9e : l\u2019utilisation de 2 milliards de livres (environ 2,3 milliards d\u2019euros) d\u2019argent public britannique qui serviront d\u2019argument pour encourager certains pays \u00e0 r\u00e9cup\u00e9rer leurs ressortissants ind\u00e9sirables. Quel que soit le statut de l\u2019Etat, et sa propension \u00e0 violer les droits de l\u2019homme. Selon <a href=\"https:\/\/www.theguardian.com\/politics\/live\/2025\/aug\/26\/nigel-farage-mass-deportations-reform-migration-small-boats-uk-politics-live\" target=\"_self\" rel=\"nofollow noopener\" title=\"https:\/\/www.theguardian.com\/politics\/live\/2025\/aug\/26\/nigel-farage-mass-deportations-reform-migration-small-boats-uk-politics-live\">The Guardian,<\/a> l\u2019\u00c9rythr\u00e9e et l\u2019Afghanistan seraient concern\u00e9s. Les Talibans afghans se sont imm\u00e9diatement d\u00e9clar\u00e9s \u00ab\u00a0pr\u00eats et dispos\u00e9s\u00a0\u00bb \u00e0 acc\u00e9der \u00e0 la proposition de Farage, rapporte <a href=\"https:\/\/www.telegraph.co.uk\/politics\/2025\/08\/26\/taliban-ready-and-willing-work-with-nigel-farage-migrants\/\" target=\"_self\" rel=\"nofollow noopener\" title=\"https:\/\/www.telegraph.co.uk\/politics\/2025\/08\/26\/taliban-ready-and-willing-work-with-nigel-farage-migrants\/\">The Telegraph<\/a>.<\/p>\n<p>\u00ab\u00a0Faible\u00a0\u00bb selon Elon Musk<\/p>\n<p class=\"paragraph article-body-paragraph article__item   \">Pour le milliardaire am\u00e9ricain et d\u00e9sormais figure d\u2019extr\u00eame droite Elon Musk, Nigel Farage reste pourtant un \u00ab\u00a0faible qui ne fera rien\u00a0\u00bb pour freiner l\u2019immigration en Grande-Bretagne, a-t-il r\u00e9agi <a href=\"https:\/\/fr.euronews.com\/2025\/08\/27\/elon-musk-qualifie-nigel-farage-de-faible-apres-sa-prise-de-position-sur-limmigration\" target=\"_self\" rel=\"nofollow noopener\" title=\"https:\/\/fr.euronews.com\/2025\/08\/27\/elon-musk-qualifie-nigel-farage-de-faible-apres-sa-prise-de-position-sur-limmigration\">selon Euronews <\/a>mardi 26 ao\u00fbt. En proie \u00e0 une rixe avec Farage depuis plusieurs mois, Elon Musk a r\u00e9cemment apport\u00e9 son soutien au nouveau parti Advance UK, une \u00e9manation de Reform UK, fond\u00e9e par l\u2019ancien chef adjoint Ben Habib et soutenue par l\u2019activiste d\u2019extr\u00eame-droite Tommy Robinson.<\/p>\n<p class=\"paragraph article-body-paragraph article__item    article__text__endpicto\">La politique de la figure populiste britannique ne semble donc pas assez radicale pour Elon Musk. Et pour cause : lorsqu\u2019il est question d\u2019immigration, de plus en plus de partis et de gouvernement se tournent vers des mesures s\u00e9v\u00e8res. <a href=\"https:\/\/www.lexpress.fr\/monde\/europe\/immigration-ce-que-contient-laccord-franco-britannique-qui-entre-en-vigueur-ce-mardi-BBXON4HWTJFN5GJOF6NW7TMJZA\/\" target=\"_self\" rel=\"nofollow noopener\" title=\"https:\/\/www.lexpress.fr\/monde\/europe\/immigration-ce-que-contient-laccord-franco-britannique-qui-entre-en-vigueur-ce-mardi-BBXON4HWTJFN5GJOF6NW7TMJZA\/\">Le gouvernement travailliste<\/a> britannique a lui-m\u00eame laiss\u00e9 entendre dans la foul\u00e9e du discours de Nigel Farage que Keir Starmer n\u2019excluait pas un accord avec l\u2019Afghanistan et l\u2019\u00c9rythr\u00e9e. \u00ab\u00a0Nous n\u2019\u00e9cartons aucune option\u00a0\u00bb, a ainsi d\u00e9clar\u00e9 un porte-parole du premier ministre aupr\u00e8s du Telegraph. Mi-juillet, l\u2019Allemagne a elle aussi repris les expulsions vers l\u2019Afghanistan apr\u00e8s avoir n\u00e9goci\u00e9 un accord avec les Talibans, alors que Berlin ne reconna\u00eet pas officiellement le r\u00e9gime de Kaboul.<\/p>\n","protected":false},"excerpt":{"rendered":"\u00ab\u00a0Ce que je constate, c\u2019est que les m\u00e9dias r\u00e9agissent tr\u00e8s peu \u00e0 l\u2019id\u00e9e que nous sommes r\u00e9ellement en&hellip;\n","protected":false},"author":2,"featured_media":350530,"comment_status":"","ping_status":"","sticky":false,"template":"","format":"standard","meta":{"footnotes":""},"categories":[1588],"tags":[11,1777,674,74,12,473,1853,1851,1850,1852],"class_list":{"0":"post-350529","1":"post","2":"type-post","3":"status-publish","4":"format-standard","5":"has-post-thumbnail","7":"category-royaume-uni","8":"tag-actualites","9":"tag-eu","10":"tag-europe","11":"tag-monde","12":"tag-news","13":"tag-royaume-uni","14":"tag-royaume-uni-de-grande-bretagne-et-dirlande-du-nord","15":"tag-uk","16":"tag-united-kingdom","17":"tag-united-kingdom-of-great-britain-and-northern-ireland"},"share_on_mastodon":{"url":"https:\/\/pubeurope.com\/@fr\/115107987783706698","error":""},"_links":{"self":[{"href":"https:\/\/www.europesays.com\/fr\/wp-json\/wp\/v2\/posts\/350529","targetHints":{"allow":["GET"]}}],"collection":[{"href":"https:\/\/www.europesays.com\/fr\/wp-json\/wp\/v2\/posts"}],"about":[{"href":"https:\/\/www.europesays.com\/fr\/wp-json\/wp\/v2\/types\/post"}],"author":[{"embeddable":true,"href":"https:\/\/www.europesays.com\/fr\/wp-json\/wp\/v2\/users\/2"}],"replies":[{"embeddable":true,"href":"https:\/\/www.europesays.com\/fr\/wp-json\/wp\/v2\/comments?post=350529"}],"version-history":[{"count":0,"href":"https:\/\/www.europesays.com\/fr\/wp-json\/wp\/v2\/posts\/350529\/revisions"}],"wp:featuredmedia":[{"embeddable":true,"href":"https:\/\/www.europesays.com\/fr\/wp-json\/wp\/v2\/media\/350530"}],"wp:attachment":[{"href":"https:\/\/www.europesays.com\/fr\/wp-json\/wp\/v2\/media?parent=350529"}],"wp:term":[{"taxonomy":"category","embeddable":true,"href":"https:\/\/www.europesays.com\/fr\/wp-json\/wp\/v2\/categories?post=350529"},{"taxonomy":"post_tag","embeddable":true,"href":"https:\/\/www.europesays.com\/fr\/wp-json\/wp\/v2\/tags?post=350529"}],"curies":[{"name":"wp","href":"https:\/\/api.w.org\/{rel}","templated":true}]}}