{"id":350531,"date":"2025-08-28T19:14:11","date_gmt":"2025-08-28T19:14:11","guid":{"rendered":"https:\/\/www.europesays.com\/fr\/350531\/"},"modified":"2025-08-28T19:14:11","modified_gmt":"2025-08-28T19:14:11","slug":"la-russie-menace-la-securite-des-etats-baltes-lallemagne-appelle-a-agir-business-am","status":"publish","type":"post","link":"https:\/\/www.europesays.com\/fr\/350531\/","title":{"rendered":"La Russie menace la s\u00e9curit\u00e9 des \u00c9tats baltes : l&rsquo;Allemagne appelle \u00e0 agir &#8211; Business AM"},"content":{"rendered":"<p>                    <img decoding=\"async\" style=\"aspect-ratio:16\/9\" src=\"https:\/\/www.europesays.com\/fr\/wp-content\/uploads\/2025\/08\/Johann-Wadephul-Duitsland-China-Chine-1-1.jpg\" width=\"100%\" loading=\"eager\"\/><\/p>\n<p>                            <a href=\"https:\/\/fr.businessam.be\/author\/redactie\/\" class=\"author-thumbnail\" style=\"border: 2px inset #00000099;\" target=\"_blank\" rel=\"noopener\"><img loading=\"lazy\" decoding=\"async\" src=\"https:\/\/www.europesays.com\/fr\/wp-content\/uploads\/2025\/08\/1756408451_227_cropped-favicon-192x192.png\" width=\"80\" height=\"80\" alt=\"Business AM\"\/><\/a>\ue05bpar <a href=\"https:\/\/fr.businessam.be\/author\/redactie\/\" target=\"_blank\" rel=\"noopener\">Business AM<\/a><br \/>\ue010publi\u00e9 le jeudi 28 ao\u00fbt 2025 \u00e0 20:02 \u2022 <br \/>\ue00c2 min de lecture<\/p>\n<p>Principaux renseignements<\/p>\n<ul class=\"wp-block-list\">\n<li><strong>La Russie emploie des tactiques non conventionnelles, notamment une \u00ab\u00a0flotte fant\u00f4me\u00a0\u00bb pour contourner les sanctions p\u00e9troli\u00e8res, ce qui constitue une menace pour la s\u00e9curit\u00e9 internationale.<\/strong><\/li>\n<li><strong>Des incidents impliquant des c\u00e2bles endommag\u00e9s et des signaux GPS perturb\u00e9s mettent en \u00e9vidence l\u2019implication potentielle de la Russie dans des activit\u00e9s de sabotage, bien que Moscou nie toute responsabilit\u00e9.<\/strong><\/li>\n<li><strong>Le renforcement de la coop\u00e9ration au sein de l\u2019UE et de l\u2019OTAN est essentiel pour prot\u00e9ger les infrastructures vitales contre l\u2019\u00e9volution des menaces russes.<\/strong><\/li>\n<\/ul>\n<p>Le ministre allemand des affaires \u00e9trang\u00e8res, Johann Wadephul, s\u2019est r\u00e9cemment rendu en Estonie et au Danemark, soulignant le lien crucial entre la s\u00e9curit\u00e9 de l\u2019Allemagne et celle des <a href=\"https:\/\/fr.businessam.be\/les-etats-baltes-coupent-les-liens-avec-le-reseau-electrique-russe\/\" target=\"_blank\" rel=\"noopener\">\u00c9tats baltes<\/a>. Il a insist\u00e9 sur ce lien \u00e0 la lumi\u00e8re des pr\u00e9occupations croissantes concernant les tactiques de plus en plus diverses et non conventionnelles de la Russie. Wadephul a cit\u00e9 des exemples sp\u00e9cifiques illustrant ces menaces, tels que la \u00ab\u00a0flotte fant\u00f4me\u00a0\u00bb de la Russie, qui contourne les sanctions p\u00e9troli\u00e8res, et des incidents impliquant des c\u00e2bles endommag\u00e9s et des signaux GPS perturb\u00e9s.<\/p>\n<p>La Russie nie \u00eatre impliqu\u00e9e<\/p>\n<p>Si Moscou nie toute implication dans le sabotage sous-marin, attribuant les accusations occidentales \u00e0 des tentatives de r\u00e9duire ses exportations de p\u00e9trole, elle rejette \u00e9galement toute responsabilit\u00e9 dans les diverses atteintes \u00e0 la cybers\u00e9curit\u00e9 qui affectent la s\u00e9curit\u00e9 euro-atlantique. Wadephul a f\u00e9licit\u00e9 les pays baltes pour leur vigilance dans l\u2019identification de ces risques et a soulign\u00e9 la n\u00e9cessit\u00e9 de renforcer la coop\u00e9ration au sein de l\u2019Union europ\u00e9enne et de l\u2019OTAN pour prot\u00e9ger les infrastructures vitales.<\/p>\n","protected":false},"excerpt":{"rendered":"\ue05bpar Business AM\ue010publi\u00e9 le jeudi 28 ao\u00fbt 2025 \u00e0 20:02 \u2022 \ue00c2 min de lecture Principaux renseignements La&hellip;\n","protected":false},"author":2,"featured_media":350532,"comment_status":"","ping_status":"","sticky":false,"template":"","format":"standard","meta":{"footnotes":""},"categories":[1587],"tags":[11,672,1804,1805,1803,48673,1777,674,1801,22584,12,1802,132],"class_list":{"0":"post-350531","1":"post","2":"type-post","3":"status-publish","4":"format-standard","5":"has-post-thumbnail","7":"category-allemagne","8":"tag-actualites","9":"tag-allemagne","10":"tag-bundesrepublik-deutschland","11":"tag-de","12":"tag-deutschland","13":"tag-etats-baltes","14":"tag-eu","15":"tag-europe","16":"tag-germany","17":"tag-johann-wadephul","18":"tag-news","19":"tag-republique-federale-dallemagne","20":"tag-russie"},"share_on_mastodon":{"url":"https:\/\/pubeurope.com\/@fr\/115107991960689385","error":""},"_links":{"self":[{"href":"https:\/\/www.europesays.com\/fr\/wp-json\/wp\/v2\/posts\/350531","targetHints":{"allow":["GET"]}}],"collection":[{"href":"https:\/\/www.europesays.com\/fr\/wp-json\/wp\/v2\/posts"}],"about":[{"href":"https:\/\/www.europesays.com\/fr\/wp-json\/wp\/v2\/types\/post"}],"author":[{"embeddable":true,"href":"https:\/\/www.europesays.com\/fr\/wp-json\/wp\/v2\/users\/2"}],"replies":[{"embeddable":true,"href":"https:\/\/www.europesays.com\/fr\/wp-json\/wp\/v2\/comments?post=350531"}],"version-history":[{"count":0,"href":"https:\/\/www.europesays.com\/fr\/wp-json\/wp\/v2\/posts\/350531\/revisions"}],"wp:featuredmedia":[{"embeddable":true,"href":"https:\/\/www.europesays.com\/fr\/wp-json\/wp\/v2\/media\/350532"}],"wp:attachment":[{"href":"https:\/\/www.europesays.com\/fr\/wp-json\/wp\/v2\/media?parent=350531"}],"wp:term":[{"taxonomy":"category","embeddable":true,"href":"https:\/\/www.europesays.com\/fr\/wp-json\/wp\/v2\/categories?post=350531"},{"taxonomy":"post_tag","embeddable":true,"href":"https:\/\/www.europesays.com\/fr\/wp-json\/wp\/v2\/tags?post=350531"}],"curies":[{"name":"wp","href":"https:\/\/api.w.org\/{rel}","templated":true}]}}