{"id":350535,"date":"2025-08-28T19:16:19","date_gmt":"2025-08-28T19:16:19","guid":{"rendered":"https:\/\/www.europesays.com\/fr\/350535\/"},"modified":"2025-08-28T19:16:19","modified_gmt":"2025-08-28T19:16:19","slug":"face-aux-nouvelles-menaces-de-donald-trump-lunion-europeenne-ne-peut-plus-accepter-la-soumission","status":"publish","type":"post","link":"https:\/\/www.europesays.com\/fr\/350535\/","title":{"rendered":"\u00abFace aux nouvelles menaces de Donald Trump, l\u2019Union europ\u00e9enne ne peut plus accepter la soumission\u00bb"},"content":{"rendered":"<p><strong>TRIBUNE &#8211;<\/strong> Consid\u00e9rant que les r\u00e9glementations europ\u00e9ennes comme le DSA (Digital Services Act) entravent les entreprises am\u00e9ricaines de la tech, Donald Trump a menac\u00e9 d\u2019imposer de nouveaux droits de douane. L\u2019attaque de trop, estime l\u2019ancien commissaire europ\u00e9en en charge du March\u00e9 int\u00e9rieur et du Num\u00e9rique.<\/p>\n<p class=\"fig-paragraph\">Thierry Breton a \u00e9t\u00e9 ministre de l\u2019\u00c9conomie et des Finances (2005-2007) et commissaire europ\u00e9en au March\u00e9 int\u00e9rieur (2019-2024).<\/p>\n<p class=\"fig-paragraph\">De nouvelles menaces de sanctions viennent d\u2019\u00eatre brandies outre-Atlantique \u00e0 l\u2019encontre de l\u2019Europe et de tout responsable qui appliquerait d\u00e9sormais le\u00a0<a href=\"http:\/\/www.lefigaro.fr\/digital-services-act-rapport-de-transparence-20250801\" data-fig-type=\"Article\" data-gtm-custom-categorie=\"navigation\" data-gtm-custom-action=\"crossclick\" data-gtm-custom-label=\"Contextuel\" data-gtm-event=\"customEventSPE\" data-fig-domain=\"LEFIGARO\" target=\"_blank\" rel=\"noopener\">Digital Services Act<\/a>\u00a0(DSA), la r\u00e9gulation europ\u00e9enne des grands\u00a0<a href=\"http:\/\/www.lefigaro.fr\/secteur\/high-tech\/dossier\/facebook-tiktok-instagram-snapchat-youtube-twitch-les-secrets-des-reseaux-sociaux\" data-fig-type=\"Topic\" data-gtm-custom-categorie=\"navigation\" data-gtm-custom-action=\"crossclick\" data-gtm-custom-label=\"Contextuel\" data-gtm-event=\"customEventSPE\" data-fig-domain=\"LEFIGARO\" target=\"_blank\" rel=\"noopener\">r\u00e9seaux sociaux<\/a>, assorties de nouvelles barri\u00e8res douani\u00e8res et de restrictions technologiques in\u00e9dites.<\/p>\n<p class=\"fig-paragraph\">Jusqu\u2019\u00e0 quel point accepterons-nous, nous, citoyens de l\u2019Union europ\u00e9enne, la soumission\u00a0? La soumission \u00e0 ceux qui veulent nous imposer leurs r\u00e8gles, leurs lois, leur tempo. La soumission \u00e0 ceux qui pr\u00e9tendent d\u00e9sormais nous dicter nos grands principes d\u00e9mocratiques et moraux, nos r\u00e8gles de vivre-ensemble, la protection m\u00eame de nos propres enfants, sur les r\u00e9seaux sociaux\u00a0? Comment, et au nom de quoi, accepterions-nous de jeter aux orties nos lois (DSA, DMA) de r\u00e9gulation num\u00e9rique vot\u00e9es avec lucidit\u00e9, courage et d\u00e9termination par une\u2026<\/p>\n<p class=\"fig-premium-paywall__infos\">\n        Cet article est r\u00e9serv\u00e9 aux abonn\u00e9s.        Il vous reste 85% \u00e0 d\u00e9couvrir.\n    <\/p>\n<p>                <img  data- alt=\"Le Figaro\" class=\"fig-img--complete fig-img\"\/><\/p>\n<p class=\"fig-premium-paywall__title\">Vente Flash<\/p>\n<p class=\"fig-premium-paywall__subtitle\">4,99\u20ac par mois pendant 12 mois. Sans engagement<\/p>\n<p class=\"fig-premium-paywall__connect\">\n                D\u00e9j\u00e0 abonn\u00e9\u00a0?                <a class=\"fig-premium-paywall__connect-link\" href=\"https:\/\/connect.lefigaro.fr\/login?client=horizon_web&amp;type=main&amp;redirect_uri=https%3A%2F%2Fwww.lefigaro.fr%2Fvox%2Fsociete%2Fthierry-breton-face-aux-nouvelles-menaces-de-donald-trump-l-union-europeenne-ne-peut-plus-accepter-la-soumission-20250828\" data-js-gtm=\"{&quot;customCategorie&quot;: &quot;conversion&quot;, &quot;customAction&quot;: &quot;before_Landing_Connexion_paywall_auto&quot;, &quot;customLabel&quot;: &quot;bGVmaWdhcm8uZnJfXzFmMDgzZjJjLWNlM2MtNjkxOC1iYTBkLWRmZTg5M2QxOTI5NF9fQXJ0aWNsZQ==_Thierry Breton\u00a0: \u00abFace aux nouvelles menaces de Donald Trump, l\u2019Union europ\u00e9enne ne peut plus accepter la soumission\u00bb_550&quot;, &quot;customIDSPE&quot;: &quot;bGVmaWdhcm8uZnJfXzFmMDgzZjJjLWNlM2MtNjkxOC1iYTBkLWRmZTg5M2QxOTI5NF9fQXJ0aWNsZQ==&quot;, &quot;event&quot;: &quot;customEventSPE&quot;}\" target=\"_blank\" rel=\"noopener\"><br \/>\n                    Connectez-vous<br \/>\n                <\/a>\n            <\/p>\n","protected":false},"excerpt":{"rendered":"TRIBUNE &#8211; Consid\u00e9rant que les r\u00e9glementations europ\u00e9ennes comme le DSA (Digital Services Act) entravent les entreprises am\u00e9ricaines de&hellip;\n","protected":false},"author":2,"featured_media":350536,"comment_status":"","ping_status":"","sticky":false,"template":"","format":"standard","meta":{"footnotes":""},"categories":[1586],"tags":[11,75,1777,674,1779,1011,27,12,4125,25,1778,364],"class_list":{"0":"post-350535","1":"post","2":"type-post","3":"status-publish","4":"format-standard","5":"has-post-thumbnail","7":"category-europe","8":"tag-actualites","9":"tag-donald-trump","10":"tag-eu","11":"tag-europe","12":"tag-european-union","13":"tag-fr","14":"tag-france","15":"tag-news","16":"tag-numerique","17":"tag-republique-francaise","18":"tag-ue","19":"tag-union-europeenne"},"share_on_mastodon":{"url":"https:\/\/pubeurope.com\/@fr\/115107999421889903","error":""},"_links":{"self":[{"href":"https:\/\/www.europesays.com\/fr\/wp-json\/wp\/v2\/posts\/350535","targetHints":{"allow":["GET"]}}],"collection":[{"href":"https:\/\/www.europesays.com\/fr\/wp-json\/wp\/v2\/posts"}],"about":[{"href":"https:\/\/www.europesays.com\/fr\/wp-json\/wp\/v2\/types\/post"}],"author":[{"embeddable":true,"href":"https:\/\/www.europesays.com\/fr\/wp-json\/wp\/v2\/users\/2"}],"replies":[{"embeddable":true,"href":"https:\/\/www.europesays.com\/fr\/wp-json\/wp\/v2\/comments?post=350535"}],"version-history":[{"count":0,"href":"https:\/\/www.europesays.com\/fr\/wp-json\/wp\/v2\/posts\/350535\/revisions"}],"wp:featuredmedia":[{"embeddable":true,"href":"https:\/\/www.europesays.com\/fr\/wp-json\/wp\/v2\/media\/350536"}],"wp:attachment":[{"href":"https:\/\/www.europesays.com\/fr\/wp-json\/wp\/v2\/media?parent=350535"}],"wp:term":[{"taxonomy":"category","embeddable":true,"href":"https:\/\/www.europesays.com\/fr\/wp-json\/wp\/v2\/categories?post=350535"},{"taxonomy":"post_tag","embeddable":true,"href":"https:\/\/www.europesays.com\/fr\/wp-json\/wp\/v2\/tags?post=350535"}],"curies":[{"name":"wp","href":"https:\/\/api.w.org\/{rel}","templated":true}]}}