{"id":350539,"date":"2025-08-28T19:23:14","date_gmt":"2025-08-28T19:23:14","guid":{"rendered":"https:\/\/www.europesays.com\/fr\/350539\/"},"modified":"2025-08-28T19:23:14","modified_gmt":"2025-08-28T19:23:14","slug":"ce-que-contient-le-pacte-de-non-agression-entre-rachida-dati-et-michel-barnier","status":"publish","type":"post","link":"https:\/\/www.europesays.com\/fr\/350539\/","title":{"rendered":"ce que contient le pacte de non-agression entre Rachida Dati et Michel Barnier"},"content":{"rendered":"<p><strong>INFO LE FIGARO<\/strong> &#8211; La s\u00e9natrice Agn\u00e8s Evren, qui fut charg\u00e9e par Bruno Retailleau d\u2019\u0153uvrer \u00e0 la conciliation des points de vue entre les deux candidats, d\u00e9voile au Figaro les conditions de l\u2019entente politique scell\u00e9e en vue des scrutins de septembre et mars prochains.<\/p>\n<p class=\"fig-paragraph\">Plus de peur que de mal.\u00a0<a href=\"http:\/\/www.lefigaro.fr\/politique\/apres-la-chute-annoncee-de-francois-bayrou-quels-lendemains-pour-les-republicains-20250827\" target=\"_blank\" data-fig-type=\"Article\" rel=\"noopener\" data-gtm-custom-categorie=\"navigation\" data-gtm-custom-action=\"crossclick\" data-gtm-custom-label=\"Contextuel\" data-gtm-event=\"customEventSPE\" data-fig-domain=\"LEFIGARO\">Les R\u00e9publicains<\/a>\u00a0ont finalement r\u00e9ussi \u00e0 s\u2019extraire une s\u00e9rieuse \u00e9pine du pied au terme d\u2019un parcours du combattant. La droite LR, confront\u00e9e \u00e0 la menace d\u2019une dissidence de Rachida Dati face \u00e0 Michel Barnier en vue de la l\u00e9gislative partielle des 21 et 28\u00a0septembre dans la 2e\u00a0circonscription de Paris, a scell\u00e9 un accord politique jeudi soir, \u00e0 l\u2019issue de la commission nationale d\u2019investiture r\u00e9unie en visioconf\u00e9rence.<\/p>\n<p class=\"fig-paragraph\">Comme Le Figaro l\u2019indiquait\u00a0<a href=\"http:\/\/www.lefigaro.fr\/politique\/legislative-partielle-a-paris-les-republicains-sur-le-point-de-finaliser-un-accord-entre-dati-et-barnier-20250826\" data-fig-type=\"NewsFlash\" data-gtm-custom-categorie=\"navigation\" data-gtm-custom-action=\"crossclick\" data-gtm-custom-label=\"Contextuel\" data-gtm-event=\"customEventSPE\" data-fig-domain=\"LEFIGARO\" target=\"_blank\" rel=\"noopener\">d\u00e8s mardi<\/a>, certains signes positifs ont \u00e9merg\u00e9 en d\u00e9but de semaine et l\u2019aboutissement de la mission de conciliation qui avait \u00e9t\u00e9 confi\u00e9e par Bruno Retailleau, patron des LR, \u00e0 la s\u00e9natrice\u00a0<a href=\"http:\/\/www.lefigaro.fr\/politique\/agnes-evren-lr-j-appelle-toute-la-droite-parisienne-a-se-rassembler-derriere-rachida-dati-20250120\" target=\"_blank\" data-fig-type=\"Article\" rel=\"noopener\" data-gtm-custom-categorie=\"navigation\" data-gtm-custom-action=\"crossclick\" data-gtm-custom-label=\"Contextuel\" data-gtm-event=\"customEventSPE\" data-fig-domain=\"LEFIGARO\">Agn\u00e8s Evren<\/a>\u00a0suscite un profond soulagement dans les rangs. La pr\u00e9sidente de la premi\u00e8re f\u00e9d\u00e9ration LR de France s\u2019en r\u00e9jouit. \u00ab\u00a0C\u2019\u00e9tait loin d\u2019\u00eatre \u00e9vident mais on s\u2019y est tous mis pour ne pas ob\u00e9rer nos chances de gagner Paris et le bon sens a fini par l\u2019emporter malgr\u00e9 les forts temp\u00e9raments des uns et des autres\u00a0!\u00a0\u00bb<\/p>\n<p class=\"fig-paragraph\">Beaucoup\u2026<\/p>\n<p class=\"fig-premium-paywall__infos\">\n        Cet article est r\u00e9serv\u00e9 aux abonn\u00e9s.        Il vous reste 79% \u00e0 d\u00e9couvrir.\n    <\/p>\n<p>                <img  data- alt=\"Le Figaro\" class=\"fig-img--complete fig-img\"\/><\/p>\n<p class=\"fig-premium-paywall__title\">Vente Flash<\/p>\n<p class=\"fig-premium-paywall__subtitle\">4,99\u20ac par mois pendant 12 mois. Sans engagement<\/p>\n<p class=\"fig-premium-paywall__connect\">\n                D\u00e9j\u00e0 abonn\u00e9\u00a0?                <a class=\"fig-premium-paywall__connect-link\" href=\"https:\/\/connect.lefigaro.fr\/login?client=horizon_web&amp;type=main&amp;redirect_uri=https%3A%2F%2Fwww.lefigaro.fr%2Fpolitique%2Fparis-ce-que-contient-le-pacte-de-non-agression-entre-rachida-dati-et-michel-barnier-20250828\" data-js-gtm=\"{&quot;customCategorie&quot;: &quot;conversion&quot;, &quot;customAction&quot;: &quot;before_Landing_Connexion_paywall_auto&quot;, &quot;customLabel&quot;: &quot;bGVmaWdhcm8uZnJfXzFmMDgzNmY1LTc5N2QtNjlkNC1iMGI1LTA5ZDQyMGMwNGRhNl9fQXJ0aWNsZQ==_Paris\u00a0: ce que contient le pacte de non-agression entre Rachida Dati et Michel Barnier_5&quot;, &quot;customIDSPE&quot;: &quot;bGVmaWdhcm8uZnJfXzFmMDgzNmY1LTc5N2QtNjlkNC1iMGI1LTA5ZDQyMGMwNGRhNl9fQXJ0aWNsZQ==&quot;, &quot;event&quot;: &quot;customEventSPE&quot;}\" target=\"_blank\" rel=\"noopener\"><br \/>\n                    Connectez-vous<br \/>\n                <\/a>\n            <\/p>\n","protected":false},"excerpt":{"rendered":"INFO LE FIGARO &#8211; La s\u00e9natrice Agn\u00e8s Evren, qui fut charg\u00e9e par Bruno Retailleau d\u2019\u0153uvrer \u00e0 la conciliation&hellip;\n","protected":false},"author":2,"featured_media":350540,"comment_status":"","ping_status":"","sticky":false,"template":"","format":"standard","meta":{"footnotes":""},"categories":[2],"tags":[11,6592,1011,27,6319,27636,12,417,25],"class_list":{"0":"post-350539","1":"post","2":"type-post","3":"status-publish","4":"format-standard","5":"has-post-thumbnail","7":"category-actualites","8":"tag-actualites","9":"tag-droite","10":"tag-fr","11":"tag-france","12":"tag-les-republicains","13":"tag-michel-barnier","14":"tag-news","15":"tag-rachida-dati","16":"tag-republique-francaise"},"share_on_mastodon":{"url":"https:\/\/pubeurope.com\/@fr\/115108026967444112","error":""},"_links":{"self":[{"href":"https:\/\/www.europesays.com\/fr\/wp-json\/wp\/v2\/posts\/350539","targetHints":{"allow":["GET"]}}],"collection":[{"href":"https:\/\/www.europesays.com\/fr\/wp-json\/wp\/v2\/posts"}],"about":[{"href":"https:\/\/www.europesays.com\/fr\/wp-json\/wp\/v2\/types\/post"}],"author":[{"embeddable":true,"href":"https:\/\/www.europesays.com\/fr\/wp-json\/wp\/v2\/users\/2"}],"replies":[{"embeddable":true,"href":"https:\/\/www.europesays.com\/fr\/wp-json\/wp\/v2\/comments?post=350539"}],"version-history":[{"count":0,"href":"https:\/\/www.europesays.com\/fr\/wp-json\/wp\/v2\/posts\/350539\/revisions"}],"wp:featuredmedia":[{"embeddable":true,"href":"https:\/\/www.europesays.com\/fr\/wp-json\/wp\/v2\/media\/350540"}],"wp:attachment":[{"href":"https:\/\/www.europesays.com\/fr\/wp-json\/wp\/v2\/media?parent=350539"}],"wp:term":[{"taxonomy":"category","embeddable":true,"href":"https:\/\/www.europesays.com\/fr\/wp-json\/wp\/v2\/categories?post=350539"},{"taxonomy":"post_tag","embeddable":true,"href":"https:\/\/www.europesays.com\/fr\/wp-json\/wp\/v2\/tags?post=350539"}],"curies":[{"name":"wp","href":"https:\/\/api.w.org\/{rel}","templated":true}]}}