{"id":350543,"date":"2025-08-28T19:29:05","date_gmt":"2025-08-28T19:29:05","guid":{"rendered":"https:\/\/www.europesays.com\/fr\/350543\/"},"modified":"2025-08-28T19:29:05","modified_gmt":"2025-08-28T19:29:05","slug":"golf-patrice-renaud-avoise-et-motoko-favre-avoise-vainqueurs-en-brut","status":"publish","type":"post","link":"https:\/\/www.europesays.com\/fr\/350543\/","title":{"rendered":"GOLF : Patrice Renaud (Avoise) et Motoko Favre (Avoise), vainqueurs en Brut"},"content":{"rendered":"<p><img decoding=\"async\" class=\"newsFullImg  type:primaryImage\" src=\"https:\/\/www.europesays.com\/fr\/wp-content\/uploads\/2025\/08\/96714_1_full.jpg\"\/><\/p>\n<p>Anne-Marie Collard et Mattys Guetz ont quant \u00e0 eux gagn\u00e9 le net lors de la comp\u00e9tition dimanche au golf d\u2019Avoise. <\/p>\n<p><a href=\"https:\/\/www.elanchalon.com\/la-campagne-dabonnement-2025-2026-est-lancee\/\" target=\"_blank\" rel=\"nofollow noopener\"><img decoding=\"async\" border=\"0\" class=\"adImgWide\" src=\"https:\/\/www.europesays.com\/fr\/wp-content\/uploads\/2025\/07\/ad_innews_1_1_creusot.jpg\"\/><\/a>Ce dimanche, le golf d\u2019Avoise recevait, en simple, la comp\u00e9tition du Cellier Aux Moines de Givry. <br \/>Pr\u00e8s de 50 joueurs se sont disput\u00e9s la victoire pour cet \u00e9v\u00e8nement bien dot\u00e9 et fid\u00e8le au golf depuis de nombreuses ann\u00e9es. <br \/>La m\u00e9t\u00e9o \u00e9tait id\u00e9ale, avec un soleil radieux et un ciel bleu. Le parcours \u00e9tait lui v\u00eatu de ses couleurs d\u2019\u00e9t\u00e9, avec sur certains trous, plus d\u2019herbes dor\u00e9es que vertes. <br \/>Pour ne pas d\u00e9roger \u00e0 la r\u00e8gle, la journ\u00e9e s\u2019est conclue autour de la remise des prix, en pr\u00e9sence de Philippe Pascal, propri\u00e9taire du domaine. Il a tenu \u00e0 remercier les participants et le golf, avec l\u2019envie de les retrouver l\u2019ann\u00e9e prochaine. On notera qu\u2019il a lui-m\u00eame particip\u00e9 \u00e0 la comp\u00e9tition et a termin\u00e9 dans le top 10 du classement net. <br \/>Il s\u2019est rapidement \u00e9clips\u00e9 apr\u00e8s l\u2019annonce des r\u00e9sultats, afin de retrouver ses \u00e9quipes en plein d\u00e9marrage des vendanges. <br \/>Le cocktail, pr\u00e9par\u00e9 par le restaurant du golf, \u00e9tait arros\u00e9 mod\u00e9r\u00e9ment, par les vins du domaine. \t\t\t\t\t\t\t<\/p>\n<p>\t\t\t\t\t\t\tLa prochaine comp\u00e9tition aura lieu le dimanche 7 septembre, en scramble \u00e0 2. Elle sera propos\u00e9e par le club Kiwanis Shaya de Chalon-sur-Sa\u00f4ne. <br \/>Julien ZA\u00cfDIR\u00e9sultats : Dames : Brut :1er : Motoko FAVRE-MATSUI (CH. D&rsquo;AVOISE) (+2)<br \/>2e : Martine FREREJEAN (CH. D&rsquo;AVOISE) (+6)<br \/>3e : Mimose CHANE KUNE (CH. D&rsquo;AVOISE) (+16)<br \/>Net :1er : Anne-Marie COLLARD (CH. D&rsquo;AVOISE) (37 pts)<br \/>2e : Fran\u00e7oise DAUSSE (CH. D&rsquo;AVOISE) (37 pts)<br \/>3e : Annick FRANC (CH. D&rsquo;AVOISE) (36 pts)<br \/>Messieurs : Brut :1er : Patrice RENAUD (CH. D&rsquo;AVOISE) (+4)<br \/>2e : Frederic DURIX (MONTCEAU) (+5)<br \/>3e : Abdelkader CHEIAKH (PGA PRO) (+7)<br \/>Net :1er : Mattys GUETZ (CH. D&rsquo;AVOISE) (42 pts)<br \/>2e : Jocelyn PICHAN (CH. D&rsquo;AVOISE) (40 pts)<br \/>3e : Maxime MONNOT (BOURGOGNE-F.-COMTE) (40 pts)<\/p>\n<p><img decoding=\"async\" src=\"https:\/\/www.europesays.com\/fr\/wp-content\/uploads\/2025\/08\/golf-patrice-renaud-avoise-et-motoko-favre-avoise-vainqueurs-en-brut-321675.jpg\"\/><img decoding=\"async\" src=\"https:\/\/www.europesays.com\/fr\/wp-content\/uploads\/2025\/08\/golf-patrice-renaud-avoise-et-motoko-favre-avoise-vainqueurs-en-brut-79476.jpg\"\/><img decoding=\"async\" src=\"https:\/\/www.europesays.com\/fr\/wp-content\/uploads\/2025\/08\/golf-patrice-renaud-avoise-et-motoko-favre-avoise-vainqueurs-en-brut-169727.jpg\"\/><img decoding=\"async\" src=\"https:\/\/www.europesays.com\/fr\/wp-content\/uploads\/2025\/08\/golf-patrice-renaud-avoise-et-motoko-favre-avoise-vainqueurs-en-brut-186266.jpg\"\/><\/p>\n<p><img decoding=\"async\" src=\"https:\/\/www.europesays.com\/fr\/wp-content\/uploads\/2025\/08\/golf-patrice-renaud-avoise-et-motoko-favre-avoise-vainqueurs-en-brut-140398.jpg\"\/><img decoding=\"async\" src=\"https:\/\/www.europesays.com\/fr\/wp-content\/uploads\/2025\/08\/golf-patrice-renaud-avoise-et-motoko-favre-avoise-vainqueurs-en-brut-314807.jpg\"\/><img decoding=\"async\" src=\"https:\/\/www.europesays.com\/fr\/wp-content\/uploads\/2025\/08\/golf-patrice-renaud-avoise-et-motoko-favre-avoise-vainqueurs-en-brut-353629.jpg\"\/><img decoding=\"async\" src=\"https:\/\/www.europesays.com\/fr\/wp-content\/uploads\/2025\/08\/golf-patrice-renaud-avoise-et-motoko-favre-avoise-vainqueurs-en-brut-468831.jpg\"\/><img decoding=\"async\" src=\"https:\/\/www.europesays.com\/fr\/wp-content\/uploads\/2025\/08\/golf-patrice-renaud-avoise-et-motoko-favre-avoise-vainqueurs-en-brut-317838.jpg\"\/><br \/>\n<img decoding=\"async\" src=\"https:\/\/www.europesays.com\/fr\/wp-content\/uploads\/2025\/08\/golf-patrice-renaud-avoise-et-motoko-favre-avoise-vainqueurs-en-brut-53341.jpg\"\/><img decoding=\"async\" src=\"https:\/\/www.europesays.com\/fr\/wp-content\/uploads\/2025\/08\/golf-patrice-renaud-avoise-et-motoko-favre-avoise-vainqueurs-en-brut-112537.jpg\"\/><img decoding=\"async\" src=\"https:\/\/www.europesays.com\/fr\/wp-content\/uploads\/2025\/08\/golf-patrice-renaud-avoise-et-motoko-favre-avoise-vainqueurs-en-brut-195576.jpg\"\/><img decoding=\"async\" src=\"https:\/\/www.europesays.com\/fr\/wp-content\/uploads\/2025\/08\/golf-patrice-renaud-avoise-et-motoko-favre-avoise-vainqueurs-en-brut-238636.jpg\"\/><img decoding=\"async\" src=\"https:\/\/www.europesays.com\/fr\/wp-content\/uploads\/2025\/08\/golf-patrice-renaud-avoise-et-motoko-favre-avoise-vainqueurs-en-brut-238492.jpg\"\/><br \/>\n<img decoding=\"async\" src=\"https:\/\/www.europesays.com\/fr\/wp-content\/uploads\/2025\/08\/golf-patrice-renaud-avoise-et-motoko-favre-avoise-vainqueurs-en-brut-289650.jpg\"\/><img decoding=\"async\" src=\"https:\/\/www.europesays.com\/fr\/wp-content\/uploads\/2025\/08\/golf-patrice-renaud-avoise-et-motoko-favre-avoise-vainqueurs-en-brut-372255.jpg\"\/><img decoding=\"async\" src=\"https:\/\/www.europesays.com\/fr\/wp-content\/uploads\/2025\/08\/golf-patrice-renaud-avoise-et-motoko-favre-avoise-vainqueurs-en-brut-454050.jpg\"\/><\/p>\n","protected":false},"excerpt":{"rendered":"Anne-Marie Collard et Mattys Guetz ont quant \u00e0 eux gagn\u00e9 le net lors de la comp\u00e9tition dimanche au&hellip;\n","protected":false},"author":2,"featured_media":350544,"comment_status":"","ping_status":"","sticky":false,"template":"","format":"standard","meta":{"footnotes":""},"categories":[1418],"tags":[1011,27,1472,60],"class_list":{"0":"post-350543","1":"post","2":"type-post","3":"status-publish","4":"format-standard","5":"has-post-thumbnail","7":"category-golf","8":"tag-fr","9":"tag-france","10":"tag-golf","11":"tag-sports"},"share_on_mastodon":{"url":"https:\/\/pubeurope.com\/@fr\/115108051238308608","error":""},"_links":{"self":[{"href":"https:\/\/www.europesays.com\/fr\/wp-json\/wp\/v2\/posts\/350543","targetHints":{"allow":["GET"]}}],"collection":[{"href":"https:\/\/www.europesays.com\/fr\/wp-json\/wp\/v2\/posts"}],"about":[{"href":"https:\/\/www.europesays.com\/fr\/wp-json\/wp\/v2\/types\/post"}],"author":[{"embeddable":true,"href":"https:\/\/www.europesays.com\/fr\/wp-json\/wp\/v2\/users\/2"}],"replies":[{"embeddable":true,"href":"https:\/\/www.europesays.com\/fr\/wp-json\/wp\/v2\/comments?post=350543"}],"version-history":[{"count":0,"href":"https:\/\/www.europesays.com\/fr\/wp-json\/wp\/v2\/posts\/350543\/revisions"}],"wp:featuredmedia":[{"embeddable":true,"href":"https:\/\/www.europesays.com\/fr\/wp-json\/wp\/v2\/media\/350544"}],"wp:attachment":[{"href":"https:\/\/www.europesays.com\/fr\/wp-json\/wp\/v2\/media?parent=350543"}],"wp:term":[{"taxonomy":"category","embeddable":true,"href":"https:\/\/www.europesays.com\/fr\/wp-json\/wp\/v2\/categories?post=350543"},{"taxonomy":"post_tag","embeddable":true,"href":"https:\/\/www.europesays.com\/fr\/wp-json\/wp\/v2\/tags?post=350543"}],"curies":[{"name":"wp","href":"https:\/\/api.w.org\/{rel}","templated":true}]}}