{"id":350545,"date":"2025-08-28T19:31:11","date_gmt":"2025-08-28T19:31:11","guid":{"rendered":"https:\/\/www.europesays.com\/fr\/350545\/"},"modified":"2025-08-28T19:31:11","modified_gmt":"2025-08-28T19:31:11","slug":"top-14-ubb-inquietudes-autour-de-yoram-moefana-touche-a-lepaule","status":"publish","type":"post","link":"https:\/\/www.europesays.com\/fr\/350545\/","title":{"rendered":"Top 14 \u2013 UBB\u00a0: inqui\u00e9tudes autour de Yoram Moefana, touch\u00e9 \u00e0 l\u2019\u00e9paule"},"content":{"rendered":"<p>\n                Le centre international de l\u2019UBB Yoram Moefana s\u2019est bless\u00e9 \u00e0 l\u2019\u00e9paule droite lors du match de pr\u00e9paration face \u00e0 Montauban, \u00e0 Agen. Les images n\u2019\u00e9taient gu\u00e8re rassurantes.\n            <\/p>\n<p>Aucun entra\u00eeneur n\u2019aime voir un de ses joueurs sortir sur blessure, encore plus lorsqu\u2019il s\u2019agit d\u2019un match amical. Ce jeudi lors du match de pr\u00e9paration face \u00e0 Montauban, Yannick Bru \u00e9tait donc bien amer en apercevant Yoram Moefana au sol, incapable de bouger sur la pelouse d\u2019Armandie. Alors que son \u00e9quipe se baladait face aux Sapiacains et qu\u2019il venait de se mettre en \u00e9vidence avant un essai de Bielle-Biarrey, le centre international\u00a0s\u2019est bless\u00e9 sur un d\u00e9blayage au\u00a0centre du terrain, \u00e0 la demi-heure de jeu. Pris en charge, le natif de Noum\u00e9a\u00a0a montr\u00e9 \u00e0 son banc son \u00e9paule droite, qu\u2019il n\u2019arrivait visiblement pas\u00a0\u00e0 bouger.<\/p>\n<p>Des images qui ne rassurent pas<\/p>\n<p>Les images de sa sortie et de son visage grima\u00e7ant ne rassuraient pas les nombreux supporters bordelo-b\u00e9glais ayant fait le d\u00e9placement. D\u2019ailleurs, plusieurs de ses co\u00e9quipiers ainsi que Yannick Bru ont gliss\u00e9 un mot \u00e0 Moefana au moment de sa sortie. Une \u00e9ventuelle blessure serait bien entendu une tr\u00e8s mauvaise nouvelle \u00e0 une semaine de la reprise du Top 14 et \u00e0 deux mois de la tourn\u00e9e d\u2019automne du XV de France. Pour l\u2019heure, la nature exacte de la blessure du centre n\u2019est pas connue.<\/p>\n","protected":false},"excerpt":{"rendered":"Le centre international de l\u2019UBB Yoram Moefana s\u2019est bless\u00e9 \u00e0 l\u2019\u00e9paule droite lors du match de pr\u00e9paration face&hellip;\n","protected":false},"author":2,"featured_media":350546,"comment_status":"","ping_status":"","sticky":false,"template":"","format":"standard","meta":{"footnotes":""},"categories":[1416],"tags":[1011,27,479,1468,60],"class_list":{"0":"post-350545","1":"post","2":"type-post","3":"status-publish","4":"format-standard","5":"has-post-thumbnail","7":"category-rugby","8":"tag-fr","9":"tag-france","10":"tag-rugby","11":"tag-rugby-football","12":"tag-sports"},"share_on_mastodon":{"url":"","error":""},"_links":{"self":[{"href":"https:\/\/www.europesays.com\/fr\/wp-json\/wp\/v2\/posts\/350545","targetHints":{"allow":["GET"]}}],"collection":[{"href":"https:\/\/www.europesays.com\/fr\/wp-json\/wp\/v2\/posts"}],"about":[{"href":"https:\/\/www.europesays.com\/fr\/wp-json\/wp\/v2\/types\/post"}],"author":[{"embeddable":true,"href":"https:\/\/www.europesays.com\/fr\/wp-json\/wp\/v2\/users\/2"}],"replies":[{"embeddable":true,"href":"https:\/\/www.europesays.com\/fr\/wp-json\/wp\/v2\/comments?post=350545"}],"version-history":[{"count":0,"href":"https:\/\/www.europesays.com\/fr\/wp-json\/wp\/v2\/posts\/350545\/revisions"}],"wp:featuredmedia":[{"embeddable":true,"href":"https:\/\/www.europesays.com\/fr\/wp-json\/wp\/v2\/media\/350546"}],"wp:attachment":[{"href":"https:\/\/www.europesays.com\/fr\/wp-json\/wp\/v2\/media?parent=350545"}],"wp:term":[{"taxonomy":"category","embeddable":true,"href":"https:\/\/www.europesays.com\/fr\/wp-json\/wp\/v2\/categories?post=350545"},{"taxonomy":"post_tag","embeddable":true,"href":"https:\/\/www.europesays.com\/fr\/wp-json\/wp\/v2\/tags?post=350545"}],"curies":[{"name":"wp","href":"https:\/\/api.w.org\/{rel}","templated":true}]}}