{"id":350547,"date":"2025-08-28T19:32:18","date_gmt":"2025-08-28T19:32:18","guid":{"rendered":"https:\/\/www.europesays.com\/fr\/350547\/"},"modified":"2025-08-28T19:32:18","modified_gmt":"2025-08-28T19:32:18","slug":"direct-us-open-2025-sabalenka-alcaraz-shelton-andreeva-paolini-et-mannarino-qualifies-lequipe","status":"publish","type":"post","link":"https:\/\/www.europesays.com\/fr\/350547\/","title":{"rendered":"DIRECT. US Open 2025 : Sabalenka, Alcaraz, Shelton, Andreeva, Paolini et Mannarino qualifi\u00e9s. &#8211; L&#039;\u00c9quipe"},"content":{"rendered":"<ol>\n<li><a href=\"https:\/\/news.google.com\/rss\/articles\/CBMid0FVX3lxTE1lMTc3cHlCWTR0dlhYM0lyaFEwaHZobnpIdS1BaWh6dHVFNFUyYS1mYTdpTGI5SXczaEcxaFhZZlJaNmVfQTJvVjByY3F1amRoQTZJb0tSbmVPZ0Rxa1B6UGRuOHBFckRabnF6WU52UWtaNF9NRWVn?oc=5\" target=\"_blank\" rel=\"nofollow noopener\">DIRECT. US Open 2025 : Sabalenka, Alcaraz, Shelton, Andreeva, Paolini et Mannarino qualifi\u00e9s.<\/a>&nbsp;&nbsp;L&rsquo;\u00c9quipe<\/li>\n<li><a href=\"https:\/\/news.google.com\/rss\/articles\/CBMilwJBVV95cUxOTUlQd0RZY2oyNTBRa1dVTENqLXFPY2R1NWkzTVpRRXloeV9PYU5Bd2g5Ql9vWXRHb1B2Uk51MWtnajEydzgyaVRWcjdnN2NRQnU4TFpnRFdRV2wxaDNWWDk0TS13eUZidGFqQ2dyTEVxbHZFNzBjTWowLXQ2WXFZU0owT2VQU2VkWTlQOWxVdmZjS3VwUW5ZNG1jUG5ObUU1b0UzTHBWbGY2MWdxQzQ3SG1XdzI5d1BENnVHNWRUMzRSVnlGMlB3UTRyMzV5M3J2dUpFdzFYMzdXNzNiZGhRUDJfUXVQNmFuSjVGRHdkTEZNWVl6NUY0QWNFakZCLV9vQXc3Wk03NHBvNTB3bE12LVFIV01oRGM?oc=5\" target=\"_blank\" rel=\"nofollow noopener\">Djokovic, un record mais pas le \u00ab\u00a0smile\u00a0\u00bb : \u00ab\u00a0Je ne suis pas content de mon niveau\u00a0\u00bb<\/a>&nbsp;&nbsp;Eurosport<\/li>\n<li><a href=\"https:\/\/news.google.com\/rss\/articles\/CBMi7gFBVV95cUxOWnl0Q19UTVk1cmJyVWJOazh6VU13MmNvNXRMRWRlN3ZnQnhBTGZrT3B4NWtidWE3bHFGVDJwRmVJOUZwSW44TTBDd0VEbUpwQlBKNDRSbDVXbmxJVXBYaFdWMmhEWWFhVDEyZDFJMHhUNlU5Qld4dTMzdFN5UXpKTHZmbjEzcWw4TThiRHJSZmx4ZUViY2wtRmQwRl9EbTU3SFFUWVFUQXJWVnc4THRyRzFGbDAzdEVWdlprVU5neGt2Mi1Lek9UMzZxcFNhVXdGUVZvTGJ4VXFDTUxsWlRqZVhjRnJ3WjlqWGJXWDF3?oc=5\" target=\"_blank\" rel=\"nofollow noopener\">Novak Djokovic se d\u00e9rouille lentement mais s\u00fbrement \u00e0 l&rsquo;US Open : \u00ab J&rsquo;ai encore envie de me frotter aux plus jeunes \u00bb<\/a>&nbsp;&nbsp;L&rsquo;\u00c9quipe<\/li>\n<li><a href=\"https:\/\/news.google.com\/rss\/articles\/CBMiwAFBVV95cUxQMkFlT0RDb2NQVDhEYjRjdVJMV21SZElJMnJUYTdvdzJRUURRLW9TbHVycndzazhaMDJ3UUs2YWtLaFJFai1rM0hJWGc3RWs4YUUtcTA4bjlIbEtra0c4eHRoSWh3d1RPai1OMEI0NXlBMHNBcE45N0pNWU9rYi1xSVdMcWxWSWNIZmNqMDJlR1M4TTgxUldPU0dzWjFFRHFxcXdhalJrcGdpRmdxZXQ5UW1ieXAtNThLdGFiQmpROTk?oc=5\" target=\"_blank\" rel=\"nofollow noopener\">US Open : accroch\u00e9 par Svajda, Djokovic qualifi\u00e9 pour le troisi\u00e8me tour<\/a>&nbsp;&nbsp;Le Figaro<\/li>\n<li><a href=\"https:\/\/news.google.com\/rss\/articles\/CBMiogFBVV95cUxPRUJSLTFzZFRDQzBlSnQ3ak5aMzR5dVlvYzVZMzJDZkpkd0lDY19XNkZON1E2VHA4UmFtUE5rUU52V09RUTBveGMtb2ROenAzS0FneEg1VGUzR3NnTUJEWGF0SGlXU3Njb3JLWkJDNHFrWWVBVFRsbGo2U05tWXNROXhaUVNvX2w1MXNoTEc5bXdiYlFuenBPaE5sMEtZRkVmRkE?oc=5\" target=\"_blank\" rel=\"nofollow noopener\">US Open: Djokovic bouscul\u00e9, Draper forfait, Ruud \u00e9limin\u00e9<\/a>&nbsp;&nbsp;tv5monde<\/li>\n<\/ol>\n","protected":false},"excerpt":{"rendered":"DIRECT. US Open 2025 : Sabalenka, Alcaraz, Shelton, Andreeva, Paolini et Mannarino qualifi\u00e9s.&nbsp;&nbsp;L&rsquo;\u00c9quipe Djokovic, un record mais pas&hellip;\n","protected":false},"author":2,"featured_media":350548,"comment_status":"","ping_status":"","sticky":false,"template":"","format":"standard","meta":{"footnotes":""},"categories":[1415],"tags":[1011,27,60,1467],"class_list":{"0":"post-350547","1":"post","2":"type-post","3":"status-publish","4":"format-standard","5":"has-post-thumbnail","7":"category-tennis","8":"tag-fr","9":"tag-france","10":"tag-sports","11":"tag-tennis"},"share_on_mastodon":{"url":"https:\/\/pubeurope.com\/@fr\/115108062363543359","error":""},"_links":{"self":[{"href":"https:\/\/www.europesays.com\/fr\/wp-json\/wp\/v2\/posts\/350547","targetHints":{"allow":["GET"]}}],"collection":[{"href":"https:\/\/www.europesays.com\/fr\/wp-json\/wp\/v2\/posts"}],"about":[{"href":"https:\/\/www.europesays.com\/fr\/wp-json\/wp\/v2\/types\/post"}],"author":[{"embeddable":true,"href":"https:\/\/www.europesays.com\/fr\/wp-json\/wp\/v2\/users\/2"}],"replies":[{"embeddable":true,"href":"https:\/\/www.europesays.com\/fr\/wp-json\/wp\/v2\/comments?post=350547"}],"version-history":[{"count":0,"href":"https:\/\/www.europesays.com\/fr\/wp-json\/wp\/v2\/posts\/350547\/revisions"}],"wp:featuredmedia":[{"embeddable":true,"href":"https:\/\/www.europesays.com\/fr\/wp-json\/wp\/v2\/media\/350548"}],"wp:attachment":[{"href":"https:\/\/www.europesays.com\/fr\/wp-json\/wp\/v2\/media?parent=350547"}],"wp:term":[{"taxonomy":"category","embeddable":true,"href":"https:\/\/www.europesays.com\/fr\/wp-json\/wp\/v2\/categories?post=350547"},{"taxonomy":"post_tag","embeddable":true,"href":"https:\/\/www.europesays.com\/fr\/wp-json\/wp\/v2\/tags?post=350547"}],"curies":[{"name":"wp","href":"https:\/\/api.w.org\/{rel}","templated":true}]}}